{"id":100037,"date":"2024-02-28T10:30:39","date_gmt":"2024-02-28T09:30:39","guid":{"rendered":"https:\/\/www.mojevrijeme.hr\/magazin\/?p=100037"},"modified":"2024-02-28T10:32:49","modified_gmt":"2024-02-28T09:32:49","slug":"umirovljenici-se-mogu-preseliti-u-drugu-clanicu-europske-unije-ovo-su-uvjeti","status":"publish","type":"post","link":"https:\/\/www.mojevrijeme.hr\/magazin\/2024\/02\/umirovljenici-se-mogu-preseliti-u-drugu-clanicu-europske-unije-ovo-su-uvjeti\/","title":{"rendered":"Umirovljenici se mogu preseliti u drugu \u010dlanicu EU, ovo su uvjeti"},"content":{"rendered":"\n<p>Val iseljavanja mladih potaknuo je i neke od njihovih roditelja da \u017eivot premjeste bli\u017ee djeci. Tako nam je pisao \u010ditatelj iz Slavonskog Broda koji razmi\u0161lja o preseljenju, ali ga mu\u010de brojne nedoumice. <\/p>\n\n\n\n<p>&#8220;Sin i k\u0107i \u017eive u Nizozemskoj i ne misle se vra\u0107ati u Hrvatsku. Ja sam ostao u Hrvatskoj, ali ovdje vi\u0161e nemam obitelji i ni\u0161ta me ne dr\u017ei. Mogu li se ja preseliti k njima u Nizozemsku za stalno bez straha da \u0107e me jednog dana potjerati natrag u Hrvatsku budu\u0107i da sam umirovljenik, a ne radnik?&#8221; pita na\u0161 \u010ditatelj. Donosimo uop\u0107eni odgovor koji va\u017ei za sve dr\u017eavljane Hrvatske koji se kane preseliti u neku od \u010dlanica Europske unije (EU).<\/p>\n\n\n\n<p>Na\u0161 \u010ditatelj kao dr\u017eavljanin Hrvatske, dr\u017eave \u010dlanice EU-a ima pravo \u017eivjeti u bilo kojoj&nbsp;zemlji EU-a&nbsp;ako ima sveobuhvatno&nbsp;zdravstveno osiguranje&nbsp;u zemlji doma\u0107inu i dovoljne&nbsp;prihode&nbsp;da \u017eivi bez potpore dohotku. Taj prihod mo\u017ee biti mirovina ili bilo koji drugi izvor prihoda. <\/p><div id=\"mojev-1408060110\" class=\"mojev-u-tekstu mojev-entity-placement\" style=\"margin-left: auto;margin-right: auto;text-align: center;\"><div class=\"mojev-adlabel\">oglas<\/div><div style=\"height: 250px;\"><script async src=\"https:\/\/pagead2.googlesyndication.com\/pagead\/js\/adsbygoogle.js?client=ca-pub-8106111766207173\"\r\n     crossorigin=\"anonymous\"><\/script>\r\n<!-- Prikazni 1 u tekstu -->\r\n<ins class=\"adsbygoogle\"\r\n     style=\"display:block\"\r\n     data-ad-client=\"ca-pub-8106111766207173\"\r\n     data-ad-slot=\"8535551207\"\r\n     data-ad-format=\"auto\"\r\n     data-full-width-responsive=\"true\"><\/ins>\r\n<script>\r\n     (adsbygoogle = window.adsbygoogle || []).push({});\r\n<\/script><\/div><\/div><br style=\"clear: both; display: block; float: none;\"\/>\n\n\n\n<p>Tijekom&nbsp;prva tri mjeseca&nbsp;boravka u novoj zemlji kao dr\u017eavljanin dr\u017eave \u010dlanice EU-a nije obavezan zatra\u017eiti boravi\u0161nu ispravu kojom se potvr\u0111uje pravo na \u017eivot u toj \u010dlanici, iako neke \u010dlanice tra\u017ee da se boravak prijavi odmah po dolasku. <\/p>\n\n\n\n<h3 class=\"wp-block-heading\">Mora li dobiti dozvolu boravka?<\/h3>\n\n\n\n<p>Nakon tri mjeseca&nbsp;u novoj zemlji&nbsp;mo\u017eda \u0107e morati&nbsp;prijaviti boravak&nbsp;pri nadle\u017enom tijelu (obi\u010dno je to gradska vije\u0107nica ili lokalna policijska postaja) te dobiti potvrdu o prijavi. Za to mu je nu\u017ena va\u017ee\u0107a osobna iskaznica ili putovnica te dokaz o cjelovitom zdravstvenom osiguranju i dokaz da ima izvor prihoda (mirovina ili ne\u0161to drugo) za vlastito uzdr\u017eavanje bez potrebe za dodatnim potporama tom dohotku.<\/p>\n\n\n\n<h3 class=\"wp-block-heading\">Mo\u017ee li biti protjeran?<\/h3>\n\n\n\n<p>Iako su stupovi Europske unije slobode kretanja i rada, one nisu neograni\u010dene i dr\u017eave \u010dlanice mogu se za\u0161titi od zloporabe tih sloboda. Ako osoba koja je do\u0161la boraviti u nekoj \u010dlanici vi\u0161e ne ispunjava uvjete za taj boravak, dr\u017eava je mo\u017ee zatra\u017eiti da napusti njen teritorij. <\/p>\n\n\n\n<p>U iznimnim slu\u010dajevima zemlja doma\u0107in&nbsp;mo\u017ee i deportirati osobu koja boravi na njenom teritoriju, ali tada mora dokazati da ta osoba predstavlja ugrozu javnog poretka ili javne sigurnosti. Odluka o deportaciji ili zahtjev za napu\u0161tanje zemlje mora se dostaviti u pisanom obliku. U odluci ili zahtjevu moraju biti navedeni svi razlozi za deportaciju te na\u010din na koji se mo\u017ee podnijeti \u017ealba i rok u kojem se mo\u017ee podnijeti \u017ealba.<\/p>\n\n\n\n<h3 class=\"wp-block-heading\">Ima li pravo na trajni boravak?<\/h3>\n\n\n\n<p>Nakon pet godina besprekidnog zakonitog boravka u drugoj dr\u017eavi \u010dlanici, na\u0161 \u010ditatelj ima pravo na stalni boravak, \u0161to pak zna\u010di da u toj dr\u017eavi \u010dlanici mo\u017ee ostati koliko god dugo \u017eeli. <\/p>\n\n\n\n<p>Tijekom tih pet kvalifikacijskih godina smije napu\u0161tati zemlju boravka, ali ne du\u017ee od \u0161est mjeseci godi\u0161nje. Smije izbivati i zbog vojne slu\u017ebe, \u0161to u slu\u010daju umirovljenika i umirovljenica nije za o\u010dekivati. Tako\u0111er, mo\u017ee izbivati i 12 mjeseci uzastopce u slu\u010daju te\u0161ke bolesti, obrazovanja ili upu\u0107ivanja na rad u neku drugu zemlju. Trudno\u0107a i porod su tako\u0111er legitimni razlozi za jednogodi\u0161nje izbivanje, no te\u0161ko ostvarivi u slu\u010daju umirovljenika. <\/p>\n\n\n\n<p>Kada nakon tih pet prvih godina na\u0161 \u010ditatelj dobije pravo na stalni boravak, to pravo mo\u017ee izgubiti ako \u017eivi izvan zemlje dulje od dvije godine zaredom.<\/p>\n<div id=\"mojev-2402583601\" class=\"mojev-kraj-teksta mojev-entity-placement\" style=\"margin-bottom: 20px;margin-left: auto;margin-right: auto;text-align: center;\"><div class=\"mojev-adlabel\">oglas<\/div><div style=\"height: 250px;\"><script async src=\"https:\/\/pagead2.googlesyndication.com\/pagead\/js\/adsbygoogle.js?client=ca-pub-8106111766207173\"\r\n     crossorigin=\"anonymous\"><\/script>\r\n<!-- Display-1 -->\r\n<ins class=\"adsbygoogle\"\r\n     style=\"display:block\"\r\n     data-ad-client=\"ca-pub-8106111766207173\"\r\n     data-ad-slot=\"1465712950\"\r\n     data-ad-format=\"auto\"\r\n     data-full-width-responsive=\"true\"><\/ins>\r\n<script>\r\n     (adsbygoogle = window.adsbygoogle || []).push({});\r\n<\/script><\/div><\/div>","protected":false},"excerpt":{"rendered":"<p>Dr\u017eavljanin Hrvatske mo\u017ee se trajno preseliti u zemlju Europske unije no za to ipak treba ispuniti niz uvjeta. <\/p>\n","protected":false},"author":1,"featured_media":100057,"comment_status":"closed","ping_status":"closed","sticky":false,"template":"","format":"standard","meta":{"footnotes":""},"categories":[9],"tags":[574,211],"class_list":["post-100037","post","type-post","status-publish","format-standard","has-post-thumbnail","hentry","category-vijesti","tag-europska-unija","tag-iseljenici"],"_links":{"self":[{"href":"https:\/\/www.mojevrijeme.hr\/magazin\/wp-json\/wp\/v2\/posts\/100037","targetHints":{"allow":["GET"]}}],"collection":[{"href":"https:\/\/www.mojevrijeme.hr\/magazin\/wp-json\/wp\/v2\/posts"}],"about":[{"href":"https:\/\/www.mojevrijeme.hr\/magazin\/wp-json\/wp\/v2\/types\/post"}],"author":[{"embeddable":true,"href":"https:\/\/www.mojevrijeme.hr\/magazin\/wp-json\/wp\/v2\/users\/1"}],"replies":[{"embeddable":true,"href":"https:\/\/www.mojevrijeme.hr\/magazin\/wp-json\/wp\/v2\/comments?post=100037"}],"version-history":[{"count":0,"href":"https:\/\/www.mojevrijeme.hr\/magazin\/wp-json\/wp\/v2\/posts\/100037\/revisions"}],"wp:featuredmedia":[{"embeddable":true,"href":"https:\/\/www.mojevrijeme.hr\/magazin\/wp-json\/wp\/v2\/media\/100057"}],"wp:attachment":[{"href":"https:\/\/www.mojevrijeme.hr\/magazin\/wp-json\/wp\/v2\/media?parent=100037"}],"wp:term":[{"taxonomy":"category","embeddable":true,"href":"https:\/\/www.mojevrijeme.hr\/magazin\/wp-json\/wp\/v2\/categories?post=100037"},{"taxonomy":"post_tag","embeddable":true,"href":"https:\/\/www.mojevrijeme.hr\/magazin\/wp-json\/wp\/v2\/tags?post=100037"}],"curies":[{"name":"wp","href":"https:\/\/api.w.org\/{rel}","templated":true}]}}