{"id":100102,"date":"2024-02-29T15:54:27","date_gmt":"2024-02-29T14:54:27","guid":{"rendered":"https:\/\/www.mojevrijeme.hr\/magazin\/?p=100102"},"modified":"2024-02-29T15:54:31","modified_gmt":"2024-02-29T14:54:31","slug":"baby-lasagna-je-osvojio-i-bake-imaju-savjet-nek-se-zeni-sto-prije","status":"publish","type":"post","link":"https:\/\/www.mojevrijeme.hr\/magazin\/2024\/02\/baby-lasagna-je-osvojio-i-bake-imaju-savjet-nek-se-zeni-sto-prije\/","title":{"rendered":"Baby Lasagna je osvojio i bake, imaju savjet: &#8216;Nek&#8217; se \u017eeni \u0161to prije!&#8217;"},"content":{"rendered":"\n<p>Iako je ve\u0107 nekoliko dana pro\u0161lo od finalne ve\u010deri Dore, dru\u0161tvene mre\u017ee ne posustaju kada je o komentiranju ovogodi\u0161njeg pobjednika rije\u010d. \u010cini se da je Marko Puri\u0161i\u0107 (28), poznatiji kao <strong>Baby Lasagna<\/strong>, osvojio srca mladih djevojaka, ali i baka. <\/p>\n\n\n\n<p>&#8220;Divan de\u010dko. Jako skroman. Svaka bi ga baka htjela za unuka&#8221;, pi\u0161e nam tako gospo\u0111a <strong>Jadranka<\/strong> navode\u0107i da &#8220;mladi imaju svoju muziku&#8221; te da nije nu\u017eno da ih stariji razumiju. &#8220;Mi smo slu\u0161ale Elvisa a to je na\u0161im mamama bilo \u0161kandalozno. Moja mama je preko koljena lomila Elvisove singlice i bacala ih u sme\u0107e&#8221;, obja\u0161njava. &#8220;Bolje ne mo\u017ee&#8221;, dodaje <strong>Jasminka<\/strong>.<\/p>\n\n\n\n<p>&#8220;Genijalna izvedba, koreografija na visokom nivou i sve pohvale i \u010destitke ovom skromnom mladom de\u010dku koji \u0107e nas odvesti u \u0160vedsku. Sretno i vjerujem u visoki plasman&#8221;, dodaje gospo\u0111a <strong>Lidija<\/strong>. No nisu sve bake i mame sretne s onim \u0161to su vidjele. &#8220;Pjesma je odli\u010dna, ali scenski nastup mi je malo morbidan. Sretno!&#8221; poru\u010duje <strong>Marina<\/strong>. <\/p><div id=\"mojev-666823231\" class=\"mojev-u-tekstu mojev-entity-placement\" style=\"margin-left: auto;margin-right: auto;text-align: center;\"><div class=\"mojev-adlabel\">oglas<\/div><div style=\"height: 250px;\"><script async src=\"https:\/\/pagead2.googlesyndication.com\/pagead\/js\/adsbygoogle.js?client=ca-pub-8106111766207173\"\r\n     crossorigin=\"anonymous\"><\/script>\r\n<!-- Prikazni 1 u tekstu -->\r\n<ins class=\"adsbygoogle\"\r\n     style=\"display:block\"\r\n     data-ad-client=\"ca-pub-8106111766207173\"\r\n     data-ad-slot=\"8535551207\"\r\n     data-ad-format=\"auto\"\r\n     data-full-width-responsive=\"true\"><\/ins>\r\n<script>\r\n     (adsbygoogle = window.adsbygoogle || []).push({});\r\n<\/script><\/div><\/div><br style=\"clear: both; display: block; float: none;\"\/>\n\n\n\n<p>Kako se jo\u0161 nije rodio onaj koji bi svima ugodio, javile su nam se i \u010ditateljice kojima Lasagnin &#8220;Rim Tim Tagi Dim&#8221; nije melem za u\u0161esa. &#8220;Mi smo Balkanci i to nije za Europu, iako vi\u0161e ne znam ni sama \u0161to je lijepo a \u0161to nije. Pjevno nije, ali scenski je. Ma ja sam ostarjela pa nije ni \u010dudo&#8221;, dome\u0107e na\u0161a \u010ditateljica <strong>Olga<\/strong>. Njena vr\u0161njakinja <strong>Katarina<\/strong> udara kontru: &#8220;Muzika super, ali oni svi kao lu\u0111aci, psihijatrija.&#8221;<\/p>\n\n\n\n<p>&#8220;De\u010dko je mo\u017eda dobar u du\u0161i, ali nije ga lijepo za slu\u0161at&#8221;, komentira na\u0161 \u010ditatelj <strong>Lavoslav<\/strong> dodaju\u0107i da bi se za &#8220;Evroviziju&#8221; Baby Lasagna trebao &#8220;sve\u010danije odjenuti&#8221; i &#8220;manje skakati po bini&#8221;. <\/p>\n\n\n\n<p>&#8220;Jako me odu\u0161evilo kad je plakao kad se zahvalio familiji. Najva\u017eniji su mu Bog i familija. Mladi \u010dovjek koji bez zadr\u0161ke i straha pri\u010da o tim vrijednostima ne mo\u017ee biti lo\u0161. Moju podr\u0161ku ima i nadam se da se ne\u0107e pokvariti. Nek&#8217; se kloni droge i nek&#8217; se o\u017eeni \u0161to prije da mu popularnost ne udari u glavu i da mu \u017eivot ne pro\u0111e samo tako&#8221;, komentira nam dvostruka baka <strong>Milena<\/strong>. <\/p>\n\n\n\n<p>Iz svega ovoga mo\u017eemo zaklju\u010diti da velik dio umirovljenika mo\u017eda ne razumije Lasagninu glazbu, ali nije imun na njegov mladena\u010dki \u0161arm i energiju. Stoga su, unato\u010d razlikama u glazbenim preferencijama, spremni pru\u017eiti podr\u0161ku mladom umjetniku, prvenstveno zbog poruka skromnosti i pristupa\u010dnosti koje je odaslao nakon pobjede.<\/p>\n<div id=\"mojev-4194827565\" class=\"mojev-kraj-teksta mojev-entity-placement\" style=\"margin-bottom: 20px;margin-left: auto;margin-right: auto;text-align: center;\"><div class=\"mojev-adlabel\">oglas<\/div><div style=\"height: 250px;\"><script async src=\"https:\/\/pagead2.googlesyndication.com\/pagead\/js\/adsbygoogle.js?client=ca-pub-8106111766207173\"\r\n     crossorigin=\"anonymous\"><\/script>\r\n<!-- Display-1 -->\r\n<ins class=\"adsbygoogle\"\r\n     style=\"display:block\"\r\n     data-ad-client=\"ca-pub-8106111766207173\"\r\n     data-ad-slot=\"1465712950\"\r\n     data-ad-format=\"auto\"\r\n     data-full-width-responsive=\"true\"><\/ins>\r\n<script>\r\n     (adsbygoogle = window.adsbygoogle || []).push({});\r\n<\/script><\/div><\/div>","protected":false},"excerpt":{"rendered":"<p>Iako, uglavnom, nisu poklonice njegove glazbe, starije gospo\u0111e ne kriju odu\u0161evljenje Baby Lasagnom. Lo\u0161ih komentara na pobjednika Dore gotovo da i nema.<\/p>\n","protected":false},"author":1,"featured_media":100109,"comment_status":"closed","ping_status":"closed","sticky":false,"template":"","format":"standard","meta":{"footnotes":""},"categories":[84],"tags":[3920,327,2266],"class_list":["post-100102","post","type-post","status-publish","format-standard","has-post-thumbnail","hentry","category-show","tag-baby-lasagna","tag-eurosong","tag-glazbenici"],"_links":{"self":[{"href":"https:\/\/www.mojevrijeme.hr\/magazin\/wp-json\/wp\/v2\/posts\/100102","targetHints":{"allow":["GET"]}}],"collection":[{"href":"https:\/\/www.mojevrijeme.hr\/magazin\/wp-json\/wp\/v2\/posts"}],"about":[{"href":"https:\/\/www.mojevrijeme.hr\/magazin\/wp-json\/wp\/v2\/types\/post"}],"author":[{"embeddable":true,"href":"https:\/\/www.mojevrijeme.hr\/magazin\/wp-json\/wp\/v2\/users\/1"}],"replies":[{"embeddable":true,"href":"https:\/\/www.mojevrijeme.hr\/magazin\/wp-json\/wp\/v2\/comments?post=100102"}],"version-history":[{"count":0,"href":"https:\/\/www.mojevrijeme.hr\/magazin\/wp-json\/wp\/v2\/posts\/100102\/revisions"}],"wp:featuredmedia":[{"embeddable":true,"href":"https:\/\/www.mojevrijeme.hr\/magazin\/wp-json\/wp\/v2\/media\/100109"}],"wp:attachment":[{"href":"https:\/\/www.mojevrijeme.hr\/magazin\/wp-json\/wp\/v2\/media?parent=100102"}],"wp:term":[{"taxonomy":"category","embeddable":true,"href":"https:\/\/www.mojevrijeme.hr\/magazin\/wp-json\/wp\/v2\/categories?post=100102"},{"taxonomy":"post_tag","embeddable":true,"href":"https:\/\/www.mojevrijeme.hr\/magazin\/wp-json\/wp\/v2\/tags?post=100102"}],"curies":[{"name":"wp","href":"https:\/\/api.w.org\/{rel}","templated":true}]}}