{"id":100621,"date":"2024-03-05T16:34:24","date_gmt":"2024-03-05T15:34:24","guid":{"rendered":"https:\/\/www.mojevrijeme.hr\/magazin\/?p=100621"},"modified":"2024-03-06T08:52:05","modified_gmt":"2024-03-06T07:52:05","slug":"pali-facebook-i-instagram-zasto-ne-rade","status":"publish","type":"post","link":"https:\/\/www.mojevrijeme.hr\/magazin\/2024\/03\/pali-facebook-i-instagram-zasto-ne-rade\/","title":{"rendered":"Pali Facebook i Instagram, za\u0161to ne rade?"},"content":{"rendered":"\n<p class=\"has-vivid-red-color has-text-color has-link-color wp-elements-8ca321ba6d9cc81586545d531f281844\"><em>(17:30) Korisnici diljem svijeta, uklju\u010duju\u0107i i Hrvatsku, javljaju da su se ulogirali u svoj Facebook ra\u010dun. Iako se jo\u0161 uvijek ne uspijevamo pokrenuti Instagram feed, neki izvori javljaju da je po\u010deo oporavak i ove dru\u0161tvene mre\u017ee. <\/em><\/p>\n\n\n\n<p class=\"has-vivid-red-color has-text-color has-link-color wp-elements-2369f35544a62193dc7e6ae7153b74be\"><em>\u201cSvjesni smo da ljudi imaju problema s pristupom na\u0161im uslugama. Radimo na tome&#8221;, napisao je glasnogovornik Mete <strong>Andy Stone<\/strong> u objavi na dru\u0161tvenoj mre\u017ei X (Twitter) Hashtagovi #facebookdown #instagramdown sve su popularniji, a dionice Mete pale su za vi\u0161e od 1 posto.<\/em><\/p>\n\n\n\n<p>Korisnici diljem svijeta prijavljuju da su iza 16:00 pali Facebook, Messenger i Instagram. Slu\u017ebenog obja\u0161njenja iz Mete jo\u0161 nema, no tisu\u0107e poruka na Twiteru pokazuju da su brojni korisnici jednostavno obavije\u0161teni da im je istekla sesija te da se moraju iznova prijaviti na ove mre\u017ee.<\/p><div id=\"mojev-2714531571\" class=\"mojev-u-tekstu mojev-entity-placement\" style=\"margin-left: auto;margin-right: auto;text-align: center;\"><div class=\"mojev-adlabel\">oglas<\/div><div style=\"height: 250px;\"><script async src=\"https:\/\/pagead2.googlesyndication.com\/pagead\/js\/adsbygoogle.js?client=ca-pub-8106111766207173\"\r\n     crossorigin=\"anonymous\"><\/script>\r\n<!-- Prikazni 1 u tekstu -->\r\n<ins class=\"adsbygoogle\"\r\n     style=\"display:block\"\r\n     data-ad-client=\"ca-pub-8106111766207173\"\r\n     data-ad-slot=\"8535551207\"\r\n     data-ad-format=\"auto\"\r\n     data-full-width-responsive=\"true\"><\/ins>\r\n<script>\r\n     (adsbygoogle = window.adsbygoogle || []).push({});\r\n<\/script><\/div><\/div><br style=\"clear: both; display: block; float: none;\"\/>\n\n\n\n<p>No tek kad se poku\u0161aju ponovno prijaviti, postaje jasno da su ove dru\u0161tvene mre\u017ee do\u017eivjele kvar. Naime, nakon unosa korisni\u010dkog imena i lozinke, Facebook daje informaciju da lozinka nije to\u010dna te upu\u0107uje na neki od dostupnih na\u010dina obnavljanja lozinke. Korisnici Instagrama \u017eale se da im je <em>feed <\/em>nedostupan te da aplikacija javlja gre\u0161ku.<\/p>\n\n\n\n<p>Na stranici <em>downdetector.com<\/em> trenutno je gotovo 300.000 prijava da je Facebook izvan funkcije. Prijave su do sada do\u0161le iz 50 dr\u017eava, uklju\u010duju\u0107i Hrvatsku. Iz toga je jasno da je ovo jedan od najve\u0107ih padova Metinih perjanica u posljednjih nekoliko godina. Naime, Facebook ima dvije milijarde aktivnih korisnika dnevno, a Instagram oko 500 milijuna.<\/p>\n\n\n\n<p>Uznemirenim korisnicima se pak savjetuje strpljenje te da ne poku\u0161avaju mijenjati pristupne podatke, budu\u0107i da IT stru\u010dnjaci procjenjuju da nema sigurnosne prijetnje te da se radi o isklju\u010divo tehni\u010dkom problemu.<\/p>\n\n\n\n<p>&#8220;Jeste li i vi poludjeli kad ste pomislili da ste hakirani?&#8221; napisao je jedan korisnik Twittera dok drugi savjetuje: &#8220;Bez panike, sada kona\u010dno mo\u017eete uzeti knjigu i \u010ditati.&#8221; Na tisu\u0107e dosjetki ispisano je kako su se mnogi ulogirali na Twitter samo da bi provjerili za\u0161to Facebook ne radi.<\/p>\n\n\n\n<p>Vrlo je rijetko da Metine aplikacije imaju probleme globalnih razmjera i za vjerovati je da \u0107e se kvar popraviti u najkra\u0107em mogu\u0107em roku. Aplikacija WhatsApp, koja je tako\u0111er u portfelju korporacije Meta, \u010dini se, nije pogo\u0111ena ovim doga\u0111anjima.<\/p>\n<div id=\"mojev-1122150497\" class=\"mojev-kraj-teksta mojev-entity-placement\" style=\"margin-bottom: 20px;margin-left: auto;margin-right: auto;text-align: center;\"><div class=\"mojev-adlabel\">oglas<\/div><div style=\"height: 250px;\"><script async src=\"https:\/\/pagead2.googlesyndication.com\/pagead\/js\/adsbygoogle.js?client=ca-pub-8106111766207173\"\r\n     crossorigin=\"anonymous\"><\/script>\r\n<!-- Display-1 -->\r\n<ins class=\"adsbygoogle\"\r\n     style=\"display:block\"\r\n     data-ad-client=\"ca-pub-8106111766207173\"\r\n     data-ad-slot=\"1465712950\"\r\n     data-ad-format=\"auto\"\r\n     data-full-width-responsive=\"true\"><\/ins>\r\n<script>\r\n     (adsbygoogle = window.adsbygoogle || []).push({});\r\n<\/script><\/div><\/div>","protected":false},"excerpt":{"rendered":"<p>Na stranici downdetector.com korisnici diljem svijeta prijavljuju da najpopularnije dru\u0161tvene mre\u017ee ne rade.<\/p>\n","protected":false},"author":1,"featured_media":52032,"comment_status":"closed","ping_status":"closed","sticky":false,"template":"","format":"standard","meta":{"footnotes":""},"categories":[9],"tags":[453,498,1104,126],"class_list":["post-100621","post","type-post","status-publish","format-standard","has-post-thumbnail","hentry","category-vijesti","tag-drustvene-mreze","tag-facebook","tag-instagram","tag-tehnologija"],"_links":{"self":[{"href":"https:\/\/www.mojevrijeme.hr\/magazin\/wp-json\/wp\/v2\/posts\/100621","targetHints":{"allow":["GET"]}}],"collection":[{"href":"https:\/\/www.mojevrijeme.hr\/magazin\/wp-json\/wp\/v2\/posts"}],"about":[{"href":"https:\/\/www.mojevrijeme.hr\/magazin\/wp-json\/wp\/v2\/types\/post"}],"author":[{"embeddable":true,"href":"https:\/\/www.mojevrijeme.hr\/magazin\/wp-json\/wp\/v2\/users\/1"}],"replies":[{"embeddable":true,"href":"https:\/\/www.mojevrijeme.hr\/magazin\/wp-json\/wp\/v2\/comments?post=100621"}],"version-history":[{"count":0,"href":"https:\/\/www.mojevrijeme.hr\/magazin\/wp-json\/wp\/v2\/posts\/100621\/revisions"}],"wp:featuredmedia":[{"embeddable":true,"href":"https:\/\/www.mojevrijeme.hr\/magazin\/wp-json\/wp\/v2\/media\/52032"}],"wp:attachment":[{"href":"https:\/\/www.mojevrijeme.hr\/magazin\/wp-json\/wp\/v2\/media?parent=100621"}],"wp:term":[{"taxonomy":"category","embeddable":true,"href":"https:\/\/www.mojevrijeme.hr\/magazin\/wp-json\/wp\/v2\/categories?post=100621"},{"taxonomy":"post_tag","embeddable":true,"href":"https:\/\/www.mojevrijeme.hr\/magazin\/wp-json\/wp\/v2\/tags?post=100621"}],"curies":[{"name":"wp","href":"https:\/\/api.w.org\/{rel}","templated":true}]}}