{"id":101050,"date":"2024-03-10T11:19:27","date_gmt":"2024-03-10T10:19:27","guid":{"rendered":"https:\/\/www.mojevrijeme.hr\/magazin\/?p=101050"},"modified":"2024-03-10T11:20:22","modified_gmt":"2024-03-10T10:20:22","slug":"umirovljenik-napao-zenu-nakon-sto-joj-je-ostetio-vozilo","status":"publish","type":"post","link":"https:\/\/www.mojevrijeme.hr\/magazin\/2024\/03\/umirovljenik-napao-zenu-nakon-sto-joj-je-ostetio-vozilo\/","title":{"rendered":"Umirovljenik napao \u017eenu, nakon \u0161to joj je o\u0161tetio vozilo"},"content":{"rendered":"\n<p>Rije\u010dka policija provela je istragu nad umirovljenikom koji nije mogao obuzdati agresivne impulse  pa je, nakon \u0161to joj je o\u0161tetio vozilo, nasrnuo na \u017eenu staru 43 godine. <\/p>\n\n\n\n<p>Naime, u slu\u017ebenom priop\u0107enju pi\u0161e da je 29. velja\u010de u popodnevnim satima na podru\u010dju \u010cavla 76-godi\u0161njak je prilikom otvaranja vrata svog vozila o\u0161tetio vozilo u vlasni\u0161tvu 43-godi\u0161nje hrvatske dr\u017eavljanke. <\/p>\n\n\n\n<p>O\u0161te\u0107ena ga je opomenula i prigovorila mu, a osumnji\u010denik ju je fizi\u010dki napao te se udaljio s mjesta doga\u0111aja. Umirovljenik je prekr\u0161ajno sankcioniran temeljem \u010dlanka 13. Zakona o prekr\u0161ajima protiv javnog reda i mira.<\/p><div id=\"mojev-3854561837\" class=\"mojev-u-tekstu mojev-entity-placement\" style=\"margin-left: auto;margin-right: auto;text-align: center;\"><div class=\"mojev-adlabel\">oglas<\/div><div style=\"height: 250px;\"><script async src=\"https:\/\/pagead2.googlesyndication.com\/pagead\/js\/adsbygoogle.js?client=ca-pub-8106111766207173\"\r\n     crossorigin=\"anonymous\"><\/script>\r\n<!-- Prikazni 1 u tekstu -->\r\n<ins class=\"adsbygoogle\"\r\n     style=\"display:block\"\r\n     data-ad-client=\"ca-pub-8106111766207173\"\r\n     data-ad-slot=\"8535551207\"\r\n     data-ad-format=\"auto\"\r\n     data-full-width-responsive=\"true\"><\/ins>\r\n<script>\r\n     (adsbygoogle = window.adsbygoogle || []).push({});\r\n<\/script><\/div><\/div><br style=\"clear: both; display: block; float: none;\"\/>\n\n\n\n<h3 class=\"wp-block-heading\">\u0160to ka\u017ee \u010dlanak 13. Zakona o prekr\u0161ajima protiv javnog reda i mira?<\/h3>\n\n\n\n<p>Tko se na javnom mjestu tu\u010de, sva\u0111a, vi\u010de ili na drugi na\u010din remeti javni red i mir, kaznit \u0107e se za prekr\u0161aj nov\u010danom kaznom u iznosu od 300,00 do 2.000,00 ili kaznom zatvora do 30 dana.<\/p>\n<div id=\"mojev-487668318\" class=\"mojev-kraj-teksta mojev-entity-placement\" style=\"margin-bottom: 20px;margin-left: auto;margin-right: auto;text-align: center;\"><div class=\"mojev-adlabel\">oglas<\/div><div style=\"height: 250px;\"><script async src=\"https:\/\/pagead2.googlesyndication.com\/pagead\/js\/adsbygoogle.js?client=ca-pub-8106111766207173\"\r\n     crossorigin=\"anonymous\"><\/script>\r\n<!-- Display-1 -->\r\n<ins class=\"adsbygoogle\"\r\n     style=\"display:block\"\r\n     data-ad-client=\"ca-pub-8106111766207173\"\r\n     data-ad-slot=\"1465712950\"\r\n     data-ad-format=\"auto\"\r\n     data-full-width-responsive=\"true\"><\/ins>\r\n<script>\r\n     (adsbygoogle = window.adsbygoogle || []).push({});\r\n<\/script><\/div><\/div>","protected":false},"excerpt":{"rendered":"<p>Mu\u0161karac je prona\u0111en i prekr\u0161ajno ka\u017enjen temeljem \u010dlanka 13. Zakona o prekr\u0161ajima protiv javnog reda i mira.<\/p>\n","protected":false},"author":1,"featured_media":101054,"comment_status":"closed","ping_status":"closed","sticky":false,"template":"","format":"standard","meta":{"footnotes":""},"categories":[9],"tags":[596,93],"class_list":["post-101050","post","type-post","status-publish","format-standard","has-post-thumbnail","hentry","category-vijesti","tag-crna-kronika","tag-rijeka"],"_links":{"self":[{"href":"https:\/\/www.mojevrijeme.hr\/magazin\/wp-json\/wp\/v2\/posts\/101050","targetHints":{"allow":["GET"]}}],"collection":[{"href":"https:\/\/www.mojevrijeme.hr\/magazin\/wp-json\/wp\/v2\/posts"}],"about":[{"href":"https:\/\/www.mojevrijeme.hr\/magazin\/wp-json\/wp\/v2\/types\/post"}],"author":[{"embeddable":true,"href":"https:\/\/www.mojevrijeme.hr\/magazin\/wp-json\/wp\/v2\/users\/1"}],"replies":[{"embeddable":true,"href":"https:\/\/www.mojevrijeme.hr\/magazin\/wp-json\/wp\/v2\/comments?post=101050"}],"version-history":[{"count":0,"href":"https:\/\/www.mojevrijeme.hr\/magazin\/wp-json\/wp\/v2\/posts\/101050\/revisions"}],"wp:featuredmedia":[{"embeddable":true,"href":"https:\/\/www.mojevrijeme.hr\/magazin\/wp-json\/wp\/v2\/media\/101054"}],"wp:attachment":[{"href":"https:\/\/www.mojevrijeme.hr\/magazin\/wp-json\/wp\/v2\/media?parent=101050"}],"wp:term":[{"taxonomy":"category","embeddable":true,"href":"https:\/\/www.mojevrijeme.hr\/magazin\/wp-json\/wp\/v2\/categories?post=101050"},{"taxonomy":"post_tag","embeddable":true,"href":"https:\/\/www.mojevrijeme.hr\/magazin\/wp-json\/wp\/v2\/tags?post=101050"}],"curies":[{"name":"wp","href":"https:\/\/api.w.org\/{rel}","templated":true}]}}