{"id":101588,"date":"2024-03-16T17:49:25","date_gmt":"2024-03-16T16:49:25","guid":{"rendered":"https:\/\/www.mojevrijeme.hr\/magazin\/?p=101588"},"modified":"2024-03-16T19:25:23","modified_gmt":"2024-03-16T18:25:23","slug":"danica-niksa-darujem-kucu-crvenom-krizu-neka-bude-za-ljubav-i-razumijevanje","status":"publish","type":"post","link":"https:\/\/www.mojevrijeme.hr\/magazin\/2024\/03\/danica-niksa-darujem-kucu-crvenom-krizu-neka-bude-za-ljubav-i-razumijevanje\/","title":{"rendered":"Danica Nik\u0161a: Darujem ku\u0107u Crvenom kri\u017eu, neka bude za ljubav i razumijevanje"},"content":{"rendered":"\n<p><strong>Danica Nik\u0161a<\/strong> iz \u0110ur\u0111evca je darovala svoju ku\u0107u Crvenom kri\u017eu, i za taj \u010din nesebi\u010dnosti i humanitarizma nagra\u0111ena je priznanjem Ponos Hrvatske. Dio svog radnog vijeka provela je u Njema\u010dkoj, potom se 1980-ih vratila u \u0110ur\u0111evac njegovati bolesne roditelje, kupila je ku\u0107u i otvorila kafi\u0107 koji je godinama bio omiljeno okupljali\u0161te, mjesto proslava i dru\u017eenja.<\/p>\n\n\n\n<p>&#8220;Ja sam danas stara i nemo\u0107na, nekad sam bila i plesa\u010d i sporta\u0161. Ja sam se u toj struci dobro sna\u0161la, ta je ku\u0107a vrijedna da do\u0111e u ruke nekome kome \u0107e biti potrebna i onda sam se sjetila Crvenog kri\u017ea, razgovarala sam sa susjedom Nevenkom i ona mi ka\u017ee &#8216;pa Crveni kri\u017e&#8217;. Evo to je bio \u010das posla&#8221;, kazala je za <a href=\"https:\/\/magazin.hrt.hr\/price-iz-hrvatske\/zasto-je-danica-iz-durdevca-odlucila-pokloniti-svoju-kucu-crvenom-krizu--11409188\" target=\"_blank\" rel=\"noreferrer noopener\">HRT <\/a>gospo\u0111a Danica.<\/p>\n\n\n\n<p>Za Danicu \u010das posla, za \u0111ur\u0111eva\u010dki Crveni kri\u017e nova budu\u0107nost u vlastitom prostoru i nove mogu\u0107nosti.&nbsp;&#8220;Ja vidim \u0161to zna\u010di biti star, \u0161to zna\u010di biti nemo\u0107an. Ja sam si \u017eivot sredila, ima ljudi koji to ne mogu, nisu stigli, nisu mogli iz bilo kojeg razloga. \u0110ur\u0111evac jako puno starog stanovni\u0161tva ima i mislim da sam dobro napravila&#8221;, ka\u017ee Danica.<\/p><div id=\"mojev-3251135711\" class=\"mojev-u-tekstu mojev-entity-placement\" style=\"margin-left: auto;margin-right: auto;text-align: center;\"><div class=\"mojev-adlabel\">oglas<\/div><div style=\"height: 250px;\"><script async src=\"https:\/\/pagead2.googlesyndication.com\/pagead\/js\/adsbygoogle.js?client=ca-pub-8106111766207173\"\r\n     crossorigin=\"anonymous\"><\/script>\r\n<!-- Prikazni 1 u tekstu -->\r\n<ins class=\"adsbygoogle\"\r\n     style=\"display:block\"\r\n     data-ad-client=\"ca-pub-8106111766207173\"\r\n     data-ad-slot=\"8535551207\"\r\n     data-ad-format=\"auto\"\r\n     data-full-width-responsive=\"true\"><\/ins>\r\n<script>\r\n     (adsbygoogle = window.adsbygoogle || []).push({});\r\n<\/script><\/div><\/div><br style=\"clear: both; display: block; float: none;\"\/>\n\n\n\n<p>Sje\u0107a se Danica i svog djetinjstva, bez obzira na to koliko malo imali, uvijek se na\u0161lo i za druge. &#8220;Ja sam u jednoj selja\u010dkoj obitelji odgojena, tata je bio postolar, mi smo bili, kak&#8217; se ka\u017ee, srednji stale\u017e nekakav. Dijelila se jabuka, dijelio se kruh, nije bilo novaca, nisam bila gladna, ali je tu bilo sirotinje. Uvijek sam vidjela da mama odvaja za ljude koji jo\u0161 manje imaju, i to je u meni&#8221;, dodaje Danica.<\/p>\n\n\n\n<p>Danica je danas zbrinuta, \u017eivi u stanu, a kad po\u017eeli dru\u0161tvo ili neku drugu pomo\u0107 uvijek su tu volonterke Crvenog kri\u017ea. Jedna od njih je i njezina susjeda&nbsp;<strong>Nevenka Lon\u010dar<\/strong>.<\/p>\n\n\n\n<p>&#8220;Mi smo jako zahvalni gospo\u0111i Danici \u0161to nam je ustupila svoju ku\u0107u prvo zbog toga jer je to nama potrebno, a drugo taj \u010din velikodu\u0161nosti je ne\u0161to \u0161to je neopisivo, rijetki su oni koji to ostvare&#8221;, ustvrdila je Nevenka Lon\u010dar. Danica za uzvrat ni\u0161ta ne tra\u017ei &#8211; osim da ku\u0107a bude mjesto gdje se poma\u017ee i daruje, gdje caruje razumijevanje i ljubav.<\/p>\n\n\n\n<p>&#8220;Dobili smo zaista lijepu nekretninu od gospo\u0111e Danice Nik\u0161a. Ona je provela ovdje lijepe trenutke i drago nam je da mo\u017eemo provoditi lijepe trenutke u nekom novijem vremenu, a \u0161to je najva\u017enije pomo\u0107i potrebitima. Ovdje planiramo jednog dana, vjerojatno pu\u010dku kuhinju, prostor za darivanje krvi, za razne edukacije, sastanke, urede i skladi\u0161te \u0161to nam je potrebno&#8221;, ka\u017ee\u00a0<strong>Sofija Pa\u0161a<\/strong>, ravnateljica Gradskog dru\u0161tva Crvenog kri\u017ea\u00a0\u00a0\u0110ur\u0111evac.<\/p>\n<div id=\"mojev-3795845195\" class=\"mojev-kraj-teksta mojev-entity-placement\" style=\"margin-bottom: 20px;margin-left: auto;margin-right: auto;text-align: center;\"><div class=\"mojev-adlabel\">oglas<\/div><div style=\"height: 250px;\"><script async src=\"https:\/\/pagead2.googlesyndication.com\/pagead\/js\/adsbygoogle.js?client=ca-pub-8106111766207173\"\r\n     crossorigin=\"anonymous\"><\/script>\r\n<!-- Display-1 -->\r\n<ins class=\"adsbygoogle\"\r\n     style=\"display:block\"\r\n     data-ad-client=\"ca-pub-8106111766207173\"\r\n     data-ad-slot=\"1465712950\"\r\n     data-ad-format=\"auto\"\r\n     data-full-width-responsive=\"true\"><\/ins>\r\n<script>\r\n     (adsbygoogle = window.adsbygoogle || []).push({});\r\n<\/script><\/div><\/div>","protected":false},"excerpt":{"rendered":"<p>&#8211; Planiramo se javljati na europske i dr\u017eavne natje\u010daje kako bismo mogli obnoviti i \u010dim prije po\u010deti s radom u novom vlastitom prostoru, ka\u017eu iz Crvenog kri\u017ea.<\/p>\n","protected":false},"author":1,"featured_media":101595,"comment_status":"closed","ping_status":"closed","sticky":false,"template":"","format":"standard","meta":{"footnotes":""},"categories":[2],"tags":[3939,946,3022],"class_list":["post-101588","post","type-post","status-publish","format-standard","has-post-thumbnail","hentry","category-mozaik","tag-danica-niksa","tag-dobrocinstvo","tag-durdevac"],"_links":{"self":[{"href":"https:\/\/www.mojevrijeme.hr\/magazin\/wp-json\/wp\/v2\/posts\/101588","targetHints":{"allow":["GET"]}}],"collection":[{"href":"https:\/\/www.mojevrijeme.hr\/magazin\/wp-json\/wp\/v2\/posts"}],"about":[{"href":"https:\/\/www.mojevrijeme.hr\/magazin\/wp-json\/wp\/v2\/types\/post"}],"author":[{"embeddable":true,"href":"https:\/\/www.mojevrijeme.hr\/magazin\/wp-json\/wp\/v2\/users\/1"}],"replies":[{"embeddable":true,"href":"https:\/\/www.mojevrijeme.hr\/magazin\/wp-json\/wp\/v2\/comments?post=101588"}],"version-history":[{"count":0,"href":"https:\/\/www.mojevrijeme.hr\/magazin\/wp-json\/wp\/v2\/posts\/101588\/revisions"}],"wp:featuredmedia":[{"embeddable":true,"href":"https:\/\/www.mojevrijeme.hr\/magazin\/wp-json\/wp\/v2\/media\/101595"}],"wp:attachment":[{"href":"https:\/\/www.mojevrijeme.hr\/magazin\/wp-json\/wp\/v2\/media?parent=101588"}],"wp:term":[{"taxonomy":"category","embeddable":true,"href":"https:\/\/www.mojevrijeme.hr\/magazin\/wp-json\/wp\/v2\/categories?post=101588"},{"taxonomy":"post_tag","embeddable":true,"href":"https:\/\/www.mojevrijeme.hr\/magazin\/wp-json\/wp\/v2\/tags?post=101588"}],"curies":[{"name":"wp","href":"https:\/\/api.w.org\/{rel}","templated":true}]}}