{"id":101798,"date":"2024-03-19T10:54:59","date_gmt":"2024-03-19T09:54:59","guid":{"rendered":"https:\/\/www.mojevrijeme.hr\/magazin\/?p=101798"},"modified":"2024-03-19T10:56:28","modified_gmt":"2024-03-19T09:56:28","slug":"zagrepcanin-igor-46-prijetio-je-majci-smrcu-jer-mu-nije-skuhala-veceru","status":"publish","type":"post","link":"https:\/\/www.mojevrijeme.hr\/magazin\/2024\/03\/zagrepcanin-igor-46-prijetio-je-majci-smrcu-jer-mu-nije-skuhala-veceru\/","title":{"rendered":"Zagrep\u010danin Igor (46) prijetio majci: &#8216;Samo le\u017ei\u0161! Ubit \u0107u te, gdje je ve\u010dera?&#8217;"},"content":{"rendered":"\n<p>Zlostavljanje starijih osoba je je te\u0161ko otkriti jer mnogi od znakova su suptilne naravi, a \u017ertva \u010desto ne \u017eeli ili ne mo\u017ee raspravljati o zlostavljanju. S obzirom da su zlostavlja\u010di naj\u010de\u0161\u0107e \u010dlanovi uskog obiteljskog kruga, tek malobrojne \u017ertve potra\u017ee za\u0161titu. Jedna od njih je i majka 46-godi\u0161njeg <strong>Igora M<\/strong>. iz Zagreba.<\/p>\n\n\n\n<p>&#8220;Tog dana sam se doista posva\u0111ao s mamom. Mi se posva\u0111amo tri puta godi\u0161nje kao majka i sin. I mogu\u0107e je da sam joj rekao te rije\u010di, ali u drugom kontekstu. Jer ja joj nikada ne bih naudio. Reagirao sam tako jer mama nije ni\u0161ta skuhala i jer je fri\u017eider bio prazan!&#8221; rekao je u svoju obranu Igor na optu\u017ebe tu\u017eiteljstva da je vlastitoj majci lanjskog kolovoza u njihovu stanu uputio prijetnje.<\/p>\n\n\n\n<p>Bilo je to u ve\u010dernjim satima, kada je prema tvrdnjama o\u0161te\u0107ene, sin joj do\u0161ao ku\u0107i pijan, prenosi <a href=\"https:\/\/www.jutarnji.hr\/vijesti\/hrvatska\/igor-46-prijetio-mami-da-ce-je-ubiti-nije-nista-skuhala-i-frizider-je-bio-prazan-15440624\" target=\"_blank\" rel=\"noreferrer noopener\">Jutarnji<\/a>. Ona je le\u017eala na kau\u010du u dnevnom boravku, a on joj je prigovorio za\u0161to le\u017ei. Potom joj je pri\u0161ao i unio joj se u lice rekav\u0161i: &#8220;Ubit \u0107u te.&#8221;<\/p><div id=\"mojev-376192812\" class=\"mojev-u-tekstu mojev-entity-placement\" style=\"margin-left: auto;margin-right: auto;text-align: center;\"><div class=\"mojev-adlabel\">oglas<\/div><div style=\"height: 250px;\"><script async src=\"https:\/\/pagead2.googlesyndication.com\/pagead\/js\/adsbygoogle.js?client=ca-pub-8106111766207173\"\r\n     crossorigin=\"anonymous\"><\/script>\r\n<!-- Prikazni 1 u tekstu -->\r\n<ins class=\"adsbygoogle\"\r\n     style=\"display:block\"\r\n     data-ad-client=\"ca-pub-8106111766207173\"\r\n     data-ad-slot=\"8535551207\"\r\n     data-ad-format=\"auto\"\r\n     data-full-width-responsive=\"true\"><\/ins>\r\n<script>\r\n     (adsbygoogle = window.adsbygoogle || []).push({});\r\n<\/script><\/div><\/div><br style=\"clear: both; display: block; float: none;\"\/>\n\n\n\n<p>Oti\u0161ao je u svoju sobu te se nakon nekog vremena vratio do majke i ponovio joj &#8220;Stvarno \u0107u te ubiti&#8221;. Prestravljena \u017eena obratila se za pomo\u0107 policiji, a rje\u0161enjem suda sinu je odmah izre\u010dena mjera udaljenja iz doma te zabrana pribli\u017eavanja na 100 metara.<\/p>\n\n\n\n<p>&#8220;\u010cim je sin do\u0161ao ku\u0107i, bio je pod utjecajem alkohola i vikao je. Ja sam cijelo to vrijeme \u0161utjela jer ga se uvijek bojim kad popije. Prijetio mi je te vikao da sam kurva&#8221;, otkrila je o\u0161te\u0107ena \u017eena. Idu\u0107i je na potezu Op\u0107inski sud koji \u0107e razmatrati optu\u017enicu za izre\u010dene prijetnje smr\u0107u.<\/p>\n<div id=\"mojev-2997718459\" class=\"mojev-kraj-teksta mojev-entity-placement\" style=\"margin-bottom: 20px;margin-left: auto;margin-right: auto;text-align: center;\"><div class=\"mojev-adlabel\">oglas<\/div><div style=\"height: 250px;\"><script async src=\"https:\/\/pagead2.googlesyndication.com\/pagead\/js\/adsbygoogle.js?client=ca-pub-8106111766207173\"\r\n     crossorigin=\"anonymous\"><\/script>\r\n<!-- Display-1 -->\r\n<ins class=\"adsbygoogle\"\r\n     style=\"display:block\"\r\n     data-ad-client=\"ca-pub-8106111766207173\"\r\n     data-ad-slot=\"1465712950\"\r\n     data-ad-format=\"auto\"\r\n     data-full-width-responsive=\"true\"><\/ins>\r\n<script>\r\n     (adsbygoogle = window.adsbygoogle || []).push({});\r\n<\/script><\/div><\/div>","protected":false},"excerpt":{"rendered":"<p>Prestra\u0161ena \u017eena tra\u017eila je pomo\u0107 policije. Ka\u017ee, \u017eivi u strahu i nije prvi put da je odrasli sin zlostavlja. <\/p>\n","protected":false},"author":1,"featured_media":84038,"comment_status":"closed","ping_status":"closed","sticky":false,"template":"","format":"standard","meta":{"footnotes":""},"categories":[9],"tags":[596,39,941],"class_list":["post-101798","post","type-post","status-publish","format-standard","has-post-thumbnail","hentry","category-vijesti","tag-crna-kronika","tag-zagreb","tag-zlostavljanje"],"_links":{"self":[{"href":"https:\/\/www.mojevrijeme.hr\/magazin\/wp-json\/wp\/v2\/posts\/101798","targetHints":{"allow":["GET"]}}],"collection":[{"href":"https:\/\/www.mojevrijeme.hr\/magazin\/wp-json\/wp\/v2\/posts"}],"about":[{"href":"https:\/\/www.mojevrijeme.hr\/magazin\/wp-json\/wp\/v2\/types\/post"}],"author":[{"embeddable":true,"href":"https:\/\/www.mojevrijeme.hr\/magazin\/wp-json\/wp\/v2\/users\/1"}],"replies":[{"embeddable":true,"href":"https:\/\/www.mojevrijeme.hr\/magazin\/wp-json\/wp\/v2\/comments?post=101798"}],"version-history":[{"count":0,"href":"https:\/\/www.mojevrijeme.hr\/magazin\/wp-json\/wp\/v2\/posts\/101798\/revisions"}],"wp:featuredmedia":[{"embeddable":true,"href":"https:\/\/www.mojevrijeme.hr\/magazin\/wp-json\/wp\/v2\/media\/84038"}],"wp:attachment":[{"href":"https:\/\/www.mojevrijeme.hr\/magazin\/wp-json\/wp\/v2\/media?parent=101798"}],"wp:term":[{"taxonomy":"category","embeddable":true,"href":"https:\/\/www.mojevrijeme.hr\/magazin\/wp-json\/wp\/v2\/categories?post=101798"},{"taxonomy":"post_tag","embeddable":true,"href":"https:\/\/www.mojevrijeme.hr\/magazin\/wp-json\/wp\/v2\/tags?post=101798"}],"curies":[{"name":"wp","href":"https:\/\/api.w.org\/{rel}","templated":true}]}}