{"id":102498,"date":"2024-03-27T11:47:38","date_gmt":"2024-03-27T10:47:38","guid":{"rendered":"https:\/\/www.mojevrijeme.hr\/magazin\/?p=102498"},"modified":"2024-03-27T11:48:17","modified_gmt":"2024-03-27T10:48:17","slug":"ocajan-suprug-moja-zena-je-ostarjela-i-vise-me-ne-privlaci-sto-uciniti","status":"publish","type":"post","link":"https:\/\/www.mojevrijeme.hr\/magazin\/2024\/03\/ocajan-suprug-moja-zena-je-ostarjela-i-vise-me-ne-privlaci-sto-uciniti\/","title":{"rendered":"O\u010dajan suprug: &#8216;Moja \u017eena je ostarjela i vi\u0161e me ne privla\u010di, \u0161to u\u010diniti?&#8217;"},"content":{"rendered":"\n<p>Mnogi \u0107e iskrenost sredovje\u010dnog mu\u0161karca, koji javno pita kako rije\u0161iti problem u krevetu jer ga supruga vi\u0161e ne privla\u010di u tjelesnom smislu, smatrati sabla\u017enjivim i re\u0107i da je besraman. No, zapravo sve \u0161to navodi ilustrira ono \u0161to mnogi mu\u0161karci do\u017eivljavaju, ali se boje izraziti iako bi za dobrobit braka trebali.<\/p>\n\n\n\n<p>&#8220;U dugogodi\u0161njem sam braku i jo\u0161 uvijek volim svoju \u017eenu, ali <strong>maj\u010dinstvo i starenje <\/strong>uzeli su danak na njenom tijelu. Borim se sa sobom i \u017eelim osjetiti privla\u010dnost koju sam uvijek osje\u0107ao prema njoj, ali ne mogu si pomo\u0107i. Iako mislim da je lijepa, sve mi se \u010de\u0161\u0107e doga\u0111a da zaka\u017eem u krevetu. Ona se na to ljuti, frustrirana je, ali ja si jednostavno ne znam pomo\u0107i&#8221;, pi\u0161e psihologinji i \u017eivotnoj savjetnici anonimni \u010ditatelj <em><a href=\"https:\/\/www.theguardian.com\/uk\/lifeandstyle\" target=\"_blank\" rel=\"noreferrer noopener\">The Guardiana<\/a><\/em>. &nbsp;<\/p>\n\n\n\n<p>&#8220;Unato\u010d trudu, ne ide nam, problem je u meni. Ne znam \u0161to mogu u\u010diniti kako bih vratio iskru, po\u010deo sam se ozbiljno brinuti za na\u0161 brak jer vidim da bi ovaj problem mogao eskalirati. Molim bilo kakav savjet koji bi mi mogao pomo\u0107i, nisam bio svjestan da \u0107e mi vizualni problem ikad postati tako golema prepreka&#8221;, zaklju\u010duje svoj apel upomo\u0107.<\/p><div id=\"mojev-1602832235\" class=\"mojev-u-tekstu mojev-entity-placement\" style=\"margin-left: auto;margin-right: auto;text-align: center;\"><div class=\"mojev-adlabel\">oglas<\/div><div style=\"height: 250px;\"><script async src=\"https:\/\/pagead2.googlesyndication.com\/pagead\/js\/adsbygoogle.js?client=ca-pub-8106111766207173\"\r\n     crossorigin=\"anonymous\"><\/script>\r\n<!-- Prikazni 1 u tekstu -->\r\n<ins class=\"adsbygoogle\"\r\n     style=\"display:block\"\r\n     data-ad-client=\"ca-pub-8106111766207173\"\r\n     data-ad-slot=\"8535551207\"\r\n     data-ad-format=\"auto\"\r\n     data-full-width-responsive=\"true\"><\/ins>\r\n<script>\r\n     (adsbygoogle = window.adsbygoogle || []).push({});\r\n<\/script><\/div><\/div><br style=\"clear: both; display: block; float: none;\"\/>\n\n\n\n<h3 class=\"wp-block-heading\">&#8220;Hvala vam na iskrenosti&#8221;<\/h3>\n\n\n\n<p>Bra\u010dna savjetnica <strong>Pamela Stephenson Conelly<\/strong> zahvalila mu se na javnom istupu i iskrenosti, jer se na ovakav put rje\u0161avanja problema sa suprugom ne odva\u017ei mnogo mu\u0161karaca, a mnogi imaju isti problem.<\/p>\n\n\n\n<p>&#8220;Neugodna je i nepo\u017eeljna \u010dinjenica da svaka promjena u partnerovom izgledu \u2013 osobito kod onih koji su <strong>vizualno osjetljivi<\/strong> \u2013 mo\u017ee u<strong>zrokovati promjenu<\/strong> u fizi\u010dkoj privla\u010dnosti. Ono \u0161to je jo\u0161 va\u017enije je psiholo\u0161ka promjena koja se mo\u017ee dogoditi kada mu\u0161karac svoju suprugu po\u010dne gledati prije svega <strong>kao majku<\/strong>, a <strong>ne<\/strong> <strong>kao ljubavnicu<\/strong>.&#8221;<\/p>\n\n\n\n<p>&#8220;To doista mo\u017ee biti razorna za njega. On to mo\u017ee do\u017eivjeti kao duboki gubitak (ponekad dovode\u0107i i do depresije). To kod nekih mo\u017ee biti i posljedica nesvjesnih osje\u0107aja kada svoju \u017eenu kao figuru u obiteljskoj zajednici (u kojoj su i djeca), povezuju s tabuom incesta, \u0161to prirodno smanjuje interes za partnericu u tom smislu&#8221;, odgovara Conelly.<\/p>\n\n\n\n<h3 class=\"wp-block-heading\">&#8220;Prisjetite se dana udvaranja&#8221;<\/h3>\n\n\n\n<p>&#8220;Kao paru, bilo bi vam korisno da prona\u0111ete na\u010dine kako ponovo probuditi romantiku. Podsjetite se kako ste se supruzi udvarali kad ste bili mladi. Primjerice, prona\u0111ite vrijeme samo za vas dvoje. Pozovite je na ve\u010deru, uredite se i poka\u017eite ushit \u0161to idete na &#8216;spoj&#8217;. Dr\u017eite je za ruku. Ako ste u ozbiljnim godinama, mo\u017eda vam se ne\u0107e militi nakon ve\u010dere i\u0107i u disko, ali za\u0161to ne biste jo\u0161 malo sjeli u bar gdje se pu\u0161ta glazba va\u0161e mladosti?&#8221;<\/p>\n\n\n\n<p>&#8220;Budite uporni i smatrajte ovo va\u017enim trenutkom kada se vi, kao mu\u0161karac, trebate suo\u010diti s izazovom postizanja ve\u0107e zrelosti, kad morate biti strpljivi. Trudite se prepoznati i po\u0161tivati nove \u017eivotne faze u koje oboje ulazite. Nemojte u ovom trenutku vr\u0161iti pritisak na sebe ili nju kako biste postigli ljubavnu eksploziju jer vjerujte mi, &nbsp;najvjerojatnije \u0107e se sve rije\u0161iti kada oboje ne budete morali biti toliko pod pritiskom onog &#8216;odmah i sada i moram'&#8221;, zaklju\u010duje savjetnica.<\/p>\n\n\n\n<div id=\"crveno\"><\/p>\n\n\n\n<h3 class=\"wp-block-heading\">Zanima nas va\u0161a pri\u010da<\/h3>\n\n\n\n<p>\u017delite li i vi, posve anonimno, podijeliti svoje iskustvo i vi\u0111enje ove teme s nama i na\u0161im \u010ditateljima, mo\u017eete to u\u010diniti putem web obrasca <a rel=\"noreferrer noopener\" href=\"https:\/\/www.mojevrijeme.hr\/magazin\/povjerljivo\/\" target=\"_blank\">Povjerljivo<\/a>. Napi\u0161ite svoju pri\u010du!<\/p>\n\n\n\n<p><\/div>\n<div id=\"mojev-4292639907\" class=\"mojev-kraj-teksta mojev-entity-placement\" style=\"margin-bottom: 20px;margin-left: auto;margin-right: auto;text-align: center;\"><div class=\"mojev-adlabel\">oglas<\/div><div style=\"height: 250px;\"><script async src=\"https:\/\/pagead2.googlesyndication.com\/pagead\/js\/adsbygoogle.js?client=ca-pub-8106111766207173\"\r\n     crossorigin=\"anonymous\"><\/script>\r\n<!-- Display-1 -->\r\n<ins class=\"adsbygoogle\"\r\n     style=\"display:block\"\r\n     data-ad-client=\"ca-pub-8106111766207173\"\r\n     data-ad-slot=\"1465712950\"\r\n     data-ad-format=\"auto\"\r\n     data-full-width-responsive=\"true\"><\/ins>\r\n<script>\r\n     (adsbygoogle = window.adsbygoogle || []).push({});\r\n<\/script><\/div><\/div>","protected":false},"excerpt":{"rendered":"<p>Godine idu, u naponu snage optere\u0107eni smo i poslom i podizanjem obitelji, izgled nam se s godinama polako mijenja, do\u0111e i koji kilogram vi\u0161ka. pro\u0111e desetlje\u0107e, dva, tri, a volja za supru\u017enikom ponekad posve splasne. Bra\u010dna savjetnica tuma\u010di kako si pomo\u0107i ako \u017eelite vratiti bra\u010dnu iskru.<\/p>\n","protected":false},"author":17,"featured_media":102523,"comment_status":"closed","ping_status":"closed","sticky":false,"template":"","format":"standard","meta":{"footnotes":""},"categories":[10],"tags":[304,348],"class_list":["post-102498","post","type-post","status-publish","format-standard","has-post-thumbnail","hentry","category-ljubav","tag-brak","tag-privlacnost"],"_links":{"self":[{"href":"https:\/\/www.mojevrijeme.hr\/magazin\/wp-json\/wp\/v2\/posts\/102498","targetHints":{"allow":["GET"]}}],"collection":[{"href":"https:\/\/www.mojevrijeme.hr\/magazin\/wp-json\/wp\/v2\/posts"}],"about":[{"href":"https:\/\/www.mojevrijeme.hr\/magazin\/wp-json\/wp\/v2\/types\/post"}],"author":[{"embeddable":true,"href":"https:\/\/www.mojevrijeme.hr\/magazin\/wp-json\/wp\/v2\/users\/17"}],"replies":[{"embeddable":true,"href":"https:\/\/www.mojevrijeme.hr\/magazin\/wp-json\/wp\/v2\/comments?post=102498"}],"version-history":[{"count":0,"href":"https:\/\/www.mojevrijeme.hr\/magazin\/wp-json\/wp\/v2\/posts\/102498\/revisions"}],"wp:featuredmedia":[{"embeddable":true,"href":"https:\/\/www.mojevrijeme.hr\/magazin\/wp-json\/wp\/v2\/media\/102523"}],"wp:attachment":[{"href":"https:\/\/www.mojevrijeme.hr\/magazin\/wp-json\/wp\/v2\/media?parent=102498"}],"wp:term":[{"taxonomy":"category","embeddable":true,"href":"https:\/\/www.mojevrijeme.hr\/magazin\/wp-json\/wp\/v2\/categories?post=102498"},{"taxonomy":"post_tag","embeddable":true,"href":"https:\/\/www.mojevrijeme.hr\/magazin\/wp-json\/wp\/v2\/tags?post=102498"}],"curies":[{"name":"wp","href":"https:\/\/api.w.org\/{rel}","templated":true}]}}