{"id":103060,"date":"2024-04-02T18:00:09","date_gmt":"2024-04-02T16:00:09","guid":{"rendered":"https:\/\/www.mojevrijeme.hr\/magazin\/?p=103060"},"modified":"2024-04-02T18:00:10","modified_gmt":"2024-04-02T16:00:10","slug":"ids-ova-ponuda-decentralizacijom-do-vecih-placa-i-mirovina","status":"publish","type":"post","link":"https:\/\/www.mojevrijeme.hr\/magazin\/2024\/04\/ids-ova-ponuda-decentralizacijom-do-vecih-placa-i-mirovina\/","title":{"rendered":"IDS-ova ponuda: Decentralizacijom do ve\u0107ih pla\u0107a i mirovina"},"content":{"rendered":"\n<p>Predstavljaju\u0107i kandidate i program Istarske demokratske stranke (IDS) za parlamentarne izbore, predsjednik stranke <strong>Dalibor Paus<\/strong> kazao je da \u0107e u fokusu IDS-a biti borba za ve\u0107i stupanj decentralizacije. <\/p>\n\n\n\n<p>Iznio je tezu da bi se Istra sama razvijala novcem koji se u njoj zaraditi, a to bi, dodaje, osiguralo ve\u0107e pla\u0107e i mirovine te manje poreze za stanovnike regija. IDS-ov model zna\u010di i ve\u0107e ovlasti u djelokrugu op\u0107ina, gradova i \u017eupanije za rje\u0161avanje problema bespravne gradnje, o\u010duvanje okoli\u0161a, te razvoj cjelogodi\u0161njeg odr\u017eivog turizma u Istri.<\/p>\n\n\n\n<p>&#8220;Mi koji \u017eivimo ovdje znamo svakodnevne probleme na\u0161ih gra\u0111ana i zato \u0107emo u naredne \u010detiri godine za na\u0161e starije osigurati ve\u0107e mirovine, dograditi i izgraditi nove domove za starije, te podi\u0107i standard skrbi&#8221;, naveo je Paus. <\/p><div id=\"mojev-147165083\" class=\"mojev-u-tekstu mojev-entity-placement\" style=\"margin-left: auto;margin-right: auto;text-align: center;\"><div class=\"mojev-adlabel\">oglas<\/div><div style=\"height: 250px;\"><script async src=\"https:\/\/pagead2.googlesyndication.com\/pagead\/js\/adsbygoogle.js?client=ca-pub-8106111766207173\"\r\n     crossorigin=\"anonymous\"><\/script>\r\n<!-- Prikazni 1 u tekstu -->\r\n<ins class=\"adsbygoogle\"\r\n     style=\"display:block\"\r\n     data-ad-client=\"ca-pub-8106111766207173\"\r\n     data-ad-slot=\"8535551207\"\r\n     data-ad-format=\"auto\"\r\n     data-full-width-responsive=\"true\"><\/ins>\r\n<script>\r\n     (adsbygoogle = window.adsbygoogle || []).push({});\r\n<\/script><\/div><\/div><br style=\"clear: both; display: block; float: none;\"\/>\n\n\n\n<p>&#8220;Provodit \u0107emo programe za rje\u0161avanje stambenog pitanja mladih, te ulagati u izgradnju vrti\u0107a i \u0161kola da svako dijete ima garantirano svoje mjesto, za koje \u0107emo se zalagati da bude i potpuno besplatno&#8221;, poru\u010dio je Paus.<\/p>\n<div id=\"mojev-381457854\" class=\"mojev-kraj-teksta mojev-entity-placement\" style=\"margin-bottom: 20px;margin-left: auto;margin-right: auto;text-align: center;\"><div class=\"mojev-adlabel\">oglas<\/div><div style=\"height: 250px;\"><script async src=\"https:\/\/pagead2.googlesyndication.com\/pagead\/js\/adsbygoogle.js?client=ca-pub-8106111766207173\"\r\n     crossorigin=\"anonymous\"><\/script>\r\n<!-- Display-1 -->\r\n<ins class=\"adsbygoogle\"\r\n     style=\"display:block\"\r\n     data-ad-client=\"ca-pub-8106111766207173\"\r\n     data-ad-slot=\"1465712950\"\r\n     data-ad-format=\"auto\"\r\n     data-full-width-responsive=\"true\"><\/ins>\r\n<script>\r\n     (adsbygoogle = window.adsbygoogle || []).push({});\r\n<\/script><\/div><\/div>","protected":false},"excerpt":{"rendered":"<p>Stoga \u0107e, naveo je, IDS s partnerima aktivno raditi i na ja\u010danju regionalnog identiteta i kulture daljnjim razvojem zavi\u010dajne nastave, te dodatnom institucionalizacijom narje\u010dja i dvojezi\u010dnosti.<\/p>\n","protected":false},"author":1,"featured_media":103062,"comment_status":"closed","ping_status":"closed","sticky":false,"template":"","format":"standard","meta":{"footnotes":""},"categories":[9],"tags":[3966,3965,3693,18],"class_list":["post-103060","post","type-post","status-publish","format-standard","has-post-thumbnail","hentry","category-vijesti","tag-dalibor-paus","tag-ids","tag-izbori-2024","tag-mirovine"],"_links":{"self":[{"href":"https:\/\/www.mojevrijeme.hr\/magazin\/wp-json\/wp\/v2\/posts\/103060","targetHints":{"allow":["GET"]}}],"collection":[{"href":"https:\/\/www.mojevrijeme.hr\/magazin\/wp-json\/wp\/v2\/posts"}],"about":[{"href":"https:\/\/www.mojevrijeme.hr\/magazin\/wp-json\/wp\/v2\/types\/post"}],"author":[{"embeddable":true,"href":"https:\/\/www.mojevrijeme.hr\/magazin\/wp-json\/wp\/v2\/users\/1"}],"replies":[{"embeddable":true,"href":"https:\/\/www.mojevrijeme.hr\/magazin\/wp-json\/wp\/v2\/comments?post=103060"}],"version-history":[{"count":0,"href":"https:\/\/www.mojevrijeme.hr\/magazin\/wp-json\/wp\/v2\/posts\/103060\/revisions"}],"wp:featuredmedia":[{"embeddable":true,"href":"https:\/\/www.mojevrijeme.hr\/magazin\/wp-json\/wp\/v2\/media\/103062"}],"wp:attachment":[{"href":"https:\/\/www.mojevrijeme.hr\/magazin\/wp-json\/wp\/v2\/media?parent=103060"}],"wp:term":[{"taxonomy":"category","embeddable":true,"href":"https:\/\/www.mojevrijeme.hr\/magazin\/wp-json\/wp\/v2\/categories?post=103060"},{"taxonomy":"post_tag","embeddable":true,"href":"https:\/\/www.mojevrijeme.hr\/magazin\/wp-json\/wp\/v2\/tags?post=103060"}],"curies":[{"name":"wp","href":"https:\/\/api.w.org\/{rel}","templated":true}]}}