{"id":10338,"date":"2017-09-03T13:53:26","date_gmt":"2017-09-03T11:53:26","guid":{"rendered":"http:\/\/www.mojevrijeme.hr\/magazin\/?p=10338"},"modified":"2017-09-03T14:01:51","modified_gmt":"2017-09-03T12:01:51","slug":"nema-dalje-otkrivene-granice-ljudske-dugovjecnosti","status":"publish","type":"post","link":"https:\/\/www.mojevrijeme.hr\/magazin\/2017\/09\/nema-dalje-otkrivene-granice-ljudske-dugovjecnosti\/","title":{"rendered":"Nema dalje: Otkrivene granice ljudske dugovje\u010dnosti"},"content":{"rendered":"<p>Vje\u010dan \u017eivot i eliksir mladosti su tlapnja, zaboravite na njih. Istra\u017eivanje nizozemskih znanstvenika je potvrdilo da je maksimalan ljudski vijek 115 godina.<\/p>\n<p><a href=\"https:\/\/www.tilburguniversity.edu\/current\/news\/press-release-oldest-human\/\" target=\"_blank\" rel=\"noopener\">Statisti\u010dko istra\u017eivanje<\/a> su proveli <strong>Jesson Einmahl<\/strong> \u00a0i <strong>John Einmahl of Tilburg<\/strong> sa Sveu\u010dili\u0161ta Tilsburg te <strong>Laurens de Haan<\/strong> s roterdamskog Sveu\u010dili\u0161ta Erasmus, a obuhvatilo je podatke 75.000 Nizozemaca koji su umrli u proteklih 30 godina. Zaklju\u010dili su kako mu\u0161karci mogu najvi\u0161e do\u017eivjeti 114,1 godinu, a \u017eene 115,7 godina.<\/p>\n<p>&#8220;U prosjeku, ljudi \u017eive du\u017ee, ali najstariji me\u0111u nama nisu bitno stariju u zadnjih 30 godina&#8221;, izjavio je Einmahl za AFP. &#8220;Dakle, strop se ne mijenja.&#8221;<\/p><div id=\"mojev-1295153013\" class=\"mojev-u-tekstu mojev-entity-placement\" style=\"margin-left: auto;margin-right: auto;text-align: center;\"><div class=\"mojev-adlabel\">oglas<\/div><div style=\"height: 250px;\"><script async src=\"https:\/\/pagead2.googlesyndication.com\/pagead\/js\/adsbygoogle.js?client=ca-pub-8106111766207173\"\r\n     crossorigin=\"anonymous\"><\/script>\r\n<!-- Prikazni 1 u tekstu -->\r\n<ins class=\"adsbygoogle\"\r\n     style=\"display:block\"\r\n     data-ad-client=\"ca-pub-8106111766207173\"\r\n     data-ad-slot=\"8535551207\"\r\n     data-ad-format=\"auto\"\r\n     data-full-width-responsive=\"true\"><\/ins>\r\n<script>\r\n     (adsbygoogle = window.adsbygoogle || []).push({});\r\n<\/script><\/div><\/div><br style=\"clear: both; display: block; float: none;\"\/>\n<p>Sli\u010dno su zaklju\u010dili i ameri\u010dki biolozi koji su pro\u0161le godine poru\u010dili da stariji od 115 godina ne\u0107emo biti. Znanstvenik <strong>Jan Vijg<\/strong> je tada ustvrdio da je strop dosegnut u devedesetim godinama te da je gotovo nemogu\u0107e do\u017eivjeti 116. godina. \u201eTrebate 10.000 svjetova poput na\u0161ih kako bi jedna osoba do\u017eivjela 125 godina. A to su mizerne \u0161anse\u201c, rekao je za BBC.<\/p>\n<p>O\u010dekivano, dio znanstvene zajednice ne podupire ovo otkri\u0107e i predstoji nam iscrpljuju\u0107a debata o tome ho\u0107emo li ikada nad\u017eivjeti, recimo, kornja\u010de s Galapagosa. No oko jednoga se znanstvenici u potpunosti sla\u017eu &#8211; pobolj\u0161anje prehrane i medicinske skrbi u\u010dinili su da ljudski vijek raste u gotovo svim dr\u017eavama svijeta.<\/p>\n<div id=\"mojev-64429824\" class=\"mojev-kraj-teksta mojev-entity-placement\" style=\"margin-bottom: 20px;margin-left: auto;margin-right: auto;text-align: center;\"><div class=\"mojev-adlabel\">oglas<\/div><div style=\"height: 250px;\"><script async src=\"https:\/\/pagead2.googlesyndication.com\/pagead\/js\/adsbygoogle.js?client=ca-pub-8106111766207173\"\r\n     crossorigin=\"anonymous\"><\/script>\r\n<!-- Display-1 -->\r\n<ins class=\"adsbygoogle\"\r\n     style=\"display:block\"\r\n     data-ad-client=\"ca-pub-8106111766207173\"\r\n     data-ad-slot=\"1465712950\"\r\n     data-ad-format=\"auto\"\r\n     data-full-width-responsive=\"true\"><\/ins>\r\n<script>\r\n     (adsbygoogle = window.adsbygoogle || []).push({});\r\n<\/script><\/div><\/div>","protected":false},"excerpt":{"rendered":"<p>U prosjeku, ljudi \u017eive du\u017ee, ali najstariji me\u0111u nama nisu bitno stariju u zadnjih 30 godina. Vje\u010dan \u017eivot i eliksir mladosti su tlapnja, zaboravite na njih. Sli\u010dno su pro\u0161le godine zaklju\u010dili i ameri\u010dki biolozi. <\/p>\n","protected":false},"author":1,"featured_media":8275,"comment_status":"closed","ping_status":"open","sticky":false,"template":"","format":"standard","meta":{"footnotes":""},"categories":[3],"tags":[64,215],"class_list":["post-10338","post","type-post","status-publish","format-standard","has-post-thumbnail","hentry","category-zdravlje","tag-dugovjecnost","tag-znanost"],"_links":{"self":[{"href":"https:\/\/www.mojevrijeme.hr\/magazin\/wp-json\/wp\/v2\/posts\/10338","targetHints":{"allow":["GET"]}}],"collection":[{"href":"https:\/\/www.mojevrijeme.hr\/magazin\/wp-json\/wp\/v2\/posts"}],"about":[{"href":"https:\/\/www.mojevrijeme.hr\/magazin\/wp-json\/wp\/v2\/types\/post"}],"author":[{"embeddable":true,"href":"https:\/\/www.mojevrijeme.hr\/magazin\/wp-json\/wp\/v2\/users\/1"}],"replies":[{"embeddable":true,"href":"https:\/\/www.mojevrijeme.hr\/magazin\/wp-json\/wp\/v2\/comments?post=10338"}],"version-history":[{"count":0,"href":"https:\/\/www.mojevrijeme.hr\/magazin\/wp-json\/wp\/v2\/posts\/10338\/revisions"}],"wp:featuredmedia":[{"embeddable":true,"href":"https:\/\/www.mojevrijeme.hr\/magazin\/wp-json\/wp\/v2\/media\/8275"}],"wp:attachment":[{"href":"https:\/\/www.mojevrijeme.hr\/magazin\/wp-json\/wp\/v2\/media?parent=10338"}],"wp:term":[{"taxonomy":"category","embeddable":true,"href":"https:\/\/www.mojevrijeme.hr\/magazin\/wp-json\/wp\/v2\/categories?post=10338"},{"taxonomy":"post_tag","embeddable":true,"href":"https:\/\/www.mojevrijeme.hr\/magazin\/wp-json\/wp\/v2\/tags?post=10338"}],"curies":[{"name":"wp","href":"https:\/\/api.w.org\/{rel}","templated":true}]}}