{"id":103410,"date":"2024-04-07T10:23:32","date_gmt":"2024-04-07T08:23:32","guid":{"rendered":"https:\/\/www.mojevrijeme.hr\/magazin\/?p=103410"},"modified":"2024-04-07T10:23:36","modified_gmt":"2024-04-07T08:23:36","slug":"marija-74-kceri-su-me-na-prevaru-strpale-u-dom-i-jos-mi-otudile-stvari","status":"publish","type":"post","link":"https:\/\/www.mojevrijeme.hr\/magazin\/2024\/04\/marija-74-kceri-su-me-na-prevaru-strpale-u-dom-i-jos-mi-otudile-stvari\/","title":{"rendered":"Marija (74): &#8216;K\u0107eri su me na prevaru strpale u dom i jo\u0161 mi otu\u0111ile stvari&#8217;"},"content":{"rendered":"\n<p>K\u0107eri gospo\u0111e Marije oduzele su majci slobodu odlu\u010divanja i time joj uzele i dostojanstvo i vlastito &#8216;ja&#8217;. Na pragu sedamdesete s njihove je strane do\u017eivjela je prve \u0161okove koji su bili okida\u010d za bolesti, a kulminiralo je prije dvije godine kad su je protiv njezine volje dale u stara\u010dki dom.<\/p>\n\n\n\n<p>&#8220;Imam 74 godine i nikad se u \u017eivotu nisam bojala starosti, imala sam sasvim zdrav pogled na starenje. Uop\u0107e nisam bila optere\u0107ena svojim godinama, sve do prije pet godina kad su k\u0107eri uzele sebi za pravo voditi brigu o meni. Tada je sve krenulo ukrivo&#8221;, pi\u0161e nam u uvodu.<\/p>\n\n\n\n<h3 class=\"wp-block-heading\">Nadala se ljep\u0161oj starosti<\/h3>\n\n\n\n<p>Kako su joj k\u0107eri oduzimale slobodu, tako je ona bivala sve bolesnija. &#8220;Na kraju su me, prije dvije godine, strpale u jedan privatni dom. Bilo je to bez mog pristanka i ja sam u tom domu do\u017eivjela te\u0161ku mo\u017edanu traumu&#8221;, povjerava nam u pismu ova nesretna umirovljenica.<\/p><div id=\"mojev-2424676402\" class=\"mojev-u-tekstu mojev-entity-placement\" style=\"margin-left: auto;margin-right: auto;text-align: center;\"><div class=\"mojev-adlabel\">oglas<\/div><div style=\"height: 250px;\"><script async src=\"https:\/\/pagead2.googlesyndication.com\/pagead\/js\/adsbygoogle.js?client=ca-pub-8106111766207173\"\r\n     crossorigin=\"anonymous\"><\/script>\r\n<!-- Prikazni 1 u tekstu -->\r\n<ins class=\"adsbygoogle\"\r\n     style=\"display:block\"\r\n     data-ad-client=\"ca-pub-8106111766207173\"\r\n     data-ad-slot=\"8535551207\"\r\n     data-ad-format=\"auto\"\r\n     data-full-width-responsive=\"true\"><\/ins>\r\n<script>\r\n     (adsbygoogle = window.adsbygoogle || []).push({});\r\n<\/script><\/div><\/div><br style=\"clear: both; display: block; float: none;\"\/>\n\n\n\n<p>Za vrijeme maj\u010dine nemo\u0107i, tvrdi ona, k\u0107eri su se okoristile njezinom imovinom. &#8220;Iz stana su mi otu\u0111ile gomilu stvari koje ja ne bih dala dirati da sam mogla sprije\u010diti. Ni u snu nisam mogla o\u010dekivati da \u0107u tako ne\u0161to do\u017eivjeti od vlastite obitelji&#8221;, napisala je gospo\u0111a Marija.<\/p>\n\n\n\n<h3 class=\"wp-block-heading\">La\u017e je razorna<\/h3>\n\n\n\n<p>Boli je iznad svega \u0161to nije ni slutila da su joj cijelo vrijeme k\u0107eri lagale. Dala im se bezuvjetno dok ih nije podigla, nije, pi\u0161e nam, ni izdaleka marila za sebe koliko je brinula za njih.<\/p>\n\n\n\n<p>&#8220;O svojoj bih nesre\u0107i mogla napisati cijeli roman, ali nema smisla. Mogu vam jedino priznati da mi je iskreno \u017eao \u0161to sve te godine svog \u017eivota, koje sam posvetila njima, nisam vi\u0161e vodila brigu o sebi i mislila na sebe. Zato svakome \u017eelim re\u0107i da si bude va\u017ean, jer zapostavljanje sebe zbog drugih nije dobro. Pogledajte samo \u0161to se meni dogodilo&#8221;, zaklju\u010dila je svoje pismo na\u0161a \u010ditateljica Marija.<\/p>\n\n\n\n<div id=\"crveno\"><\/p>\n\n\n\n<h3 class=\"wp-block-heading\">Zanima nas va\u0161a pri\u010da<\/h3>\n\n\n\n<p>\u017delite li i vi, posve anonimno, podijeliti svoje iskustvo i vi\u0111enje ove teme s nama i na\u0161im \u010ditateljima, mo\u017eete to u\u010diniti putem web obrasca <a rel=\"noreferrer noopener\" href=\"https:\/\/www.mojevrijeme.hr\/magazin\/povjerljivo\/\" target=\"_blank\">Povjerljivo<\/a>. Napi\u0161ite svoju pri\u010du!<\/p>\n\n\n\n<p><\/div>\n<div id=\"mojev-2033818195\" class=\"mojev-kraj-teksta mojev-entity-placement\" style=\"margin-bottom: 20px;margin-left: auto;margin-right: auto;text-align: center;\"><div class=\"mojev-adlabel\">oglas<\/div><div style=\"height: 250px;\"><script async src=\"https:\/\/pagead2.googlesyndication.com\/pagead\/js\/adsbygoogle.js?client=ca-pub-8106111766207173\"\r\n     crossorigin=\"anonymous\"><\/script>\r\n<!-- Display-1 -->\r\n<ins class=\"adsbygoogle\"\r\n     style=\"display:block\"\r\n     data-ad-client=\"ca-pub-8106111766207173\"\r\n     data-ad-slot=\"1465712950\"\r\n     data-ad-format=\"auto\"\r\n     data-full-width-responsive=\"true\"><\/ins>\r\n<script>\r\n     (adsbygoogle = window.adsbygoogle || []).push({});\r\n<\/script><\/div><\/div>","protected":false},"excerpt":{"rendered":"<p>Svu je bol umirovljenica Marija uspjela opisati u samo nekoliko re\u010denica, a mogla bi, naglasila je, o svojoj nesre\u0107i napisati roman. K\u0107eri su te koje su joj prouzro\u010dile toliku traumu, da vi\u0161e ne vidi niti jedan sretan dan pred sobom.<\/p>\n","protected":false},"author":17,"featured_media":103440,"comment_status":"closed","ping_status":"closed","sticky":false,"template":"","format":"standard","meta":{"footnotes":""},"categories":[3552],"tags":[918,3600],"class_list":["post-103410","post","type-post","status-publish","format-standard","has-post-thumbnail","hentry","category-povjerljivo","tag-imovina","tag-majke-i-kceri"],"_links":{"self":[{"href":"https:\/\/www.mojevrijeme.hr\/magazin\/wp-json\/wp\/v2\/posts\/103410","targetHints":{"allow":["GET"]}}],"collection":[{"href":"https:\/\/www.mojevrijeme.hr\/magazin\/wp-json\/wp\/v2\/posts"}],"about":[{"href":"https:\/\/www.mojevrijeme.hr\/magazin\/wp-json\/wp\/v2\/types\/post"}],"author":[{"embeddable":true,"href":"https:\/\/www.mojevrijeme.hr\/magazin\/wp-json\/wp\/v2\/users\/17"}],"replies":[{"embeddable":true,"href":"https:\/\/www.mojevrijeme.hr\/magazin\/wp-json\/wp\/v2\/comments?post=103410"}],"version-history":[{"count":0,"href":"https:\/\/www.mojevrijeme.hr\/magazin\/wp-json\/wp\/v2\/posts\/103410\/revisions"}],"wp:featuredmedia":[{"embeddable":true,"href":"https:\/\/www.mojevrijeme.hr\/magazin\/wp-json\/wp\/v2\/media\/103440"}],"wp:attachment":[{"href":"https:\/\/www.mojevrijeme.hr\/magazin\/wp-json\/wp\/v2\/media?parent=103410"}],"wp:term":[{"taxonomy":"category","embeddable":true,"href":"https:\/\/www.mojevrijeme.hr\/magazin\/wp-json\/wp\/v2\/categories?post=103410"},{"taxonomy":"post_tag","embeddable":true,"href":"https:\/\/www.mojevrijeme.hr\/magazin\/wp-json\/wp\/v2\/tags?post=103410"}],"curies":[{"name":"wp","href":"https:\/\/api.w.org\/{rel}","templated":true}]}}