{"id":103788,"date":"2024-09-25T10:19:49","date_gmt":"2024-09-25T08:19:49","guid":{"rendered":"https:\/\/www.mojevrijeme.hr\/magazin\/?p=103788"},"modified":"2024-09-25T10:19:53","modified_gmt":"2024-09-25T08:19:53","slug":"nevena-55-za-majku-sam-samo-netko-tko-joj-je-unistio-mladost-i-zivot","status":"publish","type":"post","link":"https:\/\/www.mojevrijeme.hr\/magazin\/2024\/09\/nevena-55-za-majku-sam-samo-netko-tko-joj-je-unistio-mladost-i-zivot\/","title":{"rendered":"Nevena (55): &#8216;Za majku sam samo netko tko joj je uni\u0161tio mladost i \u017eivot&#8217;"},"content":{"rendered":"\n<p>O bolnim ranama iz djetinjstva i mladosti usudila nam se pisati gospo\u0111a Nevena. Putuju\u0107i kroz njezine misli te\u0161ko se oteti dojmu da unato\u010d tome \u0161to su dani tihe patnje desetlje\u0107a iza nje, za nju je to i danas bolna tema. I zauvijek \u0107e, \u010dini se, biti. Hvala joj stoga na hrabrosti \u0161to je smogla snage otvoriti rane od kojih ju najvi\u0161e boli rana nastala zbog nedostatka maj\u010dine ljubavi.<\/p>\n\n\n\n<p>&#8220;Imam 55 godina. Imam visoku stru\u010dnu spremu i radim u jednoj odgojno obrazovnih ustanovi u velikom gradu. Ro\u0111ena sam kao izvanbra\u010dno ne\u017eeljeno dijete. Otac je moju majku napustio \u010dim je saznao da je trudna. Majka je skrivala trudno\u0107u i rodila me na veliko iznena\u0111enje i ogor\u010denje svojih roditelja koji joj nisu dopustili da se iz rodili\u0161ta vrati ku\u0107i&#8221;, doznajemo iz uvoda pisma.<\/p>\n\n\n\n<p>Potom pi\u0161e da je u rodili\u0161te k majci do\u0161ao \u010dovjek kojeg je poznavala, a koji joj je ponudio brak i prihva\u0107anje djeteta kao svog. Majka je pristala, ta bila je to za nju mo\u017eda jedina slamka spasa.<\/p><div id=\"mojev-4017748155\" class=\"mojev-u-tekstu mojev-entity-placement\" style=\"margin-left: auto;margin-right: auto;text-align: center;\"><div class=\"mojev-adlabel\">oglas<\/div><div style=\"height: 250px;\"><script async src=\"https:\/\/pagead2.googlesyndication.com\/pagead\/js\/adsbygoogle.js?client=ca-pub-8106111766207173\"\r\n     crossorigin=\"anonymous\"><\/script>\r\n<!-- Prikazni 1 u tekstu -->\r\n<ins class=\"adsbygoogle\"\r\n     style=\"display:block\"\r\n     data-ad-client=\"ca-pub-8106111766207173\"\r\n     data-ad-slot=\"8535551207\"\r\n     data-ad-format=\"auto\"\r\n     data-full-width-responsive=\"true\"><\/ins>\r\n<script>\r\n     (adsbygoogle = window.adsbygoogle || []).push({});\r\n<\/script><\/div><\/div><br style=\"clear: both; display: block; float: none;\"\/>\n\n\n\n<h3 class=\"wp-block-heading\">Lo\u0161 odnos s majkom<\/h3>\n\n\n\n<p>&#8220;Taj moj o\u010duh me jako volio i bio je jedina osoba koja je vjerovala u mene. Majci sam bila netko tko joj je uni\u0161tio mladost i \u017eivot i da nije bilo mene, vjerojatno bi bilo sve druga\u010dije. Vjerojatno nije voljela mog oca ve\u0107 ga je vi\u0161e po\u0161tivala jer ju je eto izvukao iz te\u0161ke situacije. S majkom nikada nisam uspostavila pravi odnos&#8221;, obja\u0161njava Nevena.<\/p>\n\n\n\n<p>&#8220;O svemu se, pi\u0161e nadalje, tajilo i nije se smjelo govoriti pa sam istinu slu\u010dajno doznala u dvanaestoj godini. Svijet mi se sru\u0161io i toliko sam bila ljuta da se nikome nisam povjerila da znam istinu. Od tada ne vjerujem ljudima\u201d, napisala je.<\/p>\n\n\n\n<h3 class=\"wp-block-heading\">Upoznaje biolo\u0161kog oca<\/h3>\n\n\n\n<p>&#8220;Svog pravog oca upoznala sam prije pet godina kad je ve\u0107 bio jako star i bolestan. Kuhala sam mu i nosila obroke da ne umre gladan jer njegovi sinovi nisu pokazivali nikakvu brigu za njega. Plakao je i ljubio me i grlio \u017eale\u0107i za izgubljenim godinama bez k\u0107eri. Govorio mi je: Nisam ni sanjao da \u0107u zadnju \u017elicu pojesti iz tvoje ruke&#8221;, svjedo\u010di u pismu.<\/p>\n\n\n\n<p>Ima, nagla\u0161ava potom Nevena, predivnu obitelj &#8211; sina i mu\u017ea, ali osje\u0107a se obilje\u017eenom i ne mo\u017ee u\u017eivati u svim \u017eivotnim radostima koje joj obitelj pru\u017ea.<\/p>\n\n\n\n<h3 class=\"wp-block-heading\">Majka izigravala \u017ertvu<\/h3>\n\n\n\n<p>&#8220;Majka mi je \u017eiva, o\u010duh je na\u017ealost umro, mislim da nije bio sretan s mojom majkom i odao se alkoholu \u0161to je tako\u0111er naru\u0161avalo prividan sklad. Majku razumijem, ali ona nikad nije razumjela mene, uvijek je izigravala \u017ertvu i pokazivala karakter narcisoidne osobe. I danas se pona\u0161a na na\u010din da joj ja moram nadokna\u0111ivali sva njezina nezadovoljstva i stalno me stavlja u poziciju da osje\u0107am krivnju&#8221;, tvrdi ona.<\/p>\n\n\n\n<p>&#8220;Naizgled odajem dojam jaka osobe koja mo\u017ee rije\u0161iti svaki problem i \u010desto se vole svi oslanjati na mene, a zapravo je sve suprotno, jako sam ranjiva i osjetljiva samo \u0161to to ne pokazujem. Uzimam blage doze antidepresiva i svega sam svjesna, ali ne mogu si pomo\u0107i. Imam duboku usa\u0111en osje\u0107aj niskog samopo\u0161tovanja. Sada ve\u0107 imam i previ\u0161e godina da bih se mogla mijenjati&#8221;, zaklju\u010dila je na kraju pisma gospo\u0111a Nevena.<\/p>\n\n\n\n<div id=\"crveno\"><\/p>\n\n\n\n<h3 class=\"wp-block-heading\">Zanima nas va\u0161a pri\u010da<\/h3>\n\n\n\n<p>\u017delite li i vi, posve anonimno, podijeliti svoje iskustvo i vi\u0111enje ove teme s nama i na\u0161im \u010ditateljima, mo\u017eete to u\u010diniti putem web obrasca <a rel=\"noreferrer noopener\" href=\"https:\/\/www.mojevrijeme.hr\/magazin\/povjerljivo\/\" target=\"_blank\">Povjerljivo<\/a>. Napi\u0161ite svoju pri\u010du!<\/p>\n\n\n\n<p><\/div>\n<div id=\"mojev-301757292\" class=\"mojev-kraj-teksta mojev-entity-placement\" style=\"margin-bottom: 20px;margin-left: auto;margin-right: auto;text-align: center;\"><div class=\"mojev-adlabel\">oglas<\/div><div style=\"height: 250px;\"><script async src=\"https:\/\/pagead2.googlesyndication.com\/pagead\/js\/adsbygoogle.js?client=ca-pub-8106111766207173\"\r\n     crossorigin=\"anonymous\"><\/script>\r\n<!-- Display-1 -->\r\n<ins class=\"adsbygoogle\"\r\n     style=\"display:block\"\r\n     data-ad-client=\"ca-pub-8106111766207173\"\r\n     data-ad-slot=\"1465712950\"\r\n     data-ad-format=\"auto\"\r\n     data-full-width-responsive=\"true\"><\/ins>\r\n<script>\r\n     (adsbygoogle = window.adsbygoogle || []).push({});\r\n<\/script><\/div><\/div>","protected":false},"excerpt":{"rendered":"<p>Te\u0161ko je i u sretnijim danima \u017eivota rije\u0161iti se mu\u010dnih okova pro\u0161losti \u2013 gospo\u0111a Nevena ima 55 godina, u sretnom je braku, ima djecu, a jo\u0161 uvijek je, pi\u0161e nam, proganjaju duhovi te\u0161kih spoznaja u djetinjstvu.<\/p>\n","protected":false},"author":17,"featured_media":116766,"comment_status":"closed","ping_status":"closed","sticky":false,"template":"","format":"standard","meta":{"footnotes":""},"categories":[3552],"tags":[3600],"class_list":["post-103788","post","type-post","status-publish","format-standard","has-post-thumbnail","hentry","category-povjerljivo","tag-majke-i-kceri"],"_links":{"self":[{"href":"https:\/\/www.mojevrijeme.hr\/magazin\/wp-json\/wp\/v2\/posts\/103788","targetHints":{"allow":["GET"]}}],"collection":[{"href":"https:\/\/www.mojevrijeme.hr\/magazin\/wp-json\/wp\/v2\/posts"}],"about":[{"href":"https:\/\/www.mojevrijeme.hr\/magazin\/wp-json\/wp\/v2\/types\/post"}],"author":[{"embeddable":true,"href":"https:\/\/www.mojevrijeme.hr\/magazin\/wp-json\/wp\/v2\/users\/17"}],"replies":[{"embeddable":true,"href":"https:\/\/www.mojevrijeme.hr\/magazin\/wp-json\/wp\/v2\/comments?post=103788"}],"version-history":[{"count":0,"href":"https:\/\/www.mojevrijeme.hr\/magazin\/wp-json\/wp\/v2\/posts\/103788\/revisions"}],"wp:featuredmedia":[{"embeddable":true,"href":"https:\/\/www.mojevrijeme.hr\/magazin\/wp-json\/wp\/v2\/media\/116766"}],"wp:attachment":[{"href":"https:\/\/www.mojevrijeme.hr\/magazin\/wp-json\/wp\/v2\/media?parent=103788"}],"wp:term":[{"taxonomy":"category","embeddable":true,"href":"https:\/\/www.mojevrijeme.hr\/magazin\/wp-json\/wp\/v2\/categories?post=103788"},{"taxonomy":"post_tag","embeddable":true,"href":"https:\/\/www.mojevrijeme.hr\/magazin\/wp-json\/wp\/v2\/tags?post=103788"}],"curies":[{"name":"wp","href":"https:\/\/api.w.org\/{rel}","templated":true}]}}