{"id":103794,"date":"2024-04-11T10:38:49","date_gmt":"2024-04-11T08:38:49","guid":{"rendered":"https:\/\/www.mojevrijeme.hr\/magazin\/?p=103794"},"modified":"2024-04-11T10:41:02","modified_gmt":"2024-04-11T08:41:02","slug":"kako-godine-studiranja-uracunati-u-staz-ovo-su-postojeci-modeli","status":"publish","type":"post","link":"https:\/\/www.mojevrijeme.hr\/magazin\/2024\/04\/kako-godine-studiranja-uracunati-u-staz-ovo-su-postojeci-modeli\/","title":{"rendered":"Kako godine studiranja ura\u010dunati u sta\u017e? Ovo su postoje\u0107i modeli"},"content":{"rendered":"\n<p>Predizborno zauzimanje koalicije Umirovljenici zajedno da se godine studiranja ura\u010dunaju u sta\u017e , nai\u0161ao je na podijeljenu reakcije javnosti. No ono \u0161to se u hrvatskim okvirima \u010dini egzoti\u010dnim, u nekim je naprednijim zemljama posve normalno. <a href=\"https:\/\/www.tportal.hr\/biznis\/clanak\/treba-li-vrijeme-studiranja-ici-u-radni-staz-ovaj-model-mogao-bi-biti-pun-pogodak-foto-20240411\" target=\"_blank\" rel=\"noreferrer noopener\">Tportal <\/a>je napravio kratki pregled postoje\u0107ih modela koji sasma dobro funkcioniraju.<\/p>\n\n\n\n<h3 class=\"wp-block-heading\">Njema\u010dka<\/h3>\n\n\n\n<p>U njema\u010dkom mirovinskom sustavu postoje razli\u010diti pragovi mirovinskog sta\u017ea u okviru kojih se priznaju mirovinska prava za starosnu mirovinu. Ovisno o vrsti mirovine, mirovinski sta\u017e mo\u017ee biti pet godina, 20 godina, 25 godina, 35 godina ili 45 godina.<\/p>\n\n\n\n<p>Osiguranici koji se kvalificiraju za mirovinu s minimalno 35 godina sta\u017ea imaju pravo u njega ura\u010dunati razdoblje studiranja. Onima koji stje\u010du pravo na mirovinu s 35 godina sta\u017ea mogu se priznati i razdoblja u kojima su bili bolesni, trudni i nezaposleni.<\/p><div id=\"mojev-2437449721\" class=\"mojev-u-tekstu mojev-entity-placement\" style=\"margin-left: auto;margin-right: auto;text-align: center;\"><div class=\"mojev-adlabel\">oglas<\/div><div style=\"height: 250px;\"><script async src=\"https:\/\/pagead2.googlesyndication.com\/pagead\/js\/adsbygoogle.js?client=ca-pub-8106111766207173\"\r\n     crossorigin=\"anonymous\"><\/script>\r\n<!-- Prikazni 1 u tekstu -->\r\n<ins class=\"adsbygoogle\"\r\n     style=\"display:block\"\r\n     data-ad-client=\"ca-pub-8106111766207173\"\r\n     data-ad-slot=\"8535551207\"\r\n     data-ad-format=\"auto\"\r\n     data-full-width-responsive=\"true\"><\/ins>\r\n<script>\r\n     (adsbygoogle = window.adsbygoogle || []).push({});\r\n<\/script><\/div><\/div><br style=\"clear: both; display: block; float: none;\"\/>\n\n\n\n<h3 class=\"wp-block-heading\">Belgija<\/h3>\n\n\n\n<p>U Belgiji postoji mogu\u0107nost dokupa sta\u017ea za godine studiranja. Dokup sta\u017ea omogu\u0107en je za razdoblje visokog obrazovanja (sveu\u010dili\u0161nog i nesveu\u010dili\u0161nog) u kojem je ste\u010dena diploma, najvi\u0161e dvije godine tijekom kojih je pripreman doktorat te za razdoblje pripravni\u010dkog sta\u017ea.<\/p>\n\n\n\n<p>Zaposlenici i samozaposleni pojedinci koji reguliraju svoje razdoblje studiranja unutar 10 godina nakon stjecanja diplome pla\u0107aju pau\u0161alni iznos od 1560,60 eura za godinu sta\u017ea. Ako dokupljuju sta\u017e nakon tog roka, pau\u0161alni iznos se pove\u0107ava. Treba napomenuti da dokup sta\u017ea u Belgiji utje\u010de samo na iznos mirovine, a ne i na raniji mogu\u0107i datum umirovljenja.<\/p>\n\n\n\n<h3 class=\"wp-block-heading\">Italija<\/h3>\n\n\n\n<p>U Italiji postoji model dokupa sta\u017ea prema kojem je mogu\u0107e &#8220;pretvoriti&#8221; godine provedene na sveu\u010dili\u0161tu u mirovinska prava po cijeni od 5260 eura po godini studija, \u0161to je plativo u do 120 mjese\u010dnih rata i potpuno oslobo\u0111eno poreza.<\/p>\n\n\n\n<p>U prava na mirovinu mogu se &#8220;pretvoriti&#8221; sve vrste sveu\u010dili\u0161nih studija, uklju\u010duju\u0107i istra\u017eiva\u010dke doktorate, poslijediplomske studije i te\u010dajeve koji su certificirani kao ekvivalentni sveu\u010dili\u0161nim diplomama. Dodatne godine studiranja iznad uobi\u010dajenog roka ne priznaju se, kao ni razdoblje studiranja uz posao.<\/p>\n\n\n\n<h3 class=\"wp-block-heading\">Poljska<\/h3>\n\n\n\n<p>Pravo na mirovinu u Poljskoj stje\u010de se navr\u0161enom starosnom mirovinom i radnim sta\u017eem koji iznosi 20 godina za \u017eene i 25 godina za mu\u0161karce. U radni period priznaje se i vrijeme provedeno na redovnom studiju, kao i vrijeme provedeno na bolovanju.<\/p>\n\n\n\n<p>Pritom se u izra\u010dunu mirovine ta razdoblja obra\u010dunavaju po sni\u017eenoj obra\u010dunskoj osnovici i uzimaju se samo u dijelu koji ne prelazi tre\u0107inu dokazanih razdoblja pla\u0107anja doprinosa. Primjerice, &#8220;razdoblje nepla\u0107anja doprinosa&#8221; za mu\u0161karce s 25 godina sta\u017ea je najvi\u0161e osam godina, pi\u0161e <a href=\"https:\/\/www.tportal.hr\/biznis\/clanak\/treba-li-vrijeme-studiranja-ici-u-radni-staz-ovaj-model-mogao-bi-biti-pun-pogodak-foto-20240411\" target=\"_blank\" rel=\"noreferrer noopener\">Tportal<\/a>.<\/p>\n\n\n\n<h3 class=\"wp-block-heading\">Austrija<\/h3>\n\n\n\n<p>U Austriji se u radni sta\u017e priznaju razdoblja nezaposlenosti, bolovanja, slu\u017eenja vojnog roka ili odgoja djece za vrijeme kojih je doprinose upla\u0107ivala dr\u017eava. Kada je rije\u010d o razdoblju studiranja, Austrija omogu\u0107uje dokup sta\u017ea za godine studija.<\/p>\n\n\n\n<p>Priznavanje godina redovnog studiranja u radni sta\u017e po nekom od navedenih modela svakako bi zna\u010dajno pobolj\u0161alo status hrvatskih umirovljenika s fakultetskim obrazovanjem, ali i potaknulo mlade da se odlu\u010de na studiranje, zaklju\u010duje <a href=\"https:\/\/www.tportal.hr\/biznis\/clanak\/treba-li-vrijeme-studiranja-ici-u-radni-staz-ovaj-model-mogao-bi-biti-pun-pogodak-foto-20240411\" target=\"_blank\" rel=\"noreferrer noopener\">Tportal<\/a>.<\/p>\n<div id=\"mojev-835011594\" class=\"mojev-kraj-teksta mojev-entity-placement\" style=\"margin-bottom: 20px;margin-left: auto;margin-right: auto;text-align: center;\"><div class=\"mojev-adlabel\">oglas<\/div><div style=\"height: 250px;\"><script async src=\"https:\/\/pagead2.googlesyndication.com\/pagead\/js\/adsbygoogle.js?client=ca-pub-8106111766207173\"\r\n     crossorigin=\"anonymous\"><\/script>\r\n<!-- Display-1 -->\r\n<ins class=\"adsbygoogle\"\r\n     style=\"display:block\"\r\n     data-ad-client=\"ca-pub-8106111766207173\"\r\n     data-ad-slot=\"1465712950\"\r\n     data-ad-format=\"auto\"\r\n     data-full-width-responsive=\"true\"><\/ins>\r\n<script>\r\n     (adsbygoogle = window.adsbygoogle || []).push({});\r\n<\/script><\/div><\/div>","protected":false},"excerpt":{"rendered":"<p>Dok su njihovi vr\u0161njaci stjecali radni sta\u017e, visokoobrazovani su studirali. Rezultat je da su zbog studija na kraju penalizirani, budu\u0107i da u mirovinu odlaze s manje godina sta\u017ea ili moraju du\u017ee raditi i kra\u0107e u\u017eivati mirovinu.<\/p>\n","protected":false},"author":1,"featured_media":74563,"comment_status":"closed","ping_status":"closed","sticky":false,"template":"","format":"standard","meta":{"footnotes":""},"categories":[9],"tags":[18,3608,1461],"class_list":["post-103794","post","type-post","status-publish","format-standard","has-post-thumbnail","hentry","category-vijesti","tag-mirovine","tag-radni-staz","tag-studiranje"],"_links":{"self":[{"href":"https:\/\/www.mojevrijeme.hr\/magazin\/wp-json\/wp\/v2\/posts\/103794","targetHints":{"allow":["GET"]}}],"collection":[{"href":"https:\/\/www.mojevrijeme.hr\/magazin\/wp-json\/wp\/v2\/posts"}],"about":[{"href":"https:\/\/www.mojevrijeme.hr\/magazin\/wp-json\/wp\/v2\/types\/post"}],"author":[{"embeddable":true,"href":"https:\/\/www.mojevrijeme.hr\/magazin\/wp-json\/wp\/v2\/users\/1"}],"replies":[{"embeddable":true,"href":"https:\/\/www.mojevrijeme.hr\/magazin\/wp-json\/wp\/v2\/comments?post=103794"}],"version-history":[{"count":0,"href":"https:\/\/www.mojevrijeme.hr\/magazin\/wp-json\/wp\/v2\/posts\/103794\/revisions"}],"wp:featuredmedia":[{"embeddable":true,"href":"https:\/\/www.mojevrijeme.hr\/magazin\/wp-json\/wp\/v2\/media\/74563"}],"wp:attachment":[{"href":"https:\/\/www.mojevrijeme.hr\/magazin\/wp-json\/wp\/v2\/media?parent=103794"}],"wp:term":[{"taxonomy":"category","embeddable":true,"href":"https:\/\/www.mojevrijeme.hr\/magazin\/wp-json\/wp\/v2\/categories?post=103794"},{"taxonomy":"post_tag","embeddable":true,"href":"https:\/\/www.mojevrijeme.hr\/magazin\/wp-json\/wp\/v2\/tags?post=103794"}],"curies":[{"name":"wp","href":"https:\/\/api.w.org\/{rel}","templated":true}]}}