{"id":103854,"date":"2024-04-12T11:03:29","date_gmt":"2024-04-12T09:03:29","guid":{"rendered":"https:\/\/www.mojevrijeme.hr\/magazin\/?p=103854"},"modified":"2024-04-12T11:19:42","modified_gmt":"2024-04-12T09:19:42","slug":"mihaela-61-ovo-je-apsurdistan-kaznjavaju-me-jer-radim-u-mirovini","status":"publish","type":"post","link":"https:\/\/www.mojevrijeme.hr\/magazin\/2024\/04\/mihaela-61-ovo-je-apsurdistan-kaznjavaju-me-jer-radim-u-mirovini\/","title":{"rendered":"Mihaela (61): Ovo je Apsurdistan, ka\u017enjavaju me zbog toga \u0161to radim u mirovini"},"content":{"rendered":"\n<p>Sre\u0107om je na\u0161a <strong>\u010ditateljica Mihaela<\/strong> jo\u0161 dobrog zdravlja, pa si je mogla potra\u017eiti posao na pola radnog vremena kako bi si barem malo financijski pomogla u mirovini. Sada brine nove brige. Jedna je, razumljivo, do kada \u0107e joj izdr\u017eati zdravlje i \u0161to \u0107e biti kad vi\u0161e ne\u0107e mo\u0107i raditi. Druga je porez koji mora pla\u0107ati dr\u017eavi jer sada joj primanja prelaze osobni odbitak od 560 eura.<\/p>\n\n\n\n<p>&#8220;Imam 61 godinu, \u017eivim sama i u mirovini sam dvije godine. Nakon 34,5 godina sta\u017ea plus 1,5 godina koje sam na to dobila za troje djece, mirovina mi iznosi 388 eura. Zbog izrazito male mirovine i ogromne inflacije, unato\u010d uvjeravanju na\u0161e vlade kako si to samo umi\u0161ljam, bila sam prisiljena potra\u017eiti posao na pola radnog vremena&#8221;, obja\u0161njava svoje razloge.<\/p>\n\n\n\n<h3 class=\"wp-block-heading\">Zemlja apsurda<\/h3>\n\n\n\n<p>&#8220;Ali, tu dolazimo do nevi\u0111enog apsurda u zemlji Apsurdistanu. Za rad na \u010detiri sata dobijem neto pla\u0107u od 400 eura. Uz 400 eura mirovine, to ukupno mjese\u010dno primanje iznosi oko 800 eura. Budu\u0107i da je osobni odbitak 560 eura, na razliku od 240 eura moram pla\u0107ati porez. Zna\u010di na moju mirovinu pla\u0107am porez. Meni je to nelogi\u010dno&#8221;, osje\u0107a se ka\u017enjeno gospo\u0111a Mihaela.<\/p><div id=\"mojev-4160861658\" class=\"mojev-u-tekstu mojev-entity-placement\" style=\"margin-left: auto;margin-right: auto;text-align: center;\"><div class=\"mojev-adlabel\">oglas<\/div><div style=\"height: 250px;\"><script async src=\"https:\/\/pagead2.googlesyndication.com\/pagead\/js\/adsbygoogle.js?client=ca-pub-8106111766207173\"\r\n     crossorigin=\"anonymous\"><\/script>\r\n<!-- Prikazni 1 u tekstu -->\r\n<ins class=\"adsbygoogle\"\r\n     style=\"display:block\"\r\n     data-ad-client=\"ca-pub-8106111766207173\"\r\n     data-ad-slot=\"8535551207\"\r\n     data-ad-format=\"auto\"\r\n     data-full-width-responsive=\"true\"><\/ins>\r\n<script>\r\n     (adsbygoogle = window.adsbygoogle || []).push({});\r\n<\/script><\/div><\/div><br style=\"clear: both; display: block; float: none;\"\/>\n\n\n\n<h3 class=\"wp-block-heading\">\u017dene samci trpe<\/h3>\n\n\n\n<p>Mala mirovina, mala pla\u0107a, a na sve porez, razumljiva je ljutnja gospo\u0111e Mihaele. &#8220;Moram raditi da ne skapavam od gladi i jo\u0161 eto moram platiti dr\u017eavi porez na mirovinu. Kad bih se pak zaposlila na puno radno vrijeme, mirovina bi mi se stavila u mirovanje, i opet bi bila na istom. Zato primjerice moj susjed s mirovinom od 1.000 eura radi na bau\u0161teli u Austriji i pri tome prima punu mirovinu&#8221;, pi\u0161e povrije\u0111eno.<\/p>\n\n\n\n<p>&#8220;Ova dr\u017eava je nekima majka, drugima ma\u0107eha. \u017denama samcima definitivno je ma\u0107eha, prepuna nelogi\u010dnosti, poni\u017eenja i obespravljenosti, to je moje mi\u0161ljenje proiza\u0161lo iz mog osobnog iskustva. Lijepi pozdrav iz opusto\u0161ene Slavonije&#8221;, rije\u010di su kojima svoje pismo zavr\u0161ava nezadovoljna gospo\u0111a Mihaela.<\/p>\n\n\n\n<h3 class=\"wp-block-heading\">Anita: Radim u mirovini, i to te\u0161ko!<\/h3>\n\n\n\n<p>I gospo\u0111a Anita ka\u017ee da se vratila raditi u mirovini, jer joj je na naplatu stizalo sve kao i dok je radila. &#8220;Manji su mi tro\u0161ak u mirovini jedino djeca, ali sada imam unuke kojima \u017eelim ne\u0161to priu\u0161titi. To s 450 eura, kao samac, nisam mogla. Sre\u0107om \u017eivim u gradu gdje ima posla, pa sam oti\u0161la \u010distiti dva ureda&#8221;, pi\u0161e nam.<\/p>\n\n\n\n<p>&#8220;Radim svaki drugi dan na pola radnog vremena i zaradim iznos ne\u0161to manji od mirovine. I s tim mi je ukupnim iznosom te\u0161ko \u017eivjeti, ne znam \u0161to \u0107e biti kad padnem samo na mirovinu. Ovo \u0161to radim ipak je fizi\u010dki rad, to ne mo\u017ee \u010dovjek dovijeka raditi. Namu\u010dim se da padam s nogu, voljela bih da mogu mirnije u\u017eivati u penziji&#8221;, pi\u0161e nam.<\/p>\n\n\n\n<p>Imate li i vi iskustva s radom u mirovini? Jeste li zadovoljni?<\/p>\n\n\n\n<div id=\"crveno\"><\/p>\n\n\n\n<h3 class=\"wp-block-heading\">Zanima nas va\u0161a pri\u010da<\/h3>\n\n\n\n<p>\u017delite li i vi, posve anonimno, podijeliti svoje iskustvo i vi\u0111enje ove teme s nama i na\u0161im \u010ditateljima, mo\u017eete to u\u010diniti putem web obrasca <a rel=\"noreferrer noopener\" href=\"https:\/\/www.mojevrijeme.hr\/magazin\/povjerljivo\/\" target=\"_blank\">Povjerljivo<\/a>. Napi\u0161ite svoju pri\u010du!<\/p>\n\n\n\n<p><\/div>\n<div id=\"mojev-201974984\" class=\"mojev-kraj-teksta mojev-entity-placement\" style=\"margin-bottom: 20px;margin-left: auto;margin-right: auto;text-align: center;\"><div class=\"mojev-adlabel\">oglas<\/div><div style=\"height: 250px;\"><script async src=\"https:\/\/pagead2.googlesyndication.com\/pagead\/js\/adsbygoogle.js?client=ca-pub-8106111766207173\"\r\n     crossorigin=\"anonymous\"><\/script>\r\n<!-- Display-1 -->\r\n<ins class=\"adsbygoogle\"\r\n     style=\"display:block\"\r\n     data-ad-client=\"ca-pub-8106111766207173\"\r\n     data-ad-slot=\"1465712950\"\r\n     data-ad-format=\"auto\"\r\n     data-full-width-responsive=\"true\"><\/ins>\r\n<script>\r\n     (adsbygoogle = window.adsbygoogle || []).push({});\r\n<\/script><\/div><\/div>","protected":false},"excerpt":{"rendered":"<p>Gospo\u0111a Mihaela u mirovinu je, pi\u0161e nam, oti\u0161la s 59 godina starosti. Za 36 godina sta\u017ea, mirovina joj je glasila na 388 eura, s kojima nije mogla pre\u017eivjeti mjesec. Odlu\u010dila se na rad u mirovini, ali sada podlije\u017ee porezu na koji je ljuta i osje\u0107a se zakinuto.<\/p>\n","protected":false},"author":17,"featured_media":103878,"comment_status":"closed","ping_status":"closed","sticky":false,"template":"","format":"standard","meta":{"footnotes":""},"categories":[3552],"tags":[573,1342],"class_list":["post-103854","post","type-post","status-publish","format-standard","has-post-thumbnail","hentry","category-povjerljivo","tag-porezi","tag-rad-uz-mirovinu"],"_links":{"self":[{"href":"https:\/\/www.mojevrijeme.hr\/magazin\/wp-json\/wp\/v2\/posts\/103854","targetHints":{"allow":["GET"]}}],"collection":[{"href":"https:\/\/www.mojevrijeme.hr\/magazin\/wp-json\/wp\/v2\/posts"}],"about":[{"href":"https:\/\/www.mojevrijeme.hr\/magazin\/wp-json\/wp\/v2\/types\/post"}],"author":[{"embeddable":true,"href":"https:\/\/www.mojevrijeme.hr\/magazin\/wp-json\/wp\/v2\/users\/17"}],"replies":[{"embeddable":true,"href":"https:\/\/www.mojevrijeme.hr\/magazin\/wp-json\/wp\/v2\/comments?post=103854"}],"version-history":[{"count":0,"href":"https:\/\/www.mojevrijeme.hr\/magazin\/wp-json\/wp\/v2\/posts\/103854\/revisions"}],"wp:featuredmedia":[{"embeddable":true,"href":"https:\/\/www.mojevrijeme.hr\/magazin\/wp-json\/wp\/v2\/media\/103878"}],"wp:attachment":[{"href":"https:\/\/www.mojevrijeme.hr\/magazin\/wp-json\/wp\/v2\/media?parent=103854"}],"wp:term":[{"taxonomy":"category","embeddable":true,"href":"https:\/\/www.mojevrijeme.hr\/magazin\/wp-json\/wp\/v2\/categories?post=103854"},{"taxonomy":"post_tag","embeddable":true,"href":"https:\/\/www.mojevrijeme.hr\/magazin\/wp-json\/wp\/v2\/tags?post=103854"}],"curies":[{"name":"wp","href":"https:\/\/api.w.org\/{rel}","templated":true}]}}