{"id":103944,"date":"2024-04-13T09:43:44","date_gmt":"2024-04-13T07:43:44","guid":{"rendered":"https:\/\/www.mojevrijeme.hr\/magazin\/?p=103944"},"modified":"2024-04-13T09:44:37","modified_gmt":"2024-04-13T07:44:37","slug":"koalicija-umirovljenici-zajedno-trazi-uvodenje-posebnog-pravobranitelja","status":"publish","type":"post","link":"https:\/\/www.mojevrijeme.hr\/magazin\/2024\/04\/koalicija-umirovljenici-zajedno-trazi-uvodenje-posebnog-pravobranitelja\/","title":{"rendered":"Koalicija Umirovljenici zajedno tra\u017ei uvo\u0111enje posebnog pravobranitelja"},"content":{"rendered":"\n<p>Koalicija &#8220;Umirovljenici zajedno&#8221; pozvala jena \u017eurno uvo\u0111enje instituta javnog pravobranitelja za umirovljenike i starije osobe, kako bi se ta osjetljiva kategorija dru\u0161tva bolje za\u0161titila od brojnih prevara i prijetnji kojima je izlo\u017eena.<\/p>\n\n\n\n<p>Nu\u017ena je i potpuna zabrana instituta dosmrtnog uzdr\u017eavanja, odnosno mogu\u0107nosti sklapanja takvih ugovora, poru\u010duje Koalicija u priop\u0107enju. Dosmrtno uzdr\u017eavanje jedna je od najopasnijih prijetnji za osobe tre\u0107e \u017eivotne dobi, u velikom broju slu\u010dajeva besramna plja\u010dka i ga\u017eenje dostojanstva osjetljivih osoba pred krajem \u017eivota.<\/p>\n\n\n\n<p>Navode da su upoznati sa slu\u010dajevima uhodanih timova medicinskog osoblja i odvjetnika, koji se zbli\u017eavaju s osobama na palijativnoj skrbi i u bolnicama kako bi im oteli svu imovinu, pri \u010demu je takva praksa posve legalna. Tome treba stati na kraj, poru\u010duju.<\/p><div id=\"mojev-148817001\" class=\"mojev-u-tekstu mojev-entity-placement\" style=\"margin-left: auto;margin-right: auto;text-align: center;\"><div class=\"mojev-adlabel\">oglas<\/div><div style=\"height: 250px;\"><script async src=\"https:\/\/pagead2.googlesyndication.com\/pagead\/js\/adsbygoogle.js?client=ca-pub-8106111766207173\"\r\n     crossorigin=\"anonymous\"><\/script>\r\n<!-- Prikazni 1 u tekstu -->\r\n<ins class=\"adsbygoogle\"\r\n     style=\"display:block\"\r\n     data-ad-client=\"ca-pub-8106111766207173\"\r\n     data-ad-slot=\"8535551207\"\r\n     data-ad-format=\"auto\"\r\n     data-full-width-responsive=\"true\"><\/ins>\r\n<script>\r\n     (adsbygoogle = window.adsbygoogle || []).push({});\r\n<\/script><\/div><\/div><br style=\"clear: both; display: block; float: none;\"\/>\n\n\n\n<p>Pravobranitelj s adekvatnim zakonskim ovlastima mogao bi preuzeti za\u0161titu osoba koje su iznevjerile vlastite obitelji, zdravstvo i sustav socijalne skrbi, te im omogu\u0107iti dostojanstvenu starost i za\u0161titu njihovih prava. <\/p>\n\n\n\n<p>Umirovljenicima je potrebna institucija koja \u0107e se i nakon provedenih izbora zajedno s umirovljeni\u010dkim politi\u010dkim strankama boriti za dostojne iznose mirovina iznad granice siroma\u0161tva, smatraju Umirovljenici zajedno.<\/p>\n<div id=\"mojev-2159690852\" class=\"mojev-kraj-teksta mojev-entity-placement\" style=\"margin-bottom: 20px;margin-left: auto;margin-right: auto;text-align: center;\"><div class=\"mojev-adlabel\">oglas<\/div><div style=\"height: 250px;\"><script async src=\"https:\/\/pagead2.googlesyndication.com\/pagead\/js\/adsbygoogle.js?client=ca-pub-8106111766207173\"\r\n     crossorigin=\"anonymous\"><\/script>\r\n<!-- Display-1 -->\r\n<ins class=\"adsbygoogle\"\r\n     style=\"display:block\"\r\n     data-ad-client=\"ca-pub-8106111766207173\"\r\n     data-ad-slot=\"1465712950\"\r\n     data-ad-format=\"auto\"\r\n     data-full-width-responsive=\"true\"><\/ins>\r\n<script>\r\n     (adsbygoogle = window.adsbygoogle || []).push({});\r\n<\/script><\/div><\/div>","protected":false},"excerpt":{"rendered":"<p>Najavljuju i da \u0107e odmah krenuti u borbu da se mirovine pove\u0107aju za 200 eura.<\/p>\n","protected":false},"author":1,"featured_media":103356,"comment_status":"closed","ping_status":"closed","sticky":false,"template":"","format":"standard","meta":{"footnotes":""},"categories":[9],"tags":[3693,3306],"class_list":["post-103944","post","type-post","status-publish","format-standard","has-post-thumbnail","hentry","category-vijesti","tag-izbori-2024","tag-umirovljenici-zajedno"],"_links":{"self":[{"href":"https:\/\/www.mojevrijeme.hr\/magazin\/wp-json\/wp\/v2\/posts\/103944","targetHints":{"allow":["GET"]}}],"collection":[{"href":"https:\/\/www.mojevrijeme.hr\/magazin\/wp-json\/wp\/v2\/posts"}],"about":[{"href":"https:\/\/www.mojevrijeme.hr\/magazin\/wp-json\/wp\/v2\/types\/post"}],"author":[{"embeddable":true,"href":"https:\/\/www.mojevrijeme.hr\/magazin\/wp-json\/wp\/v2\/users\/1"}],"replies":[{"embeddable":true,"href":"https:\/\/www.mojevrijeme.hr\/magazin\/wp-json\/wp\/v2\/comments?post=103944"}],"version-history":[{"count":0,"href":"https:\/\/www.mojevrijeme.hr\/magazin\/wp-json\/wp\/v2\/posts\/103944\/revisions"}],"wp:featuredmedia":[{"embeddable":true,"href":"https:\/\/www.mojevrijeme.hr\/magazin\/wp-json\/wp\/v2\/media\/103356"}],"wp:attachment":[{"href":"https:\/\/www.mojevrijeme.hr\/magazin\/wp-json\/wp\/v2\/media?parent=103944"}],"wp:term":[{"taxonomy":"category","embeddable":true,"href":"https:\/\/www.mojevrijeme.hr\/magazin\/wp-json\/wp\/v2\/categories?post=103944"},{"taxonomy":"post_tag","embeddable":true,"href":"https:\/\/www.mojevrijeme.hr\/magazin\/wp-json\/wp\/v2\/tags?post=103944"}],"curies":[{"name":"wp","href":"https:\/\/api.w.org\/{rel}","templated":true}]}}