{"id":104089,"date":"2024-04-15T12:24:23","date_gmt":"2024-04-15T10:24:23","guid":{"rendered":"https:\/\/www.mojevrijeme.hr\/magazin\/?p=104089"},"modified":"2024-04-15T18:07:31","modified_gmt":"2024-04-15T16:07:31","slug":"dalibor-vise-staza-manja-mirovina-toga-ima-samo-u-hrvatskoj","status":"publish","type":"post","link":"https:\/\/www.mojevrijeme.hr\/magazin\/2024\/04\/dalibor-vise-staza-manja-mirovina-toga-ima-samo-u-hrvatskoj\/","title":{"rendered":"Dalibor: &#8216;Vi\u0161e sta\u017ea, manja mirovina. Toga ima samo u Hrvatskoj&#8217;"},"content":{"rendered":"\n<p>Gospodin Dalibor nema mira u mirovini. Deset godina mogao se posvetiti isklju\u010divo svojim hobijima, putovanjima i svemu \u0161to mu srce \u017eeli, da je imao penziju koja bi mu to omogu\u0107ila. Budu\u0107i da su mu primanja bila nedostatna, ponovo se zaposlio. S dodatnim sta\u017eem, nadao se novom izra\u010dunu i ve\u0107oj mirovini, no sve \u0161to je dobio je \u2013 \u0161ok.<\/p>\n\n\n\n<p>&#8220;U mirovini sam ve\u0107 deset godina. Mirovina mi je sa zadnjim pove\u0107anjem pre\u0161la 600 eura i iako \u0107e mnogi re\u0107i da je visoka, poznato je svima i da tro\u0161kovi \u017eivota stalno rastu. Zato sam u mirovini radio na pola radnog vremena kao dostavlja\u010d&#8221;, obja\u0161njava nam u pismu gospodin Dalibor. &nbsp;<\/p>\n\n\n\n<h3 class=\"wp-block-heading\">Sve sami apsurdi<\/h3>\n\n\n\n<p>Zadovoljan je bio, pi\u0161e nadalje, i samim poslom, i primanjima, iako tvrdi da je uo\u010dio nepravilnosti te smatra da bi u ovu bran\u0161u trebalo uvesti vi\u0161e reda. No to je, napominje, druga tema. &#8220;Moj problem je \u0161to sam vi\u0161estruko ka\u017enjen ba\u0161 zato \u0161to radim u mirovini. Kako? Tako \u0161to dodatno pla\u0107am porez, mirovinsko, zdravstveno, a od vladinih mjera nisam dobio niti jednog centa. No, to nije sve&#8221;, pi\u0161e nam.<\/p><div id=\"mojev-1586266500\" class=\"mojev-u-tekstu mojev-entity-placement\" style=\"margin-left: auto;margin-right: auto;text-align: center;\"><div class=\"mojev-adlabel\">oglas<\/div><div style=\"height: 250px;\"><script async src=\"https:\/\/pagead2.googlesyndication.com\/pagead\/js\/adsbygoogle.js?client=ca-pub-8106111766207173\"\r\n     crossorigin=\"anonymous\"><\/script>\r\n<!-- Prikazni 1 u tekstu -->\r\n<ins class=\"adsbygoogle\"\r\n     style=\"display:block\"\r\n     data-ad-client=\"ca-pub-8106111766207173\"\r\n     data-ad-slot=\"8535551207\"\r\n     data-ad-format=\"auto\"\r\n     data-full-width-responsive=\"true\"><\/ins>\r\n<script>\r\n     (adsbygoogle = window.adsbygoogle || []).push({});\r\n<\/script><\/div><\/div><br style=\"clear: both; display: block; float: none;\"\/>\n\n\n\n<p>U mirovini je prikupio, napominje, oko dvije godine dodatnog sta\u017ea i htio se povu\u0107i s tr\u017ei\u0161ta rada. &#8220;Do\u0161ao sam u pravnu slu\u017ebu mirovinskog i pravnici su mi jasno i glasno rekli da je bolje da ne podnosim zahtjev za novi izra\u010dun jer bi mi mirovina mogla biti manja!&#8221; pi\u0161e vidno revoltiran.<\/p>\n\n\n\n<h3 class=\"wp-block-heading\">\u017dalba nije urodila plodom <\/h3>\n\n\n\n<p>Evo kako su mu to objasnili: &#8220;S \u00a0obzirom na to da sam u starosnoj mirovini kao djelatna vojna osoba, obja\u0161njeno mi je da novi izra\u010dun moje mirovine ne bi bio po istom \u010dlanku 6. po kojem sam i\u0161ao u mirovinu, ve\u0107 po op\u0107im propisima &#8211; \u0161to god to zna\u010dilo. Nije mi jasno kako se neka ste\u010dena prava mogu tek tako izgubiti&#8221;, napominje.<\/p>\n\n\n\n<p>Odgovore je poku\u0161ao dobiti i preko Ministarstva branitelja. &#8220;U ministarstvu su mi pak rekli da je to \u0161to su mi rekli na mirovinskom to\u010dno. Naveli su i da rade na tome da se to promijeni, ali eto, ve\u0107 dvije godine ni\u0161ta se nije pomaklo po tom pitanju&#8221;, ustvrdio je na\u0161 revoltirani \u010ditatelj Dalibor.<\/p>\n\n\n\n<div id=\"crveno\"><\/p>\n\n\n\n<h3 class=\"wp-block-heading\">Zanima nas va\u0161a pri\u010da<\/h3>\n\n\n\n<p>\u017delite li i vi, posve anonimno, podijeliti svoje iskustvo i vi\u0111enje ove teme s nama i na\u0161im \u010ditateljima, mo\u017eete to u\u010diniti putem web obrasca <a rel=\"noreferrer noopener\" href=\"https:\/\/www.mojevrijeme.hr\/magazin\/povjerljivo\/\" target=\"_blank\">Povjerljivo<\/a>. Napi\u0161ite svoju pri\u010du!<\/p>\n\n\n\n<p><\/div>\n<div id=\"mojev-3472105770\" class=\"mojev-kraj-teksta mojev-entity-placement\" style=\"margin-bottom: 20px;margin-left: auto;margin-right: auto;text-align: center;\"><div class=\"mojev-adlabel\">oglas<\/div><div style=\"height: 250px;\"><script async src=\"https:\/\/pagead2.googlesyndication.com\/pagead\/js\/adsbygoogle.js?client=ca-pub-8106111766207173\"\r\n     crossorigin=\"anonymous\"><\/script>\r\n<!-- Display-1 -->\r\n<ins class=\"adsbygoogle\"\r\n     style=\"display:block\"\r\n     data-ad-client=\"ca-pub-8106111766207173\"\r\n     data-ad-slot=\"1465712950\"\r\n     data-ad-format=\"auto\"\r\n     data-full-width-responsive=\"true\"><\/ins>\r\n<script>\r\n     (adsbygoogle = window.adsbygoogle || []).push({});\r\n<\/script><\/div><\/div>","protected":false},"excerpt":{"rendered":"<p>Nakon \u0161to je u mirovini prikupio dodatne dvije godine radnog sta\u017ea, gospodin Dalibor uputio se na mirovinsko ne bi li mu ponovo izra\u010dunali mirovinu. Umjesto ve\u0107e mirovine, dobio je odgovor koji ga je potpuno izbacio iz takta.<\/p>\n","protected":false},"author":17,"featured_media":104100,"comment_status":"closed","ping_status":"closed","sticky":false,"template":"","format":"standard","meta":{"footnotes":""},"categories":[3552],"tags":[627,1342],"class_list":["post-104089","post","type-post","status-publish","format-standard","has-post-thumbnail","hentry","category-povjerljivo","tag-branitelji","tag-rad-uz-mirovinu"],"_links":{"self":[{"href":"https:\/\/www.mojevrijeme.hr\/magazin\/wp-json\/wp\/v2\/posts\/104089","targetHints":{"allow":["GET"]}}],"collection":[{"href":"https:\/\/www.mojevrijeme.hr\/magazin\/wp-json\/wp\/v2\/posts"}],"about":[{"href":"https:\/\/www.mojevrijeme.hr\/magazin\/wp-json\/wp\/v2\/types\/post"}],"author":[{"embeddable":true,"href":"https:\/\/www.mojevrijeme.hr\/magazin\/wp-json\/wp\/v2\/users\/17"}],"replies":[{"embeddable":true,"href":"https:\/\/www.mojevrijeme.hr\/magazin\/wp-json\/wp\/v2\/comments?post=104089"}],"version-history":[{"count":0,"href":"https:\/\/www.mojevrijeme.hr\/magazin\/wp-json\/wp\/v2\/posts\/104089\/revisions"}],"wp:featuredmedia":[{"embeddable":true,"href":"https:\/\/www.mojevrijeme.hr\/magazin\/wp-json\/wp\/v2\/media\/104100"}],"wp:attachment":[{"href":"https:\/\/www.mojevrijeme.hr\/magazin\/wp-json\/wp\/v2\/media?parent=104089"}],"wp:term":[{"taxonomy":"category","embeddable":true,"href":"https:\/\/www.mojevrijeme.hr\/magazin\/wp-json\/wp\/v2\/categories?post=104089"},{"taxonomy":"post_tag","embeddable":true,"href":"https:\/\/www.mojevrijeme.hr\/magazin\/wp-json\/wp\/v2\/tags?post=104089"}],"curies":[{"name":"wp","href":"https:\/\/api.w.org\/{rel}","templated":true}]}}