{"id":104325,"date":"2024-04-18T23:17:05","date_gmt":"2024-04-18T21:17:05","guid":{"rendered":"https:\/\/www.mojevrijeme.hr\/magazin\/?p=104325"},"modified":"2024-04-18T23:18:38","modified_gmt":"2024-04-18T21:18:38","slug":"je-li-nepristojno-kad-roditelji-vode-nemirnu-i-glasnu-djecu-na-misu","status":"publish","type":"post","link":"https:\/\/www.mojevrijeme.hr\/magazin\/2024\/04\/je-li-nepristojno-kad-roditelji-vode-nemirnu-i-glasnu-djecu-na-misu\/","title":{"rendered":"Je li nepristojno kad roditelji vode nemirnu i glasnu djecu na misu?"},"content":{"rendered":"\n<p>Mnoge mlade vjerni\u010dke obitelji nerado vode malu djecu sa sobom na misu, a sve zbog straha da \u0107e im ostali vjernici zamjeriti dje\u010dji pla\u010d, viku ili nemir tijekom mise. Dakako, to je posve normalno dje\u010dje pona\u0161anje, no problem je za Glas Koncila izlo\u017eio jedan mladi mu\u0161karac.<\/p>\n\n\n\n<p>&#8220;Otac sam dvoje djece, a mla\u0111e ima godinu i pol. Sa suprugom sam vi\u0161e puta razgovarao o tome je li dovo\u0111enje male djece na misu dobro jer znaju biti \u017eivlja pa smetaju ostalima na misi. Zato supruga i ja idemo odvojeno na misu. Voljeli bismo \u010duti Va\u0161e mi\u0161ljenje. Je li idealno odvesti djecu na misu ili ih ostaviti doma?&#8221; upitao je stru\u010dnjake Koncila.<\/p>\n\n\n\n<p>&#8220;Nije idealno (da se na\u0161alimo s Va\u0161im izrazom), ali je potrebno i \u2013 \u0161to je jo\u0161 va\u017enije \u2013 dobro je i nu\u017eno dovoditi i malu djecu na mise, o \u010demu smo ve\u0107 vi\u0161e puta pisali, pa i u ovoj na\u0161oj rubrici. Kada su nam djeca kr\u0161tenjem postala i Bo\u017eji sinovi i k\u0107eri, a samim time i \u010dlanovi na\u0161e zajednice \u2013 Crkve, za\u0161to bismo ih isklju\u010divali od sudjelovanja na euharistijskim slavljima, vrhovnom sakramentalnom daru \u0161to nam ga je ostavio Isus?&#8221; odgovoreno je mladom ocu. <\/p><div id=\"mojev-1855397667\" class=\"mojev-u-tekstu mojev-entity-placement\" style=\"margin-left: auto;margin-right: auto;text-align: center;\"><div class=\"mojev-adlabel\">oglas<\/div><div style=\"height: 250px;\"><script async src=\"https:\/\/pagead2.googlesyndication.com\/pagead\/js\/adsbygoogle.js?client=ca-pub-8106111766207173\"\r\n     crossorigin=\"anonymous\"><\/script>\r\n<!-- Prikazni 1 u tekstu -->\r\n<ins class=\"adsbygoogle\"\r\n     style=\"display:block\"\r\n     data-ad-client=\"ca-pub-8106111766207173\"\r\n     data-ad-slot=\"8535551207\"\r\n     data-ad-format=\"auto\"\r\n     data-full-width-responsive=\"true\"><\/ins>\r\n<script>\r\n     (adsbygoogle = window.adsbygoogle || []).push({});\r\n<\/script><\/div><\/div><br style=\"clear: both; display: block; float: none;\"\/>\n\n\n\n<p>&#8220;Isto tako vam predla\u017eemo da praksu odvojenoga odlaska na misu dogovorom u svojoj obitelji \u2013 promijenite i prekinete. Pretpostavljamo da vam ne\u0107e biti lako jer \u0107ete na po\u010detku, kada tek po\u010dnete zajedno \u2013 kao obitelj \u2013 sudjelovati na misi, mo\u017eda (vi\u0161e subjektivno) do\u017eivljavati da nekomu mo\u017eda smetate. Kako smo ve\u0107 isticali, svi vjernici koji sudjeluju na misi zapravo se raduju svakomu novomu \u010dlanu \u017eupne zajednice, posebno onim najmla\u0111ima, svjesni da su oni ne\u0161to \u017eivlji i ponekad ne\u0161to bu\u010dniji.&#8221;<\/p>\n\n\n\n<p>&#8220;Nekima \u0107e to, znamo, i zasmetati. No prihvatit \u0107e jer znaju da i \u017eivlja djeca ostaju dio zajednice koja im svojim prihva\u0107anjem treba svjedo\u010diti da su dobro do\u0161li i da su oni budu\u0107nost na\u0161ih \u017eupnih zajednica. A tim prihva\u0107anjem uklju\u010dujemo ih u bogo\u0161tovni \u017eivot na\u0161ih zajednica, u\u010dimo ih i navikavamo na sudjelovanje na misama i drugim pobo\u017enostima te im na taj na\u010din poma\u017eemo da korak po korak odrastaju i dozrijevaju u vjeri i da prihva\u0107aju i zavole misu kao dio svojega \u017eivota.&#8221;<\/p>\n\n\n\n<p>&#8220;Va\u0161a osobna nastojanja oko toga i nastojanja va\u0161e \u017eupne zajednice ne\u0107e ostati bez plodova&#8221;, zaklju\u010duju u odgovoru stru\u010dnjaci Glasa Koncila.<\/p>\n<div id=\"mojev-3395010575\" class=\"mojev-kraj-teksta mojev-entity-placement\" style=\"margin-bottom: 20px;margin-left: auto;margin-right: auto;text-align: center;\"><div class=\"mojev-adlabel\">oglas<\/div><div style=\"height: 250px;\"><script async src=\"https:\/\/pagead2.googlesyndication.com\/pagead\/js\/adsbygoogle.js?client=ca-pub-8106111766207173\"\r\n     crossorigin=\"anonymous\"><\/script>\r\n<!-- Display-1 -->\r\n<ins class=\"adsbygoogle\"\r\n     style=\"display:block\"\r\n     data-ad-client=\"ca-pub-8106111766207173\"\r\n     data-ad-slot=\"1465712950\"\r\n     data-ad-format=\"auto\"\r\n     data-full-width-responsive=\"true\"><\/ins>\r\n<script>\r\n     (adsbygoogle = window.adsbygoogle || []).push({});\r\n<\/script><\/div><\/div>","protected":false},"excerpt":{"rendered":"<p>Mladi otac i njegova supruga na misu idu odvojeno kako bi netko ostao s malom djecom doma. Naime, ne \u017eele da njihova djeca ometaju druge vjernike u bogoslu\u017eju.<\/p>\n","protected":false},"author":1,"featured_media":104329,"comment_status":"closed","ping_status":"closed","sticky":false,"template":"","format":"standard","meta":{"footnotes":""},"categories":[2],"tags":[120,1070,3322,713],"class_list":["post-104325","post","type-post","status-publish","format-standard","has-post-thumbnail","hentry","category-mozaik","tag-djeca","tag-katolici","tag-misa","tag-vjera"],"_links":{"self":[{"href":"https:\/\/www.mojevrijeme.hr\/magazin\/wp-json\/wp\/v2\/posts\/104325","targetHints":{"allow":["GET"]}}],"collection":[{"href":"https:\/\/www.mojevrijeme.hr\/magazin\/wp-json\/wp\/v2\/posts"}],"about":[{"href":"https:\/\/www.mojevrijeme.hr\/magazin\/wp-json\/wp\/v2\/types\/post"}],"author":[{"embeddable":true,"href":"https:\/\/www.mojevrijeme.hr\/magazin\/wp-json\/wp\/v2\/users\/1"}],"replies":[{"embeddable":true,"href":"https:\/\/www.mojevrijeme.hr\/magazin\/wp-json\/wp\/v2\/comments?post=104325"}],"version-history":[{"count":0,"href":"https:\/\/www.mojevrijeme.hr\/magazin\/wp-json\/wp\/v2\/posts\/104325\/revisions"}],"wp:featuredmedia":[{"embeddable":true,"href":"https:\/\/www.mojevrijeme.hr\/magazin\/wp-json\/wp\/v2\/media\/104329"}],"wp:attachment":[{"href":"https:\/\/www.mojevrijeme.hr\/magazin\/wp-json\/wp\/v2\/media?parent=104325"}],"wp:term":[{"taxonomy":"category","embeddable":true,"href":"https:\/\/www.mojevrijeme.hr\/magazin\/wp-json\/wp\/v2\/categories?post=104325"},{"taxonomy":"post_tag","embeddable":true,"href":"https:\/\/www.mojevrijeme.hr\/magazin\/wp-json\/wp\/v2\/tags?post=104325"}],"curies":[{"name":"wp","href":"https:\/\/api.w.org\/{rel}","templated":true}]}}