{"id":104514,"date":"2024-04-22T13:21:09","date_gmt":"2024-04-22T11:21:09","guid":{"rendered":"https:\/\/www.mojevrijeme.hr\/magazin\/?p=104514"},"modified":"2024-04-22T13:22:09","modified_gmt":"2024-04-22T11:22:09","slug":"hrvati-bi-u-mirovinu-i-prije-nego-se-zaposle-podaci-su-porazni","status":"publish","type":"post","link":"https:\/\/www.mojevrijeme.hr\/magazin\/2024\/04\/hrvati-bi-u-mirovinu-i-prije-nego-se-zaposle-podaci-su-porazni\/","title":{"rendered":"Hrvati bi u mirovinu i prije nego se zaposle, podaci su porazni"},"content":{"rendered":"\n<p>Prosje\u010dni Hrvat u mirovinu ide s nepunih 60 godina, zbog \u010dega su na\u0161i novope\u010deni umirovljenici neki od najmla\u0111ih u Europi. Prema istra\u017eivanju iz projekta\u00a0<a href=\"https:\/\/agecalculator.com\/\" target=\"_blank\" rel=\"noreferrer noopener\">Age Calculator<\/a>, u koje je uklju\u010dena 51 zemlja svijeta, Gr\u010dka je jedina europska zemlja koja ima manju prosje\u010dnu dob odlaska u mirovinu (59,5 godina u usporedbi s hrvatskih 59,65 godina), dok je u Luksemburgu identi\u010dna na\u0161oj.<\/p>\n\n\n\n<p>Od svjetskih zemalja ispod nas su jo\u0161 Saudijska Arabija i Ju\u017enoafri\u010dka Republika, analizira <a href=\"https:\/\/novac.jutarnji.hr\/novac\/aktualno\/hrvati-medu-nacijama-koje-najranije-idu-u-mirovinu-ispred-nas-je-samo-jedna-europska-zemlja-15452917\" target=\"_blank\" rel=\"noreferrer noopener\">Jutarnji<\/a>. Istra\u017eivanje se temelji na podacima Organizacije za ekonomsku suradnju i razvoj (OECD) za 2000. i 2020. godinu, koje su usporedili kako bi otkrili u kojim je zemljama do\u0161lo do najve\u0107e promjene dobi odlaska u mirovinu.<\/p>\n\n\n\n<p>Europske zemlje su zauzela devet od deset mjesta na vrhu te ljestvice. Najve\u0107a promjena dogodila se u Bugarskoj, u kojoj se u dva desetlje\u0107a prosje\u010dna dob pove\u0107ala za \u010dak sedam godina &#8211; s 55,8 na 63. Razlog je to \u0161to su prije 20 godina bili nacija koja je najranije odlazila u mirovinu. Slijede Estonija, u kojoj je do\u0161lo do promjene s 57,85 na 65 godina, i Latvija (s 59,15 na 65 godina).<\/p><div id=\"mojev-908948109\" class=\"mojev-u-tekstu mojev-entity-placement\" style=\"margin-left: auto;margin-right: auto;text-align: center;\"><div class=\"mojev-adlabel\">oglas<\/div><div style=\"height: 250px;\"><script async src=\"https:\/\/pagead2.googlesyndication.com\/pagead\/js\/adsbygoogle.js?client=ca-pub-8106111766207173\"\r\n     crossorigin=\"anonymous\"><\/script>\r\n<!-- Prikazni 1 u tekstu -->\r\n<ins class=\"adsbygoogle\"\r\n     style=\"display:block\"\r\n     data-ad-client=\"ca-pub-8106111766207173\"\r\n     data-ad-slot=\"8535551207\"\r\n     data-ad-format=\"auto\"\r\n     data-full-width-responsive=\"true\"><\/ins>\r\n<script>\r\n     (adsbygoogle = window.adsbygoogle || []).push({});\r\n<\/script><\/div><\/div><br style=\"clear: both; display: block; float: none;\"\/>\n\n\n\n<p>Na drugom kraju ljestvice na\u0161le su se Kolumbija, Argentina i Ju\u017enoafri\u010dka Republika, \u010diji umirovljenici u mirovinu idu ranije nego po\u010detkom tisu\u0107lje\u0107a. U Kolumbiji je do\u0161lo do smanjenja s vrlo visokih 69,7 na 63,5 godina, u Argentini sa 67,95 na 62,6 godina, a u JAR-u sa 62,4 na 58,3 godine.<\/p>\n\n\n\n<p>Kada se usporede OECD-ovi podaci za Hrvatsku, prosjek nam se pove\u0107ao za ne\u0161to manje od dvije godine, pa smo se na\u0161li na sredini ljestvice. Tako bez obzira na to \u0161to je u Kolumbiji do\u0161lo da najve\u0107eg smanjenja, Hrvati ipak u mirovinu idu pet godina prije njih, pi\u0161e <a href=\"https:\/\/novac.jutarnji.hr\/novac\/aktualno\/hrvati-medu-nacijama-koje-najranije-idu-u-mirovinu-ispred-nas-je-samo-jedna-europska-zemlja-15452917\" target=\"_blank\" rel=\"noreferrer noopener\">Jutarnji<\/a>.<\/p>\n<div id=\"mojev-2777017170\" class=\"mojev-kraj-teksta mojev-entity-placement\" style=\"margin-bottom: 20px;margin-left: auto;margin-right: auto;text-align: center;\"><div class=\"mojev-adlabel\">oglas<\/div><div style=\"height: 250px;\"><script async src=\"https:\/\/pagead2.googlesyndication.com\/pagead\/js\/adsbygoogle.js?client=ca-pub-8106111766207173\"\r\n     crossorigin=\"anonymous\"><\/script>\r\n<!-- Display-1 -->\r\n<ins class=\"adsbygoogle\"\r\n     style=\"display:block\"\r\n     data-ad-client=\"ca-pub-8106111766207173\"\r\n     data-ad-slot=\"1465712950\"\r\n     data-ad-format=\"auto\"\r\n     data-full-width-responsive=\"true\"><\/ins>\r\n<script>\r\n     (adsbygoogle = window.adsbygoogle || []).push({});\r\n<\/script><\/div><\/div>","protected":false},"excerpt":{"rendered":"<p>Istra\u017eivanje se temelji na podacima Organizacije za ekonomsku suradnju i razvoj (OECD) za 2000. i 2020. godinu, koje su usporedili kako bi otkrili u kojim je zemljama do\u0161lo do najve\u0107e promjene dobi odlaska u mirovinu.<\/p>\n","protected":false},"author":1,"featured_media":104516,"comment_status":"closed","ping_status":"closed","sticky":false,"template":"","format":"standard","meta":{"footnotes":""},"categories":[9],"tags":[3608,77],"class_list":["post-104514","post","type-post","status-publish","format-standard","has-post-thumbnail","hentry","category-vijesti","tag-radni-staz","tag-umirovljenici"],"_links":{"self":[{"href":"https:\/\/www.mojevrijeme.hr\/magazin\/wp-json\/wp\/v2\/posts\/104514","targetHints":{"allow":["GET"]}}],"collection":[{"href":"https:\/\/www.mojevrijeme.hr\/magazin\/wp-json\/wp\/v2\/posts"}],"about":[{"href":"https:\/\/www.mojevrijeme.hr\/magazin\/wp-json\/wp\/v2\/types\/post"}],"author":[{"embeddable":true,"href":"https:\/\/www.mojevrijeme.hr\/magazin\/wp-json\/wp\/v2\/users\/1"}],"replies":[{"embeddable":true,"href":"https:\/\/www.mojevrijeme.hr\/magazin\/wp-json\/wp\/v2\/comments?post=104514"}],"version-history":[{"count":0,"href":"https:\/\/www.mojevrijeme.hr\/magazin\/wp-json\/wp\/v2\/posts\/104514\/revisions"}],"wp:featuredmedia":[{"embeddable":true,"href":"https:\/\/www.mojevrijeme.hr\/magazin\/wp-json\/wp\/v2\/media\/104516"}],"wp:attachment":[{"href":"https:\/\/www.mojevrijeme.hr\/magazin\/wp-json\/wp\/v2\/media?parent=104514"}],"wp:term":[{"taxonomy":"category","embeddable":true,"href":"https:\/\/www.mojevrijeme.hr\/magazin\/wp-json\/wp\/v2\/categories?post=104514"},{"taxonomy":"post_tag","embeddable":true,"href":"https:\/\/www.mojevrijeme.hr\/magazin\/wp-json\/wp\/v2\/tags?post=104514"}],"curies":[{"name":"wp","href":"https:\/\/api.w.org\/{rel}","templated":true}]}}