{"id":10460,"date":"2017-09-16T07:52:56","date_gmt":"2017-09-16T05:52:56","guid":{"rendered":"http:\/\/www.mojevrijeme.hr\/magazin\/?p=10460"},"modified":"2017-09-16T08:04:13","modified_gmt":"2017-09-16T06:04:13","slug":"daphne-selfe-na-pisti-od-1949-godine","status":"publish","type":"post","link":"https:\/\/www.mojevrijeme.hr\/magazin\/2017\/09\/daphne-selfe-na-pisti-od-1949-godine\/","title":{"rendered":"Daphne Selfe: Na pisti od 1949. godine"},"content":{"rendered":"<p>\u201eNisam nikada radila ni\u0161ta s licem, nikakvi fejsliftinzi, nikakvi botoksi. Kosu sam jedno vrijeme bojala sama i to u \u010detrdesetima kada su mi po\u010dele izbijati sijede. Onda me je to po\u010delo zamarati. Sada je duga, jer je tako jeftinije. Vrat mi s dugom kosom izgleda du\u017ei, a i ne izgleda kao stara gospo\u0111a s trajnom\u201c, ka\u017ee <strong>Daphne Selfe<\/strong>, najstariji supermodel na svijetu. Daphne je, naime, navr\u0161ila 89 godina, a na pisti je od daleke 1949. godine.<\/p>\n<p>Danas \u0107ete ju vidjeti na pisti u Parizu, a ve\u0107 sutra je mo\u017eda u Tokiju. Ova majka troje djece ka\u017ee da danas ne bi uspjela izgraditi ime u svijetu mode: \u201eBila sam preniska i imala sam pre\u0161iroka ramena. Nikad me nitko nije tra\u017eio da smr\u0161avim za snimanje. Znate, do 1954. su bile nesta\u0161ice hrane i uvijek ste bili zahvalni kada biste se do\u010depali dobrog obroka. Jako mi je \u017eao dana\u0161njih djevojaka kad vidim \u0161to sve moraju raditi.\u201c<\/p>\n<p>Ova ikona stil nekoliko je puta prekidala karijeru i to zbog maj\u010dinstva ili kada se je morala brinuti o te\u0161ko bolesnom suprugu. Usprkos svemu, sa\u010duvala je strast u svemu \u0161to radi; od piste preko brige za lokalnu kulturnu ba\u0161tinu do vrtlarenja. \u201ePuno \u0161etam i radim jogu kod ku\u0107e. Nema vremena za odlaziti na satove joge.\u201c<\/p><div id=\"mojev-3349847410\" class=\"mojev-u-tekstu mojev-entity-placement\" style=\"margin-left: auto;margin-right: auto;text-align: center;\"><div class=\"mojev-adlabel\">oglas<\/div><div style=\"height: 250px;\"><script async src=\"https:\/\/pagead2.googlesyndication.com\/pagead\/js\/adsbygoogle.js?client=ca-pub-8106111766207173\"\r\n     crossorigin=\"anonymous\"><\/script>\r\n<!-- Prikazni 1 u tekstu -->\r\n<ins class=\"adsbygoogle\"\r\n     style=\"display:block\"\r\n     data-ad-client=\"ca-pub-8106111766207173\"\r\n     data-ad-slot=\"8535551207\"\r\n     data-ad-format=\"auto\"\r\n     data-full-width-responsive=\"true\"><\/ins>\r\n<script>\r\n     (adsbygoogle = window.adsbygoogle || []).push({});\r\n<\/script><\/div><\/div><br style=\"clear: both; display: block; float: none;\"\/>\n<p>No, ipak, anga\u017eiraju li je kreatori i fotografi zbog njenih godina, a ne zbog toga \u0161to je lijepa? \u201eNikako. Danas nosim puno vi\u0161e revija visoke mode nego dok sam bila mlada. Mo\u017eda je to zbog toga \u0161to sam izgubila dje\u010dje salo. Vide se kosti kroz moje lice\u201c, ispri\u010dala je ova ikona stila koju na Instagramu prate deseci tisu\u0107a obo\u017eavatelja. Do kada \u0107e raditi? &#8220;Na pisti sam od 1949. i ne razmi\u0161ljam o mirovini. Sve dok me tra\u017ee, radit \u0107u&#8221;, odgovara ova britanska ljepotica koja je radila s najve\u0107im svjetskim magovima mode i fotografije, a mnoge me\u0111u njima je i nad\u017eivjela.<\/p>\n<blockquote class=\"instagram-media\" style=\"background: #FFF; border: 0; border-radius: 3px; box-shadow: 0 0 1px 0 rgba(0,0,0,0.5),0 1px 10px 0 rgba(0,0,0,0.15); margin: 1px; max-width: 658px; padding: 0; width: calc(100% - 2px);\" data-instgrm-version=\"7\">\n<div style=\"padding: 8px;\">\n<div style=\"background: #F8F8F8; line-height: 0; margin-top: 40px; padding: 50.0% 0; text-align: center; width: 100%;\"><\/div>\n<p style=\"color: #c9c8cd; font-family: Arial,sans-serif; font-size: 14px; line-height: 17px; margin-bottom: 0; margin-top: 8px; overflow: hidden; padding: 8px 0 7px; text-align: center; text-overflow: ellipsis; white-space: nowrap;\"><a style=\"color: #c9c8cd; font-family: Arial,sans-serif; font-size: 14px; font-style: normal; font-weight: normal; line-height: 17px; text-decoration: none;\" href=\"https:\/\/www.instagram.com\/p\/4rHOLsy-iP\/\" target=\"_blank\" rel=\"noopener\">A post shared by Daphne Selfe (@daphneselfe)<\/a> on <time style=\"font-family: Arial,sans-serif; font-size: 14px; line-height: 17px;\" datetime=\"2015-07-03T12:15:32+00:00\">Jul 3, 2015 at 5:15am PDT<\/time><\/p>\n<\/div>\n<\/blockquote>\n<p><script async defer src=\"\/\/platform.instagram.com\/en_US\/embeds.js\"><\/script><\/p>\n<blockquote class=\"instagram-media\" style=\"background: #FFF; border: 0; border-radius: 3px; box-shadow: 0 0 1px 0 rgba(0,0,0,0.5),0 1px 10px 0 rgba(0,0,0,0.15); margin: 1px; max-width: 658px; padding: 0; width: calc(100% - 2px);\" data-instgrm-version=\"7\">\n<div style=\"padding: 8px;\">\n<div style=\"background: #F8F8F8; line-height: 0; margin-top: 40px; padding: 50.0% 0; text-align: center; width: 100%;\"><\/div>\n<p style=\"color: #c9c8cd; font-family: Arial,sans-serif; font-size: 14px; line-height: 17px; margin-bottom: 0; margin-top: 8px; overflow: hidden; padding: 8px 0 7px; text-align: center; text-overflow: ellipsis; white-space: nowrap;\"><a style=\"color: #c9c8cd; font-family: Arial,sans-serif; font-size: 14px; font-style: normal; font-weight: normal; line-height: 17px; text-decoration: none;\" href=\"https:\/\/www.instagram.com\/p\/BY0bfVHjPRJ\/\" target=\"_blank\" rel=\"noopener\">A post shared by Daphne Selfe (@daphneselfe)<\/a> on <time style=\"font-family: Arial,sans-serif; font-size: 14px; line-height: 17px;\" datetime=\"2017-09-09T11:50:25+00:00\">Sep 9, 2017 at 4:50am PDT<\/time><\/p>\n<\/div>\n<\/blockquote>\n<p><script async defer src=\"\/\/platform.instagram.com\/en_US\/embeds.js\"><\/script><\/p>\n<blockquote class=\"instagram-media\" style=\"background: #FFF; border: 0; border-radius: 3px; box-shadow: 0 0 1px 0 rgba(0,0,0,0.5),0 1px 10px 0 rgba(0,0,0,0.15); margin: 1px; max-width: 658px; padding: 0; width: calc(100% - 2px);\" data-instgrm-version=\"7\">\n<div style=\"padding: 8px;\">\n<div style=\"background: #F8F8F8; line-height: 0; margin-top: 40px; padding: 61.75925925925926% 0; text-align: center; width: 100%;\"><\/div>\n<p style=\"color: #c9c8cd; font-family: Arial,sans-serif; font-size: 14px; line-height: 17px; margin-bottom: 0; margin-top: 8px; overflow: hidden; padding: 8px 0 7px; text-align: center; text-overflow: ellipsis; white-space: nowrap;\"><a style=\"color: #c9c8cd; font-family: Arial,sans-serif; font-size: 14px; font-style: normal; font-weight: normal; line-height: 17px; text-decoration: none;\" href=\"https:\/\/www.instagram.com\/p\/BUgZBBBjQyV\/\" target=\"_blank\" rel=\"noopener\">A post shared by Daphne Selfe (@daphneselfe)<\/a> on <time style=\"font-family: Arial,sans-serif; font-size: 14px; line-height: 17px;\" datetime=\"2017-05-25T06:58:25+00:00\">May 24, 2017 at 11:58pm PDT<\/time><\/p>\n<\/div>\n<\/blockquote>\n<p><script async defer src=\"\/\/platform.instagram.com\/en_US\/embeds.js\"><\/script><\/p>\n<blockquote class=\"instagram-media\" style=\"background: #FFF; border: 0; border-radius: 3px; box-shadow: 0 0 1px 0 rgba(0,0,0,0.5),0 1px 10px 0 rgba(0,0,0,0.15); margin: 1px; max-width: 658px; padding: 0; width: calc(100% - 2px);\" data-instgrm-version=\"7\">\n<div style=\"padding: 8px;\">\n<div style=\"background: #F8F8F8; line-height: 0; margin-top: 40px; padding: 50.0% 0; text-align: center; width: 100%;\"><\/div>\n<p style=\"color: #c9c8cd; font-family: Arial,sans-serif; font-size: 14px; line-height: 17px; margin-bottom: 0; margin-top: 8px; overflow: hidden; padding: 8px 0 7px; text-align: center; text-overflow: ellipsis; white-space: nowrap;\"><a style=\"color: #c9c8cd; font-family: Arial,sans-serif; font-size: 14px; font-style: normal; font-weight: normal; line-height: 17px; text-decoration: none;\" href=\"https:\/\/www.instagram.com\/p\/BPMyf69AXH6\/\" target=\"_blank\" rel=\"noopener\">A post shared by Daphne Selfe (@daphneselfe)<\/a> on <time style=\"font-family: Arial,sans-serif; font-size: 14px; line-height: 17px;\" datetime=\"2017-01-13T09:39:18+00:00\">Jan 13, 2017 at 1:39am PST<\/time><\/p>\n<\/div>\n<\/blockquote>\n<p><script async defer src=\"\/\/platform.instagram.com\/en_US\/embeds.js\"><\/script><\/p>\n<blockquote class=\"instagram-media\" style=\"background: #FFF; border: 0; border-radius: 3px; box-shadow: 0 0 1px 0 rgba(0,0,0,0.5),0 1px 10px 0 rgba(0,0,0,0.15); margin: 1px; max-width: 658px; padding: 0; width: calc(100% - 2px);\" data-instgrm-version=\"7\">\n<div style=\"padding: 8px;\">\n<div style=\"background: #F8F8F8; line-height: 0; margin-top: 40px; padding: 50% 0; text-align: center; width: 100%;\"><\/div>\n<p style=\"color: #c9c8cd; font-family: Arial,sans-serif; font-size: 14px; line-height: 17px; margin-bottom: 0; margin-top: 8px; overflow: hidden; padding: 8px 0 7px; text-align: center; text-overflow: ellipsis; white-space: nowrap;\"><a style=\"color: #c9c8cd; font-family: Arial,sans-serif; font-size: 14px; font-style: normal; font-weight: normal; line-height: 17px; text-decoration: none;\" href=\"https:\/\/www.instagram.com\/p\/dmH9FsS-q3\/\" target=\"_blank\" rel=\"noopener\">A post shared by Daphne Selfe (@daphneselfe)<\/a> on <time style=\"font-family: Arial,sans-serif; font-size: 14px; line-height: 17px;\" datetime=\"2013-08-29T11:38:06+00:00\">Aug 29, 2013 at 4:38am PDT<\/time><\/p>\n<\/div>\n<\/blockquote>\n<p><script async defer src=\"\/\/platform.instagram.com\/en_US\/embeds.js\"><\/script><\/p>\n<div id=\"attachment_10463\" style=\"width: 750px\" class=\"wp-caption aligncenter\"><img loading=\"lazy\" decoding=\"async\" aria-describedby=\"caption-attachment-10463\" class=\"size-full wp-image-10463\" src=\"http:\/\/www.mojevrijeme.hr\/magazin\/wp-content\/uploads\/2017\/09\/daphne-selfe-young.jpg\" alt=\"Najstarija manekenka\" width=\"740\" height=\"958\" srcset=\"https:\/\/www.mojevrijeme.hr\/magazin\/wp-content\/uploads\/2017\/09\/daphne-selfe-young.jpg 740w, https:\/\/www.mojevrijeme.hr\/magazin\/wp-content\/uploads\/2017\/09\/daphne-selfe-young-491x636.jpg 491w, https:\/\/www.mojevrijeme.hr\/magazin\/wp-content\/uploads\/2017\/09\/daphne-selfe-young-572x740.jpg 572w\" sizes=\"auto, (max-width: 740px) 100vw, 740px\" \/><p id=\"caption-attachment-10463\" class=\"wp-caption-text\">Daphne Selfe u pedesetim godinama 20. stolje\u0107a<\/p><\/div>\n<div id=\"mojev-422940456\" class=\"mojev-kraj-teksta mojev-entity-placement\" style=\"margin-bottom: 20px;margin-left: auto;margin-right: auto;text-align: center;\"><div class=\"mojev-adlabel\">oglas<\/div><div style=\"height: 250px;\"><script async src=\"https:\/\/pagead2.googlesyndication.com\/pagead\/js\/adsbygoogle.js?client=ca-pub-8106111766207173\"\r\n     crossorigin=\"anonymous\"><\/script>\r\n<!-- Display-1 -->\r\n<ins class=\"adsbygoogle\"\r\n     style=\"display:block\"\r\n     data-ad-client=\"ca-pub-8106111766207173\"\r\n     data-ad-slot=\"1465712950\"\r\n     data-ad-format=\"auto\"\r\n     data-full-width-responsive=\"true\"><\/ins>\r\n<script>\r\n     (adsbygoogle = window.adsbygoogle || []).push({});\r\n<\/script><\/div><\/div>","protected":false},"excerpt":{"rendered":"<p>Ova ikona stil nekoliko je puta prekidala karijeru i to zbog maj\u010dinstva ili kada se je morala brinuti o te\u0161ko bolesnom suprugu. Usprkos svemu, sa\u010duvala je strast u svemu \u0161to radi; od piste preko brige za lokalnu kulturnu ba\u0161tinu do vrtlarenja. <\/p>\n","protected":false},"author":1,"featured_media":10461,"comment_status":"closed","ping_status":"closed","sticky":false,"template":"","format":"standard","meta":{"footnotes":""},"categories":[86],"tags":[511,276,80],"class_list":["post-10460","post","type-post","status-publish","format-standard","has-post-thumbnail","hentry","category-stil-i-ljepota","tag-manekeni","tag-moda","tag-starenje"],"_links":{"self":[{"href":"https:\/\/www.mojevrijeme.hr\/magazin\/wp-json\/wp\/v2\/posts\/10460","targetHints":{"allow":["GET"]}}],"collection":[{"href":"https:\/\/www.mojevrijeme.hr\/magazin\/wp-json\/wp\/v2\/posts"}],"about":[{"href":"https:\/\/www.mojevrijeme.hr\/magazin\/wp-json\/wp\/v2\/types\/post"}],"author":[{"embeddable":true,"href":"https:\/\/www.mojevrijeme.hr\/magazin\/wp-json\/wp\/v2\/users\/1"}],"replies":[{"embeddable":true,"href":"https:\/\/www.mojevrijeme.hr\/magazin\/wp-json\/wp\/v2\/comments?post=10460"}],"version-history":[{"count":0,"href":"https:\/\/www.mojevrijeme.hr\/magazin\/wp-json\/wp\/v2\/posts\/10460\/revisions"}],"wp:featuredmedia":[{"embeddable":true,"href":"https:\/\/www.mojevrijeme.hr\/magazin\/wp-json\/wp\/v2\/media\/10461"}],"wp:attachment":[{"href":"https:\/\/www.mojevrijeme.hr\/magazin\/wp-json\/wp\/v2\/media?parent=10460"}],"wp:term":[{"taxonomy":"category","embeddable":true,"href":"https:\/\/www.mojevrijeme.hr\/magazin\/wp-json\/wp\/v2\/categories?post=10460"},{"taxonomy":"post_tag","embeddable":true,"href":"https:\/\/www.mojevrijeme.hr\/magazin\/wp-json\/wp\/v2\/tags?post=10460"}],"curies":[{"name":"wp","href":"https:\/\/api.w.org\/{rel}","templated":true}]}}