{"id":10482,"date":"2017-10-03T12:01:21","date_gmt":"2017-10-03T10:01:21","guid":{"rendered":"http:\/\/www.mojevrijeme.hr\/magazin\/?p=10482"},"modified":"2017-10-06T09:01:52","modified_gmt":"2017-10-06T07:01:52","slug":"braniteljske-udruge-ce-dobivati-i-do-pet-puta-vise-novca-nego-crveni-kriz","status":"publish","type":"post","link":"https:\/\/www.mojevrijeme.hr\/magazin\/2017\/10\/braniteljske-udruge-ce-dobivati-i-do-pet-puta-vise-novca-nego-crveni-kriz\/","title":{"rendered":"Braniteljske udruge \u0107e dobivati i do pet puta vi\u0161e novca nego Crveni kri\u017e"},"content":{"rendered":"<p>Prijedlog novog braniteljskog zakona obvezao je svih 428 op\u0107ina i 128 gradova da financiraju rad braniteljskih udruga s 0,3 do 1 posto svog bud\u017eeta, odnosno s minimalno 75, a maksimalno s 250 milijuna kuna godi\u0161nje.<\/p>\n<p>Ve\u010dernji list je tako izra\u010dunao da \u0107e braniteljske udruge tako dobivati i do pet puta vi\u0161e novca nego \u0161to ga dobiva Crveni kri\u017e, za \u010diji rad lokalne jedinice izdvajaju 0,2 posto vlastitog prora\u010duna. Golem je to dobitak za 1350 postoje\u0107ih udruga branitelja, kojima je dr\u017eava putem javnog natje\u010daja dodjeljivala oko 17 milijuna kuna godi\u0161nje.<\/p>\n<p>Ina\u010de, gradovi i op\u0107ine godi\u0161nje za razvoj civilnog dru\u0161tva izdvajaju oko milijardu kuna, a u taj su bud\u017eet uklju\u010dene sve neprofitne civilne organizacije koje se bave programima javnih potreba, pomo\u0107i bolesnima, gerontodoma\u0107ice, Crveni kri\u017e i sli\u010dno. Zakon nije propisao kriterije po kojima bi lokalne vlasti financirale rad braniteljskih udruga. Udruga poreznih obveznika Lipa zasad nema komentara na prijedlog zakona.\u00a0Lokalne vlasti \u0161okirane prijedlogom, ne znaju iz kojih \u0107e izvora financirati udruge. Slijedi masovno osnivanje udruga branitelja tamo gdje ih nema, zaklju\u010duje Ve\u010dernji.<\/p><div id=\"mojev-102751930\" class=\"mojev-u-tekstu mojev-entity-placement\" style=\"margin-left: auto;margin-right: auto;text-align: center;\"><div class=\"mojev-adlabel\">oglas<\/div><div style=\"height: 250px;\"><script async src=\"https:\/\/pagead2.googlesyndication.com\/pagead\/js\/adsbygoogle.js?client=ca-pub-8106111766207173\"\r\n     crossorigin=\"anonymous\"><\/script>\r\n<!-- Prikazni 1 u tekstu -->\r\n<ins class=\"adsbygoogle\"\r\n     style=\"display:block\"\r\n     data-ad-client=\"ca-pub-8106111766207173\"\r\n     data-ad-slot=\"8535551207\"\r\n     data-ad-format=\"auto\"\r\n     data-full-width-responsive=\"true\"><\/ins>\r\n<script>\r\n     (adsbygoogle = window.adsbygoogle || []).push({});\r\n<\/script><\/div><\/div><br style=\"clear: both; display: block; float: none;\"\/>\n<p>Podsjetimo, ovaj zakonski prijedlog bio je u javnoj raspravi od 23. lipnja do 22. srpnja 2017. godine.<\/p>\n<div id=\"mojev-952971274\" class=\"mojev-kraj-teksta mojev-entity-placement\" style=\"margin-bottom: 20px;margin-left: auto;margin-right: auto;text-align: center;\"><div class=\"mojev-adlabel\">oglas<\/div><div style=\"height: 250px;\"><script async src=\"https:\/\/pagead2.googlesyndication.com\/pagead\/js\/adsbygoogle.js?client=ca-pub-8106111766207173\"\r\n     crossorigin=\"anonymous\"><\/script>\r\n<!-- Display-1 -->\r\n<ins class=\"adsbygoogle\"\r\n     style=\"display:block\"\r\n     data-ad-client=\"ca-pub-8106111766207173\"\r\n     data-ad-slot=\"1465712950\"\r\n     data-ad-format=\"auto\"\r\n     data-full-width-responsive=\"true\"><\/ins>\r\n<script>\r\n     (adsbygoogle = window.adsbygoogle || []).push({});\r\n<\/script><\/div><\/div>","protected":false},"excerpt":{"rendered":"<p>Golem je to dobitak za 1350 postoje\u0107ih udruga branitelja, kojima je dr\u017eava putem javnog natje\u010daja dodjeljivala oko 17 milijuna kuna godi\u0161nje. Slijedi li masovno osnivanje udruga branitelja tamo gdje ih nema?<\/p>\n","protected":false},"author":1,"featured_media":6579,"comment_status":"closed","ping_status":"closed","sticky":false,"template":"","format":"standard","meta":{"footnotes":""},"categories":[9],"tags":[627],"class_list":["post-10482","post","type-post","status-publish","format-standard","has-post-thumbnail","hentry","category-vijesti","tag-branitelji"],"_links":{"self":[{"href":"https:\/\/www.mojevrijeme.hr\/magazin\/wp-json\/wp\/v2\/posts\/10482","targetHints":{"allow":["GET"]}}],"collection":[{"href":"https:\/\/www.mojevrijeme.hr\/magazin\/wp-json\/wp\/v2\/posts"}],"about":[{"href":"https:\/\/www.mojevrijeme.hr\/magazin\/wp-json\/wp\/v2\/types\/post"}],"author":[{"embeddable":true,"href":"https:\/\/www.mojevrijeme.hr\/magazin\/wp-json\/wp\/v2\/users\/1"}],"replies":[{"embeddable":true,"href":"https:\/\/www.mojevrijeme.hr\/magazin\/wp-json\/wp\/v2\/comments?post=10482"}],"version-history":[{"count":0,"href":"https:\/\/www.mojevrijeme.hr\/magazin\/wp-json\/wp\/v2\/posts\/10482\/revisions"}],"wp:featuredmedia":[{"embeddable":true,"href":"https:\/\/www.mojevrijeme.hr\/magazin\/wp-json\/wp\/v2\/media\/6579"}],"wp:attachment":[{"href":"https:\/\/www.mojevrijeme.hr\/magazin\/wp-json\/wp\/v2\/media?parent=10482"}],"wp:term":[{"taxonomy":"category","embeddable":true,"href":"https:\/\/www.mojevrijeme.hr\/magazin\/wp-json\/wp\/v2\/categories?post=10482"},{"taxonomy":"post_tag","embeddable":true,"href":"https:\/\/www.mojevrijeme.hr\/magazin\/wp-json\/wp\/v2\/tags?post=10482"}],"curies":[{"name":"wp","href":"https:\/\/api.w.org\/{rel}","templated":true}]}}