{"id":104927,"date":"2024-04-27T08:39:30","date_gmt":"2024-04-27T06:39:30","guid":{"rendered":"https:\/\/www.mojevrijeme.hr\/magazin\/?p=104927"},"modified":"2024-04-27T08:40:11","modified_gmt":"2024-04-27T06:40:11","slug":"zarade-jos-jednu-penziju-kupila-sam-sporet-mikrovalnu-ves-masinu","status":"publish","type":"post","link":"https:\/\/www.mojevrijeme.hr\/magazin\/2024\/04\/zarade-jos-jednu-penziju-kupila-sam-sporet-mikrovalnu-ves-masinu\/","title":{"rendered":"Zarade jo\u0161 jednu penziju: &#8216;Kupila sam \u0161poret, mikrovalnu, ve\u0161 ma\u0161inu&#8230;&#8217;"},"content":{"rendered":"\n<p>Mogu\u0107nost da dodatno podebljaju svoje mirovine koristi sve vi\u0161e umirovljenika. Prije osam godina tu je mogu\u0107nosti koristilo njih manje od tri tisu\u0107e, a danas ih je zaposleno gotovo 30 tisu\u0107a.<\/p>\n\n\n\n<p><strong>Snje\u017eana \u0106urkovi\u0107<\/strong> iz Zagreba svoju je mirovinu od mizernih 450 eura zaradila u bolnici. Sada radi kao trgovac na pola radnog vremena. &#8220;Misli\u0161, kad oti\u0111e\u0161 u mirovinu, mo\u0107i \u0107e\u0161 si mo\u017eda priu\u0161titi neko putovanje. Me\u0111utim, ne bih mogla niti do Plitvica sa svojom mirovinom&#8221;, obja\u0161njava za <a href=\"https:\/\/net.hr\/danas\/rtl-danas\/cak-30-000-umirovljenika-ponovno-radi-snjezana-je-sad-trgovkinja-napokon-sam-si-kupila-nove-tenisice-82d29e16-03f2-11ef-a947-96012c097d3c\" target=\"_blank\" rel=\"noreferrer noopener\">RTL<\/a>.<\/p>\n\n\n\n<p>&#8220;I onda sam rekla: \u010detiri godine mi je bilo donekle dobro, unuke sam vodila u vrti\u0107, pazila ih, sve je postalo monotonija, dan nikad kraja, a novaca nema\u0161\u201c ka\u017ee Snje\u017eana. I zato, iako je u zaslu\u017eenoj mirovini, mirovanje za nju nije opcija. &#8220;Otkako sam po\u010dela raditi mogla sam si kupiti novi \u0161poret, novu perilicu rublja, novu mikrovalu. Tenisice sam kona\u010dno kupila nakon 5-6 godina dok se stare nisu raspale&#8221;, ka\u017ee.<\/p><div id=\"mojev-3597292432\" class=\"mojev-u-tekstu mojev-entity-placement\" style=\"margin-left: auto;margin-right: auto;text-align: center;\"><div class=\"mojev-adlabel\">oglas<\/div><div style=\"height: 250px;\"><script async src=\"https:\/\/pagead2.googlesyndication.com\/pagead\/js\/adsbygoogle.js?client=ca-pub-8106111766207173\"\r\n     crossorigin=\"anonymous\"><\/script>\r\n<!-- Prikazni 1 u tekstu -->\r\n<ins class=\"adsbygoogle\"\r\n     style=\"display:block\"\r\n     data-ad-client=\"ca-pub-8106111766207173\"\r\n     data-ad-slot=\"8535551207\"\r\n     data-ad-format=\"auto\"\r\n     data-full-width-responsive=\"true\"><\/ins>\r\n<script>\r\n     (adsbygoogle = window.adsbygoogle || []).push({});\r\n<\/script><\/div><\/div><br style=\"clear: both; display: block; float: none;\"\/>\n\n\n\n<p>Me\u0111u umirovljenicima koji rade ve\u0107 dvije godine je i <strong>Branko Je\u010dmenjak<\/strong>. Nekad stru\u010dak za marketing, danas za\u0161titar. &#8220;Mogu zaraditi jo\u0161 jednom svoju mirovinu, i onda vam to bude natprosje\u010dna Hrvatska pla\u0107a&#8221;, isti\u010de.<\/p>\n\n\n\n<p>Izgurati mjesec sada je, ka\u017ee, nemjerljivo lak\u0161e: &#8220;Ali nije mi se lako dizati svako jutro u \u0161est, nekad u pet. To zavisi od smjena, jer u za\u0161titarskom poslu imate svakakve smjene, \u010dudna vremena kada ljudi spavaju pa nedjelje pa vikende&#8221; ka\u017ee Branko.<\/p>\n\n\n\n<p>Dodatni izvor prihoda ima i <strong>Ivo Kne\u017eevi\u0107<\/strong>. On je u invalidskoj mirovini. Njegova je preporuka svima koji jo\u0161 imaju snage, ali i zdravlja da se zaposle. &#8220;Glupo mi je bilo od prvoga do prvoga \u010dekati mirovinu, i da budem na korist sebi i drugima. Svojoj obitelji prvenstveno pa onda i dru\u0161tvu. Lijepo se popuni bud\u017eet i kada idem u du\u0107an ne moram toliko gledati koliko \u0161to ko\u0161ta, nego kupujem \u0161to mi treba&#8221;, poru\u010duje.<\/p>\n\n\n\n<p>Ve\u0107ina ih radi jer mora, govore u Sindikatu umirovljenika Hrvatske (SUH). &#8220;Trenuta\u010dno imamo da je stopa rizika od siroma\u0161tva za osobe starije od 65 godina 34,8 posto, a pro\u0161le godine je iznosila 32,4 posto. Jo\u0161 je godine osobama koje \u017eive u sama\u010dkim doma\u0107instvima \u2013 s obzirom na to da je \u010dak 60 posto njih u riziku od siroma\u0161tva&#8221;, ka\u017ee za <a href=\"https:\/\/net.hr\/danas\/rtl-danas\/cak-30-000-umirovljenika-ponovno-radi-snjezana-je-sad-trgovkinja-napokon-sam-si-kupila-nove-tenisice-82d29e16-03f2-11ef-a947-96012c097d3c\" target=\"_blank\" rel=\"noreferrer noopener\">RTL <\/a><strong>Igor Kne\u017eevi\u0107<\/strong>, glavni tajnik Sindikata umirovljenika Hrvatske.<\/p>\n<div id=\"mojev-1430421376\" class=\"mojev-kraj-teksta mojev-entity-placement\" style=\"margin-bottom: 20px;margin-left: auto;margin-right: auto;text-align: center;\"><div class=\"mojev-adlabel\">oglas<\/div><div style=\"height: 250px;\"><script async src=\"https:\/\/pagead2.googlesyndication.com\/pagead\/js\/adsbygoogle.js?client=ca-pub-8106111766207173\"\r\n     crossorigin=\"anonymous\"><\/script>\r\n<!-- Display-1 -->\r\n<ins class=\"adsbygoogle\"\r\n     style=\"display:block\"\r\n     data-ad-client=\"ca-pub-8106111766207173\"\r\n     data-ad-slot=\"1465712950\"\r\n     data-ad-format=\"auto\"\r\n     data-full-width-responsive=\"true\"><\/ins>\r\n<script>\r\n     (adsbygoogle = window.adsbygoogle || []).push({});\r\n<\/script><\/div><\/div>","protected":false},"excerpt":{"rendered":"<p>Nedostatak radne snage sve se vi\u0161e krpa umirovljenicima, koji, uz strane radnike postaju nova radna snaga. Trenuta\u010dno je aktivno vi\u0161e od 700 oglasa gdje se zapo\u0161ljavaju umirovljenici.<\/p>\n","protected":false},"author":1,"featured_media":104930,"comment_status":"closed","ping_status":"closed","sticky":false,"template":"","format":"standard","meta":{"footnotes":""},"categories":[9],"tags":[98,1342],"class_list":["post-104927","post","type-post","status-publish","format-standard","has-post-thumbnail","hentry","category-vijesti","tag-karijera","tag-rad-uz-mirovinu"],"_links":{"self":[{"href":"https:\/\/www.mojevrijeme.hr\/magazin\/wp-json\/wp\/v2\/posts\/104927","targetHints":{"allow":["GET"]}}],"collection":[{"href":"https:\/\/www.mojevrijeme.hr\/magazin\/wp-json\/wp\/v2\/posts"}],"about":[{"href":"https:\/\/www.mojevrijeme.hr\/magazin\/wp-json\/wp\/v2\/types\/post"}],"author":[{"embeddable":true,"href":"https:\/\/www.mojevrijeme.hr\/magazin\/wp-json\/wp\/v2\/users\/1"}],"replies":[{"embeddable":true,"href":"https:\/\/www.mojevrijeme.hr\/magazin\/wp-json\/wp\/v2\/comments?post=104927"}],"version-history":[{"count":0,"href":"https:\/\/www.mojevrijeme.hr\/magazin\/wp-json\/wp\/v2\/posts\/104927\/revisions"}],"wp:featuredmedia":[{"embeddable":true,"href":"https:\/\/www.mojevrijeme.hr\/magazin\/wp-json\/wp\/v2\/media\/104930"}],"wp:attachment":[{"href":"https:\/\/www.mojevrijeme.hr\/magazin\/wp-json\/wp\/v2\/media?parent=104927"}],"wp:term":[{"taxonomy":"category","embeddable":true,"href":"https:\/\/www.mojevrijeme.hr\/magazin\/wp-json\/wp\/v2\/categories?post=104927"},{"taxonomy":"post_tag","embeddable":true,"href":"https:\/\/www.mojevrijeme.hr\/magazin\/wp-json\/wp\/v2\/tags?post=104927"}],"curies":[{"name":"wp","href":"https:\/\/api.w.org\/{rel}","templated":true}]}}