{"id":10495,"date":"2017-09-30T12:23:19","date_gmt":"2017-09-30T10:23:19","guid":{"rendered":"http:\/\/www.mojevrijeme.hr\/magazin\/?p=10495"},"modified":"2017-10-04T12:23:31","modified_gmt":"2017-10-04T10:23:31","slug":"zadnje-u-povorci-diskriminiraju-li-pogrebni-obicaji-zene","status":"publish","type":"post","link":"https:\/\/www.mojevrijeme.hr\/magazin\/2017\/09\/zadnje-u-povorci-diskriminiraju-li-pogrebni-obicaji-zene\/","title":{"rendered":"Zadnje u povorci: Diskriminiraju li pogrebni obi\u010daji \u017eene?"},"content":{"rendered":"<p>Pravilnik za sudjelovanje u pogrebima, a kojeg je objavila tvrtka \u010cempresi iz \u0160ibenika koja upravlja gradskim grobljem Kvanj, izazvao je nemali interes javnosti. Posebno zbog toga jer propisuje mjesto \u017eena u pogrebnoj povorci.<\/p>\n<p>\u201eS du\u017enim po\u0161tovanjem i bez \u010du\u0111enja odnosite se prema razli\u010ditostima. Do\u0111ite barem 15 minuta prije zakazanog termina kako bi ste stigli izraziti su\u0107ut obitelji u mrtva\u010dnici prije nego krene pogrebna ceremonija. Ako je rije\u010d o sahrani, pridr\u017eavajte se rasporeda pogrebne povorke kako je definira sve\u0107enik ili voditelj ceremonije, a u na\u0161im krajevima je uobi\u010dajen slijede\u0107i raspored: Kri\u017e, mu\u0161karci, vijenci, sve\u0107enik, pokojnik, \u010dlanovi obitelji i potom \u017eene\u201d, jedno je od pet propisanih pravila.<\/p>\n<p>\u201eTipi\u010dan primjer kako glupasti i najlo\u0161iji \u0111aci postaju direktori u ovoj dr\u017eavi. Samo ti triba kartica HDZ-a. Pamet i inteligencija su nebitni\u201c, komentar je \u010ditateljice nezadovoljne s tim da su \u017eene stavljene na posljednje mjesto. \u201eKako je mogu\u0107e da jedna demokratska dr\u017eava, \u010dlanica Eu ima srednjevjekovne tradicije?\u201c jo\u0161 je jedan od brojnih upisa nezadovoljnih gra\u0111ana.<\/p><div id=\"mojev-3897643242\" class=\"mojev-u-tekstu mojev-entity-placement\" style=\"margin-left: auto;margin-right: auto;text-align: center;\"><div class=\"mojev-adlabel\">oglas<\/div><div style=\"height: 250px;\"><script async src=\"https:\/\/pagead2.googlesyndication.com\/pagead\/js\/adsbygoogle.js?client=ca-pub-8106111766207173\"\r\n     crossorigin=\"anonymous\"><\/script>\r\n<!-- Prikazni 1 u tekstu -->\r\n<ins class=\"adsbygoogle\"\r\n     style=\"display:block\"\r\n     data-ad-client=\"ca-pub-8106111766207173\"\r\n     data-ad-slot=\"8535551207\"\r\n     data-ad-format=\"auto\"\r\n     data-full-width-responsive=\"true\"><\/ins>\r\n<script>\r\n     (adsbygoogle = window.adsbygoogle || []).push({});\r\n<\/script><\/div><\/div><br style=\"clear: both; display: block; float: none;\"\/>\n<p>No direktor J<strong>o\u0161ko Vukovi\u0107<\/strong> za <a href=\"http:\/\/www.sibenik.in\/sibenik\/na-sprovodu-prvo-idu-muskarci-pa-svecenik-pokojnik-i-clanovi-obitelji-a-tek-onda-i-zene\/81985.html\" target=\"_blank\" rel=\"noopener\"><strong>\u0160ibenikIn<\/strong><\/a>\u00a0odgovara: \u201ePa nisam ja to izmislio! To nala\u017eu red i crkveni obi\u010daji, tako je propisala i Crkva, a ja ne volim kopati po tradicijama. Ipak, danas se toga u gradu skoro nitko ne dr\u017ei i te\u0161ko je formirati takvu povorku, iako obi\u010daj jo\u0161 uvijek \u017eivi u selima, rekao bih u 90 posto slu\u010dajeva.\u201c Na pisanje pravila pona\u0161anja odlu\u010dio se, ka\u017ee, zbog nedoli\u010dnog pona\u0161anja kojem je svjedo\u010dio na brojim sahranama.<\/p>\n<p>Izme\u0111u ostalog, u Pravilniku pi\u0161e: \u201eU urbanim krajevima crna odje\u0107a nije vi\u0161e obvezatna na sprovodima te se o\u010dekuje samo od naju\u017eeg kruga o\u017ealo\u0161\u0107enih. Ipak, lepr\u0161ava i provokativna odje\u0107a nije primjerena situaciji. Izbjegavajte kratke hla\u010de i suknje, sportske majice i sli\u010dnu garderobu jer je sprovod po tradiciji sve\u010dani doga\u0111aj i nemojte ga omalova\u017eiti svojim nastupom. Po\u0161tovanje prema pokojniku iskazat \u0107ete cijelim svojim pona\u0161anjem u koje se ubraja i odabir odje\u0107e.\u201c<\/p>\n<p>\u201eNaravno da nam ni na kraj pameti nije bilo omalova\u017eavati ili, ne daj bo\u017ee, degradirati \u017eene\u201c, poruka je direktora Vukovi\u0107a.<\/p>\n<div id=\"mojev-2071170385\" class=\"mojev-kraj-teksta mojev-entity-placement\" style=\"margin-bottom: 20px;margin-left: auto;margin-right: auto;text-align: center;\"><div class=\"mojev-adlabel\">oglas<\/div><div style=\"height: 250px;\"><script async src=\"https:\/\/pagead2.googlesyndication.com\/pagead\/js\/adsbygoogle.js?client=ca-pub-8106111766207173\"\r\n     crossorigin=\"anonymous\"><\/script>\r\n<!-- Display-1 -->\r\n<ins class=\"adsbygoogle\"\r\n     style=\"display:block\"\r\n     data-ad-client=\"ca-pub-8106111766207173\"\r\n     data-ad-slot=\"1465712950\"\r\n     data-ad-format=\"auto\"\r\n     data-full-width-responsive=\"true\"><\/ins>\r\n<script>\r\n     (adsbygoogle = window.adsbygoogle || []).push({});\r\n<\/script><\/div><\/div>","protected":false},"excerpt":{"rendered":"<p>Tipi\u010dan primjer kako glupasti i najlo\u0161iji \u0111aci postaju direktori u ovoj dr\u017eavi. Samo ti triba kartica HDZ-a. Pamet i inteligencija su nebitni, komentar je \u010ditateljice nezadovoljne s tim da su \u017eene stavljene na posljednje mjesto. <\/p>\n","protected":false},"author":1,"featured_media":9918,"comment_status":"closed","ping_status":"closed","sticky":false,"template":"","format":"standard","meta":{"footnotes":""},"categories":[9],"tags":[285,65,463],"class_list":["post-10495","post","type-post","status-publish","format-standard","has-post-thumbnail","hentry","category-vijesti","tag-feminizam","tag-pogreb","tag-ravnopravnost"],"_links":{"self":[{"href":"https:\/\/www.mojevrijeme.hr\/magazin\/wp-json\/wp\/v2\/posts\/10495","targetHints":{"allow":["GET"]}}],"collection":[{"href":"https:\/\/www.mojevrijeme.hr\/magazin\/wp-json\/wp\/v2\/posts"}],"about":[{"href":"https:\/\/www.mojevrijeme.hr\/magazin\/wp-json\/wp\/v2\/types\/post"}],"author":[{"embeddable":true,"href":"https:\/\/www.mojevrijeme.hr\/magazin\/wp-json\/wp\/v2\/users\/1"}],"replies":[{"embeddable":true,"href":"https:\/\/www.mojevrijeme.hr\/magazin\/wp-json\/wp\/v2\/comments?post=10495"}],"version-history":[{"count":0,"href":"https:\/\/www.mojevrijeme.hr\/magazin\/wp-json\/wp\/v2\/posts\/10495\/revisions"}],"wp:featuredmedia":[{"embeddable":true,"href":"https:\/\/www.mojevrijeme.hr\/magazin\/wp-json\/wp\/v2\/media\/9918"}],"wp:attachment":[{"href":"https:\/\/www.mojevrijeme.hr\/magazin\/wp-json\/wp\/v2\/media?parent=10495"}],"wp:term":[{"taxonomy":"category","embeddable":true,"href":"https:\/\/www.mojevrijeme.hr\/magazin\/wp-json\/wp\/v2\/categories?post=10495"},{"taxonomy":"post_tag","embeddable":true,"href":"https:\/\/www.mojevrijeme.hr\/magazin\/wp-json\/wp\/v2\/tags?post=10495"}],"curies":[{"name":"wp","href":"https:\/\/api.w.org\/{rel}","templated":true}]}}