{"id":104979,"date":"2024-04-28T13:08:34","date_gmt":"2024-04-28T11:08:34","guid":{"rendered":"https:\/\/www.mojevrijeme.hr\/magazin\/?p=104979"},"modified":"2024-04-28T13:33:04","modified_gmt":"2024-04-28T11:33:04","slug":"volim-unuke-ali-ja-sam-baka-a-ne-dadilja-zelim-svoj-zivot-natrag","status":"publish","type":"post","link":"https:\/\/www.mojevrijeme.hr\/magazin\/2024\/04\/volim-unuke-ali-ja-sam-baka-a-ne-dadilja-zelim-svoj-zivot-natrag\/","title":{"rendered":"&#8216;Volim unuke. Ali ja sam baka, a ne dadilja. Ne \u017eelim ih vi\u0161e \u010duvati na silu&#8217;"},"content":{"rendered":"\n<p>&#8220;Bila sam jako sretna kad mi je sin rekao da mu je supruga trudna s blizancima i da \u0107u po prvi put postati baka. Bila sam i uzbu\u0111ena zbog ideje da \u0107u voditi unuke na sladoled. Zami\u0161ljala sam kako \u0107e nekad prespavati kod mene i kako \u0107u biti prisutna u njihovom \u017eivotu. Ba\u0161 onako kako je moja baka bila prisutna u mom \u017eivotu, a moja majka u \u017eivotima moje djece. Zami\u0161ljala sam te zabavne stvari i kako \u0107u ih razmaziti, ali ne i o manje lijepim dijelovima odgoja djece.&#8221; Po\u010detak je to detaljne ispovijesti jedne bake za <a href=\"https:\/\/inews.co.uk\/\" target=\"_blank\" rel=\"noreferrer noopener\"><em>iNews<\/em><\/a>, a koju prenosimo u cijelost.<\/p>\n\n\n\n<p>Umirovila sam se mjesec dana prije nego \u0161to su se blizanci rodili. Prestala sam raditi u 67. godini i odustala sam od male tvrtke koju sam godinama vodila. Imala sam dobru karijeru, ali punu stresa.<\/p>\n\n\n\n<p>Tako\u0111er sam bila samohrana majka koja je odgajala svoje dvoje djece. Bilo je kaoti\u010dno, ali uspjela sam uz pomo\u0107 dadilje i moje majke koja je djecu preuzimala preko raspusta. Prijatelji su me stvarno podr\u017eavali i \u010dinili su mi usluge u hitnim slu\u010dajevima. Nakon toliko jurnjave i stresa, mirovina je za mene bila vrijeme za opu\u0161tanje i u\u017eivanje u relativnoj sigurnosti i slobodi.<\/p><div id=\"mojev-2898404578\" class=\"mojev-u-tekstu mojev-entity-placement\" style=\"margin-left: auto;margin-right: auto;text-align: center;\"><div class=\"mojev-adlabel\">oglas<\/div><div style=\"height: 250px;\"><script async src=\"https:\/\/pagead2.googlesyndication.com\/pagead\/js\/adsbygoogle.js?client=ca-pub-8106111766207173\"\r\n     crossorigin=\"anonymous\"><\/script>\r\n<!-- Prikazni 1 u tekstu -->\r\n<ins class=\"adsbygoogle\"\r\n     style=\"display:block\"\r\n     data-ad-client=\"ca-pub-8106111766207173\"\r\n     data-ad-slot=\"8535551207\"\r\n     data-ad-format=\"auto\"\r\n     data-full-width-responsive=\"true\"><\/ins>\r\n<script>\r\n     (adsbygoogle = window.adsbygoogle || []).push({});\r\n<\/script><\/div><\/div><br style=\"clear: both; display: block; float: none;\"\/>\n\n\n\n<p>Moja su se djeca \u0161alila da ne\u0107u znati mirno sjediti i gledati televizor cijeli dan, ali to i nije bila vrsta mirovine koju sam planirala. Imala sam sre\u0107e da sam u\u0161tedjela dovoljno novca za putovanja, avanture i izlaske s prijateljima. Mogla sam volontirati ili istra\u017eivati svijet, sve dok sam zdrava. Na koncu, nisam imala raspored kojeg sam se morala pridr\u017eavati svake sekunde svakoga dana!<\/p>\n\n\n\n<h3 class=\"wp-block-heading\">Prva godina je bila idili\u010dna<\/h3>\n\n\n\n<p>Prva godina mirovine bila je prva godina \u017eivota blizanaca. To je bila lijepa godina. Putovala sam, poha\u0111ala satove slikanja, volontirala u prihvatili\u0161tu za besku\u0107nike, a uz to sam bila aktivna u gof klubu. Nakon svega, provodila bih vrijeme uz snahu koja je bila na porodiljnom dopustu.<\/p>\n\n\n\n<p>Preuzimala bih blizance kako bi se snaha mogla naspavati i pomagala sam joj u \u010di\u0161\u0107enju ku\u0107e. Znala sam da je tih prvih mjeseci svaka pomo\u0107 spasonosna, pogotovo s dvije bebe. Htjela sam biti uz nju dok mi je sin na poslu. Pogotovo jer je njezina majka \u017eivjela daleko, a nisu ni bile bliske.<\/p>\n\n\n\n<h3 class=\"wp-block-heading\">Grom iz vedra neba<\/h3>\n\n\n\n<p>Nekoliko mjeseci prije nego \u0161to se snaha vratila na posao ( ona radi \u010detiri dana u tjednu), neposredno prije prvog ro\u0111endana mojih unuka, snaha i sin su me pitali koji dan u tjednu \u0107u \u010duvati blizance. Pitali su i mogu li ih preuzeti subotom ujutro do ru\u010dka, sve kako bi oni mogli imati malo vremena za sebe.<\/p>\n\n\n\n<p>To njihovi pitanje bilo je vi\u0161e kao o\u010dekivanje, nego kao zahtjev. Zateklo me jer nisam o\u010dekivala da \u0107u svaki tjedan redovito \u010duvati djecu, Od ideje o \u010duvanju subotom ujutro srce mi je presko\u010dilo. Nisam ih imala srca odbiti. Znam da je, iako pristojno zara\u0111uju, briga o djeci skupa, posebno za blizance. Pristala sam probati.<\/p>\n\n\n\n<h3 class=\"wp-block-heading\">Bila je to pogre\u0161ka<\/h3>\n\n\n\n<p>Stvarno bih voljela da to nisam u\u010dinila jer se sada osje\u0107am ogor\u010deno kad vidim koliko mi sve to oduzima vremena i truda. Jako volim blizance, ali iscrpljuju me od sedam ujutro do \u0161est popodne svakog utorka. Uz to, \u010duvam ih od podneva do 16 sati \u010detvrtkom, a zatim subotom ujutro. Te subote su ba\u0161 onakve kakve nisam \u017eeljela i jako me vremenski ograni\u010davaju.<\/p>\n\n\n\n<p>\u010cuvam i djecu i u drugim vremenima, ali ni\u0161ta od toga nije zabavno. Zami\u0161ljala sam \u010ditanje novina uz kavu ili ru\u010dkove s prijateljima s te\u010daja slikanja. Umjesto toga, sada kuham jaja i nagovaram djecu da operu zube. Mu\u010dim se tr\u010de\u0107i za dvoje iznimno \u017eivahne djece. Borim se s njihovim pelenama, padovima, napadima bijesa i svim \u0161to ide uz to.<\/p>\n\n\n\n<p>Uz to, snaha ima strogo definiran jelovnik za djecu i moram to\u010dno slijediti njena pravila. Razumijem da su to njena djeca, ali zbog njenih zahtjeva sam pod pritiskom. \u010cuvanje unu\u010dadi je umjesto zadovoljstva postalo du\u017enost.<\/p>\n\n\n\n<h3 class=\"wp-block-heading\">Nisam nepla\u0107ena rada snaga<\/h3>\n\n\n\n<p>Po\u010dela sam se osje\u0107ati lo\u0161e kad se izmaknem jer znam da to ote\u017eava \u017eivot sinu i snahi. Toliko su se po\u010deli oslanjati na mene da sam im od pomo\u0107i postala potreba. Osje\u0107am se krivom \u0161to im to zamjeram. Ali zamjeram im jer sam ja svoju djecu odgojila sama. Ni ja nikad nisam voljela tu fazu u kojoj im je trebalo toliko brige, ali sam je odradila. Kad su malo narasli i kad smo se mogli zabavljati, sve je postalo bolje.<\/p>\n\n\n\n<p>Da ne bude nesporazuma, ne \u017eelim pohvale ili cvije\u0107e, ali osje\u0107am se pomalo uzetom zdravo za gotovo. O tome sam vrlo oprezno razgovarala, puna srama, s nekim drugim prijateljima, bakama i djedovima. Neki od njih su sretni \u0161to su nepla\u0107eni radnici, dok se drugi osje\u0107aju ba\u0161 kao ja.<\/p>\n\n\n\n<p>Suosje\u0107amo s financijskim pritiscima kojima su izlo\u017eena na\u0161a djeca. Dr\u017eavu prije svega krivimo za sramotnu nebrigu za roditelje i djecu. Ali zna\u010di li to da je du\u017enost nas baka i djedova da sve zajedno dr\u017eimo da se ne raspadne? Ne bi trebalo biti.<\/p>\n\n\n\n<h3 class=\"wp-block-heading\">A \u0161to je s mojim \u017eivotom?<\/h3>\n\n\n\n<p>Nedostaje mi ona prva godina u kojoj sam se igrala s blizancima, ali nisam bila fiksni dio rasporeda za brigu o njima. Ne svi\u0111a mi se kako su sin i snaha pretpostavili da imam svo vrijeme ovoga svijeta i da moj \u017eivot mo\u017ee biti stavljen na \u010dekanje. Starim, zdrava sam i \u017eelim u\u017eivati u \u017eivotu dok mogu. \u017delim oti\u0107i u kino u utorak u 11 sati, odjuriti u Rim na sat talijanskog jezika, oti\u0107i i ostati kod prijatelja cijeli vikend i nemati grizodu\u0161je zbog toga.<\/p>\n\n\n\n<p>Tako\u0111er, ne \u017eelim osje\u0107ati strah prije svake &#8220;smjene&#8221; pitaju\u0107i se kako \u0107u ih danas zabaviti. Moj sin govori o tre\u0107em djetetu i zbog toga osje\u0107am paniku jer im vi\u0161e ne mogu davati ovakvu podr\u0161ku. Morat \u0107u biti izravnija sa sinom i snahom jer ih volim i ne \u017eelim im cijelo vrijeme zamjerati stvari. Ali \u010dinjenica je da sam svoju slobodu zaslu\u017eila i sada \u017eelim biti baka, a ne dadilja.<\/p>\n\n\n\n<p>Jeste li i vi premorena baka koja je mirovinu zami\u0161ljala druga\u010dije?<\/p>\n\n\n\n<div id=\"crveno\"><\/p>\n\n\n\n<h3 class=\"wp-block-heading\">Zanima nas va\u0161a pri\u010da<\/h3>\n\n\n\n<p>\u017delite li i vi, posve anonimno, podijeliti svoje iskustvo i vi\u0111enje ove teme s nama i na\u0161im \u010ditateljima, mo\u017eete to u\u010diniti putem web obrasca <a rel=\"noreferrer noopener\" href=\"https:\/\/www.mojevrijeme.hr\/magazin\/povjerljivo\/\" target=\"_blank\">Povjerljivo<\/a>. Napi\u0161ite svoju pri\u010du!<\/p>\n\n\n\n<p><\/div>\n<div id=\"mojev-192742817\" class=\"mojev-kraj-teksta mojev-entity-placement\" style=\"margin-bottom: 20px;margin-left: auto;margin-right: auto;text-align: center;\"><div class=\"mojev-adlabel\">oglas<\/div><div style=\"height: 250px;\"><script async src=\"https:\/\/pagead2.googlesyndication.com\/pagead\/js\/adsbygoogle.js?client=ca-pub-8106111766207173\"\r\n     crossorigin=\"anonymous\"><\/script>\r\n<!-- Display-1 -->\r\n<ins class=\"adsbygoogle\"\r\n     style=\"display:block\"\r\n     data-ad-client=\"ca-pub-8106111766207173\"\r\n     data-ad-slot=\"1465712950\"\r\n     data-ad-format=\"auto\"\r\n     data-full-width-responsive=\"true\"><\/ins>\r\n<script>\r\n     (adsbygoogle = window.adsbygoogle || []).push({});\r\n<\/script><\/div><\/div>","protected":false},"excerpt":{"rendered":"<p>&#8216;Moj sin govori o tre\u0107em djetetu i zbog toga osje\u0107am paniku jer im vi\u0161e ne mogu davati ovakvu podr\u0161ku&#8217;, ka\u017ee baka. Priznaje, unu\u010dad je zami\u0161ljala kao zabavu, no za nju je \u017eivot postao mu\u010denje.<\/p>\n","protected":false},"author":1,"featured_media":104988,"comment_status":"closed","ping_status":"closed","sticky":false,"template":"","format":"standard","meta":{"footnotes":""},"categories":[2],"tags":[1353,465],"class_list":["post-104979","post","type-post","status-publish","format-standard","has-post-thumbnail","hentry","category-mozaik","tag-baka-servis","tag-umor"],"_links":{"self":[{"href":"https:\/\/www.mojevrijeme.hr\/magazin\/wp-json\/wp\/v2\/posts\/104979","targetHints":{"allow":["GET"]}}],"collection":[{"href":"https:\/\/www.mojevrijeme.hr\/magazin\/wp-json\/wp\/v2\/posts"}],"about":[{"href":"https:\/\/www.mojevrijeme.hr\/magazin\/wp-json\/wp\/v2\/types\/post"}],"author":[{"embeddable":true,"href":"https:\/\/www.mojevrijeme.hr\/magazin\/wp-json\/wp\/v2\/users\/1"}],"replies":[{"embeddable":true,"href":"https:\/\/www.mojevrijeme.hr\/magazin\/wp-json\/wp\/v2\/comments?post=104979"}],"version-history":[{"count":0,"href":"https:\/\/www.mojevrijeme.hr\/magazin\/wp-json\/wp\/v2\/posts\/104979\/revisions"}],"wp:featuredmedia":[{"embeddable":true,"href":"https:\/\/www.mojevrijeme.hr\/magazin\/wp-json\/wp\/v2\/media\/104988"}],"wp:attachment":[{"href":"https:\/\/www.mojevrijeme.hr\/magazin\/wp-json\/wp\/v2\/media?parent=104979"}],"wp:term":[{"taxonomy":"category","embeddable":true,"href":"https:\/\/www.mojevrijeme.hr\/magazin\/wp-json\/wp\/v2\/categories?post=104979"},{"taxonomy":"post_tag","embeddable":true,"href":"https:\/\/www.mojevrijeme.hr\/magazin\/wp-json\/wp\/v2\/tags?post=104979"}],"curies":[{"name":"wp","href":"https:\/\/api.w.org\/{rel}","templated":true}]}}