{"id":105008,"date":"2024-04-28T17:19:28","date_gmt":"2024-04-28T15:19:28","guid":{"rendered":"https:\/\/www.mojevrijeme.hr\/magazin\/?p=105008"},"modified":"2024-04-28T17:26:09","modified_gmt":"2024-04-28T15:26:09","slug":"sprema-se-prvomajski-grah-u-maksimiru-stize-i-gibonni","status":"publish","type":"post","link":"https:\/\/www.mojevrijeme.hr\/magazin\/2024\/04\/sprema-se-prvomajski-grah-u-maksimiru-stize-i-gibonni\/","title":{"rendered":"Spremaju se prvomajski grah i \u0161trukle, u Maksimir sti\u017ee i Gibonni"},"content":{"rendered":"\n<p>Zagrep\u010dani i njihovi gosti i ove \u0107e godine proslaviti Me\u0111unarodni praznik rada u Maksimiru. Prvomajsku proslavu u najljep\u0161em gradskom perivoju organizira Grad Zagreb s po\u010detkom u 9:00. <\/p>\n\n\n\n<p>Tradicionalno, gra\u0111anima \u0107e u srijedu biti podijeljeno 40 tisu\u0107a porcija graha i 20 tisu\u0107a porcija \u0161trukli, dok \u0107e glazbeni program predvoditi <strong>Gibonni<\/strong>. Pridru\u017eit \u0107e mu se i \u00a0Martin Kosovec, pobjednik posljednje sezone <em>The Voicea<\/em>. Na veliku maksimirsku pozornicu \u0107e stati i gradona\u010delnik Tomislav Toma\u0161evi\u0107 koji \u0107e se prigodno obratiti gra\u0111anima.<\/p>\n\n\n\n<p>Usporedno s programom na velikoj pozornici, na maloj \u0107e se pozornici od 10 do 15 sati odvijati kreativne radionice u organizaciji Centra za kulturu Maksimir, predstave za djecu te nastupi plesnih skupina.<\/p><div id=\"mojev-2413435001\" class=\"mojev-u-tekstu mojev-entity-placement\" style=\"margin-left: auto;margin-right: auto;text-align: center;\"><div class=\"mojev-adlabel\">oglas<\/div><div style=\"height: 250px;\"><script async src=\"https:\/\/pagead2.googlesyndication.com\/pagead\/js\/adsbygoogle.js?client=ca-pub-8106111766207173\"\r\n     crossorigin=\"anonymous\"><\/script>\r\n<!-- Prikazni 1 u tekstu -->\r\n<ins class=\"adsbygoogle\"\r\n     style=\"display:block\"\r\n     data-ad-client=\"ca-pub-8106111766207173\"\r\n     data-ad-slot=\"8535551207\"\r\n     data-ad-format=\"auto\"\r\n     data-full-width-responsive=\"true\"><\/ins>\r\n<script>\r\n     (adsbygoogle = window.adsbygoogle || []).push({});\r\n<\/script><\/div><\/div><br style=\"clear: both; display: block; float: none;\"\/>\n\n\n\n<p>Samo \u010detiri godine nakon krvoproli\u0107a u Chicagu, u Hrvatskoj se po\u010delo obilje\u017eavati Praznik rada i to ba\u0161 u Maksimiru. Naime, tog 1. maja 1890. godine okupljeni radnici glasno su zatra\u017eili osam sati rada, osam sati odmora i osam sati kulturnog uzdizanja uz parolu &#8220;Mi smo za rad, ali \u017eelimo \u017eivjeti kao ljudi&#8221;.<\/p>\n\n\n\n<h3 class=\"wp-block-heading\">Za\u0161to ba\u0161 1. maj?<\/h3>\n\n\n\n<p>Proslava Prvoga maja povijesno je vezana uz \u0161trajka\u0161ki pokret koji se razvio u Sjedinjenim Dr\u017eavama 1890-ih i veliki \u0161trajk u Chicagu 1. maja 1886., u kojem je sudjelovalo pribli\u017eno 40.000 ljudi. Na skupu, na kojem su radni\u010dki vo\u0111e istaknuli zahtjeve, do\u0161lo je do oru\u017eanoga napada na \u0161trajka\u0161e. U napadu je ubijeno \u0161estero ljudi, a ranjeno oko pedesetero, dok je velik broj demonstranata bio uhi\u0107en.<\/p>\n<div id=\"mojev-163093083\" class=\"mojev-kraj-teksta mojev-entity-placement\" style=\"margin-bottom: 20px;margin-left: auto;margin-right: auto;text-align: center;\"><div class=\"mojev-adlabel\">oglas<\/div><div style=\"height: 250px;\"><script async src=\"https:\/\/pagead2.googlesyndication.com\/pagead\/js\/adsbygoogle.js?client=ca-pub-8106111766207173\"\r\n     crossorigin=\"anonymous\"><\/script>\r\n<!-- Display-1 -->\r\n<ins class=\"adsbygoogle\"\r\n     style=\"display:block\"\r\n     data-ad-client=\"ca-pub-8106111766207173\"\r\n     data-ad-slot=\"1465712950\"\r\n     data-ad-format=\"auto\"\r\n     data-full-width-responsive=\"true\"><\/ins>\r\n<script>\r\n     (adsbygoogle = window.adsbygoogle || []).push({});\r\n<\/script><\/div><\/div>","protected":false},"excerpt":{"rendered":"<p>Proslava Prvoga maja povijesno je vezana uz \u0161trajka\u0161ki pokret koji se razvio u Sjedinjenim Dr\u017eavama 1890-ih i veliki \u0161trajk u Chicagu 1. maja 1886., u kojem je sudjelovalo pribli\u017eno 40.000 ljudi.<\/p>\n","protected":false},"author":1,"featured_media":72574,"comment_status":"closed","ping_status":"closed","sticky":false,"template":"","format":"standard","meta":{"footnotes":""},"categories":[9],"tags":[1710,39],"class_list":["post-105008","post","type-post","status-publish","format-standard","has-post-thumbnail","hentry","category-vijesti","tag-praznik-rada","tag-zagreb"],"_links":{"self":[{"href":"https:\/\/www.mojevrijeme.hr\/magazin\/wp-json\/wp\/v2\/posts\/105008","targetHints":{"allow":["GET"]}}],"collection":[{"href":"https:\/\/www.mojevrijeme.hr\/magazin\/wp-json\/wp\/v2\/posts"}],"about":[{"href":"https:\/\/www.mojevrijeme.hr\/magazin\/wp-json\/wp\/v2\/types\/post"}],"author":[{"embeddable":true,"href":"https:\/\/www.mojevrijeme.hr\/magazin\/wp-json\/wp\/v2\/users\/1"}],"replies":[{"embeddable":true,"href":"https:\/\/www.mojevrijeme.hr\/magazin\/wp-json\/wp\/v2\/comments?post=105008"}],"version-history":[{"count":0,"href":"https:\/\/www.mojevrijeme.hr\/magazin\/wp-json\/wp\/v2\/posts\/105008\/revisions"}],"wp:featuredmedia":[{"embeddable":true,"href":"https:\/\/www.mojevrijeme.hr\/magazin\/wp-json\/wp\/v2\/media\/72574"}],"wp:attachment":[{"href":"https:\/\/www.mojevrijeme.hr\/magazin\/wp-json\/wp\/v2\/media?parent=105008"}],"wp:term":[{"taxonomy":"category","embeddable":true,"href":"https:\/\/www.mojevrijeme.hr\/magazin\/wp-json\/wp\/v2\/categories?post=105008"},{"taxonomy":"post_tag","embeddable":true,"href":"https:\/\/www.mojevrijeme.hr\/magazin\/wp-json\/wp\/v2\/tags?post=105008"}],"curies":[{"name":"wp","href":"https:\/\/api.w.org\/{rel}","templated":true}]}}