{"id":105159,"date":"2024-04-30T09:09:23","date_gmt":"2024-04-30T07:09:23","guid":{"rendered":"https:\/\/www.mojevrijeme.hr\/magazin\/?p=105159"},"modified":"2024-04-30T09:10:19","modified_gmt":"2024-04-30T07:10:19","slug":"tko-sve-ima-pravo-na-invalidsku-mirovinu-i-kako-se-racuna-radni-vijek","status":"publish","type":"post","link":"https:\/\/www.mojevrijeme.hr\/magazin\/2024\/04\/tko-sve-ima-pravo-na-invalidsku-mirovinu-i-kako-se-racuna-radni-vijek\/","title":{"rendered":"Tko sve ima pravo na invalidsku mirovinu i kako se ra\u010duna radni vijek"},"content":{"rendered":"\n<p>Za ostvarivanje prava na invalidsku mirovinu treba ostvariti sva temeljna uvjeta. To je uvjet postojanje djelomi\u010dnog ili potpunog gubitka radne sposobnosti te uvjet sta\u017ea. <\/p>\n\n\n\n<p>Djelomi\u010dni gubitak radne sposobnosti postoji kada kod osiguranika postoji smanjenje radne sposobnosti, a s obzirom na zdravstveno stanje, \u017eivotnu dob, naobrazbu i sposobnost ne mo\u017ee se profesionalnom rehabilitacijom osposobiti za rad na drugim poslovima s punim radnim vremenom. Pri tome mo\u017ee raditi najmanje 70% radnog vremena na prilago\u0111enim poslovima koji odgovaraju njegovim dosada\u0161njim poslovima, i to iste ili sli\u010dne razine obrazovanja.<\/p>\n\n\n\n<p>S druge strane, potpuni gubitak radne sposobnosti postoji kada kod osiguranika nastane trajni gubitak radne sposobnosti bez preostale radne sposobnosti.<\/p><div id=\"mojev-145801643\" class=\"mojev-u-tekstu mojev-entity-placement\" style=\"margin-left: auto;margin-right: auto;text-align: center;\"><div class=\"mojev-adlabel\">oglas<\/div><div style=\"height: 250px;\"><script async src=\"https:\/\/pagead2.googlesyndication.com\/pagead\/js\/adsbygoogle.js?client=ca-pub-8106111766207173\"\r\n     crossorigin=\"anonymous\"><\/script>\r\n<!-- Prikazni 1 u tekstu -->\r\n<ins class=\"adsbygoogle\"\r\n     style=\"display:block\"\r\n     data-ad-client=\"ca-pub-8106111766207173\"\r\n     data-ad-slot=\"8535551207\"\r\n     data-ad-format=\"auto\"\r\n     data-full-width-responsive=\"true\"><\/ins>\r\n<script>\r\n     (adsbygoogle = window.adsbygoogle || []).push({});\r\n<\/script><\/div><\/div><br style=\"clear: both; display: block; float: none;\"\/>\n\n\n\n<p>Ako je djelomi\u010dni ili potpuni gubitak radne sposobnosti nastao zbog bolesti i\/ili ozljede izvan rada prije navr\u0161enih 65 godina \u017eivota, pravo na invalidsku mirovinu osiguranik stje\u010de ako mu navr\u0161eni mirovinski sta\u017e pokriva najmanje jednu tre\u0107inu radnog vijeka.<\/p>\n\n\n\n<h3 class=\"wp-block-heading\">Kako se ra\u010duna radni vijek?<\/h3>\n\n\n\n<p>Radni vijek ra\u010duna se od 20. godine \u017eivota, a odnosi se na broj punih godina od dana kada je osiguranik navr\u0161io 20 godina \u017eivota do dana nastanka djelomi\u010dnog ili potpunog gubitka radne sposobnosti.<\/p>\n\n\n\n<p>Osiguraniku koji je nakon navr\u0161ene 20. godine \u017eivota zavr\u0161io preddiplomski sveu\u010dili\u0161ni studij ili stru\u010dni studij (vi\u0161a stru\u010dna sprema ste\u010dena prema ranijim propisima), radni vijek ra\u010duna se od navr\u0161ene 23. godine \u017eivota, a osiguraniku koji je zavr\u0161io preddiplomski i diplomski sveu\u010dili\u0161ni studij ili integrirani preddiplomski i diplomski sveu\u010dili\u0161ni studij ili specijalisti\u010dki diplomski stru\u010dni studij (visoka stru\u010dna sprema ste\u010dena prema ranijim propisima) od navr\u0161ene 26. godine \u017eivota.<\/p>\n\n\n\n<p>Razdoblje radnog vijeka skra\u0107uje se za stvarno razdoblje koje je osiguranik: proveo na dragovoljnom vojnom osposobljavanju ili obveznom slu\u017eenju vojnog roka i\/ili bio prijavljen kao nezaposlena osoba nadle\u017enoj slu\u017ebi za zapo\u0161ljavanje.<\/p>\n\n\n\n<p>Za osiguranike kod kojih potpuni gubitak radne sposobnosti nastane prije navr\u0161ene 30. odnosno 35. godine \u017eivota kra\u0107i je uvjet sta\u017ea (navr\u0161ena jedna odnosno dvije godine sta\u017ea osiguranja). Potpuni gubitak radne sposobnosti mora nastati za vrijeme osiguranja ili u roku jedne godine nakon prestanka osiguranja.<\/p>\n\n\n\n<p>Ako je invalidnost osiguranika nastala zbog ozljede na radu ili profesionalne bolesti, pravo na invalidsku mirovinu osiguranik stje\u010de bez obzira na du\u017einu mirovinskog sta\u017ea.<\/p>\n\n\n\n<h3 class=\"wp-block-heading\">Prevo\u0111enje invalidske mirovine<\/h3>\n\n\n\n<p>Korisniku prava na invalidsku mirovinu zbog potpunog gubitka radne sposobnosti koja je prouzro\u010dena bole\u0161\u0107u prevodi se to pravo na starosnu mirovinu kada navr\u0161i dob propisanu za starosnu mirovinu (navr\u0161enih 65 godina \u017eivota za mu\u0161karce te navr\u0161enih 63 godine i 6 mjeseci u 2024. godini &#8211; uvjeti za starosnu mirovinu u prijelaznom razdoblju za \u017eene). <em>(r)<\/em><\/p>\n<div id=\"mojev-318757623\" class=\"mojev-kraj-teksta mojev-entity-placement\" style=\"margin-bottom: 20px;margin-left: auto;margin-right: auto;text-align: center;\"><div class=\"mojev-adlabel\">oglas<\/div><div style=\"height: 250px;\"><script async src=\"https:\/\/pagead2.googlesyndication.com\/pagead\/js\/adsbygoogle.js?client=ca-pub-8106111766207173\"\r\n     crossorigin=\"anonymous\"><\/script>\r\n<!-- Display-1 -->\r\n<ins class=\"adsbygoogle\"\r\n     style=\"display:block\"\r\n     data-ad-client=\"ca-pub-8106111766207173\"\r\n     data-ad-slot=\"1465712950\"\r\n     data-ad-format=\"auto\"\r\n     data-full-width-responsive=\"true\"><\/ins>\r\n<script>\r\n     (adsbygoogle = window.adsbygoogle || []).push({});\r\n<\/script><\/div><\/div>","protected":false},"excerpt":{"rendered":"<p>Radni vijek ra\u010duna se od 20. godine \u017eivota, a odnosi se na broj punih godina od dana kada je osiguranik navr\u0161io 20 godina \u017eivota do dana nastanka djelomi\u010dnog ili potpunog gubitka radne sposobnosti. No postoji vi\u0161e scenarija.<\/p>\n","protected":false},"author":1,"featured_media":80337,"comment_status":"closed","ping_status":"closed","sticky":false,"template":"","format":"standard","meta":{"footnotes":""},"categories":[9],"tags":[1805],"class_list":["post-105159","post","type-post","status-publish","format-standard","has-post-thumbnail","hentry","category-vijesti","tag-invalidska-mirovina"],"_links":{"self":[{"href":"https:\/\/www.mojevrijeme.hr\/magazin\/wp-json\/wp\/v2\/posts\/105159","targetHints":{"allow":["GET"]}}],"collection":[{"href":"https:\/\/www.mojevrijeme.hr\/magazin\/wp-json\/wp\/v2\/posts"}],"about":[{"href":"https:\/\/www.mojevrijeme.hr\/magazin\/wp-json\/wp\/v2\/types\/post"}],"author":[{"embeddable":true,"href":"https:\/\/www.mojevrijeme.hr\/magazin\/wp-json\/wp\/v2\/users\/1"}],"replies":[{"embeddable":true,"href":"https:\/\/www.mojevrijeme.hr\/magazin\/wp-json\/wp\/v2\/comments?post=105159"}],"version-history":[{"count":0,"href":"https:\/\/www.mojevrijeme.hr\/magazin\/wp-json\/wp\/v2\/posts\/105159\/revisions"}],"wp:featuredmedia":[{"embeddable":true,"href":"https:\/\/www.mojevrijeme.hr\/magazin\/wp-json\/wp\/v2\/media\/80337"}],"wp:attachment":[{"href":"https:\/\/www.mojevrijeme.hr\/magazin\/wp-json\/wp\/v2\/media?parent=105159"}],"wp:term":[{"taxonomy":"category","embeddable":true,"href":"https:\/\/www.mojevrijeme.hr\/magazin\/wp-json\/wp\/v2\/categories?post=105159"},{"taxonomy":"post_tag","embeddable":true,"href":"https:\/\/www.mojevrijeme.hr\/magazin\/wp-json\/wp\/v2\/tags?post=105159"}],"curies":[{"name":"wp","href":"https:\/\/api.w.org\/{rel}","templated":true}]}}