{"id":105574,"date":"2024-05-05T11:29:00","date_gmt":"2024-05-05T09:29:00","guid":{"rendered":"https:\/\/www.mojevrijeme.hr\/magazin\/?p=105574"},"modified":"2024-05-05T17:53:54","modified_gmt":"2024-05-05T15:53:54","slug":"vjernici-pred-zakljucanim-vratima-trebaju-li-se-crkve-zakljucavati","status":"publish","type":"post","link":"https:\/\/www.mojevrijeme.hr\/magazin\/2024\/05\/vjernici-pred-zakljucanim-vratima-trebaju-li-se-crkve-zakljucavati\/","title":{"rendered":"Vjernici pred zaklju\u010danim vratima: Trebaju li se crkve zaklju\u010davati?"},"content":{"rendered":"\n<p>S istim se problemom dugovje\u010dnom katoli\u010dkom tjedniku <a href=\"https:\/\/www.glas-koncila.hr\/poticaj-u-godini-molitve-zasto-su-crkve-zatvorene\/\" target=\"_blank\" rel=\"noreferrer noopener\">Glas Koncila<\/a> javila \u010ditateljica koja ka\u017ee: &#8220;S obzirom na to da se nalazimo u Godini molitve, potaknuta sam Vam pisati kako bih \u010dula Va\u0161e mi\u0161ljenje i potaknula sve\u0107enike da \u010de\u0161\u0107e vrata crkava ostave otvorenima&#8221;.<\/p>\n\n\n\n<p>&#8220;Naime, osim za misna slavlja crkve su \u010desto zatvorene i dojam je da se u \u017eupnim crkvama ne ostavlja prostor za osobnu molitvu, njegovanje duhovnoga \u017eivota. \u010cesto su \u017eupe otvorene za razli\u010dite aktivnosti, filmske ve\u010deri, dru\u017eenja, Caritas, a negdje kao da je po strani ostala temeljna stvar \u2013 molimo li u \u017eupi&#8221;, zaklju\u010duje nezadovoljna vjernica. U nastavku prenosim odgovor stru\u010dnjaka iz Glasa koncila.<\/p>\n\n\n\n<p>&#8220;Sla\u017eemo se s Vama da bi na\u0161e crkve, posebno \u017eupne, trebale biti \u010desto otvorene za molitvu. U mnogim crkvama, gdje je to mogu\u0107e, doista je tako i barem su predvorja i otvorena, jer je to prakti\u010dno budu\u0107i da nije jednostavno prona\u0107i vjernike \/ \u017eupljane koji bi cijeli dan ili nekoliko sati molili u crkvi te tako ujedno i drugim vjernicima omogu\u0107ili molitvu&#8221;, odgovara Koncil.<\/p><div id=\"mojev-2619498232\" class=\"mojev-u-tekstu mojev-entity-placement\" style=\"margin-left: auto;margin-right: auto;text-align: center;\"><div class=\"mojev-adlabel\">oglas<\/div><div style=\"height: 250px;\"><script async src=\"https:\/\/pagead2.googlesyndication.com\/pagead\/js\/adsbygoogle.js?client=ca-pub-8106111766207173\"\r\n     crossorigin=\"anonymous\"><\/script>\r\n<!-- Prikazni 1 u tekstu -->\r\n<ins class=\"adsbygoogle\"\r\n     style=\"display:block\"\r\n     data-ad-client=\"ca-pub-8106111766207173\"\r\n     data-ad-slot=\"8535551207\"\r\n     data-ad-format=\"auto\"\r\n     data-full-width-responsive=\"true\"><\/ins>\r\n<script>\r\n     (adsbygoogle = window.adsbygoogle || []).push({});\r\n<\/script><\/div><\/div><br style=\"clear: both; display: block; float: none;\"\/>\n\n\n\n<p>&#8220;Nije lako prona\u0107i ni vjernike koji bi bili na raspolaganju na ulazu i tako omogu\u0107avali posjet crkvama, kao \u0161to je to slu\u010daj u ve\u0107im mjestima i gradovima. Crkve, na \u017ealost, ne mogu ostati otvorene cijeli dan bez prisutnosti vjernika, kako bogoslu\u017eni prostor ne bi bio izlo\u017een mogu\u0107oj zloporabi, uni\u0161tavanju ili oskvrnu\u0107u. Zato mislimo da su nam crkve \u010desto zatvorene zbog &#8216;prakti\u010dnih&#8217; nemogu\u0107nosti druga\u010dijega postupanja sve\u0107enika\/\u017eupnika.&#8221;<\/p>\n\n\n\n<p>&#8220;Lijepo primje\u0107ujete da su \u017eupe otvorene za razli\u010dite aktivnosti, ali to je jednostavnije: filmske ve\u010deri, dru\u017eenje i Caritas organizirane su aktivnosti i uvijek je netko prisutan, a kada je rije\u010d o molitvi \u2013 pa \u010dak i o godi\u0161njem klanjanju u \u017eupi \u2013 u ponekim \u017eupama \u017eupnici muku mu\u010de kako bi netko od vjernika bio stalno prisutan u \u017eupi.&#8221;<\/p>\n\n\n\n<p>&#8220;Vode\u0107i ra\u010duna o svemu tome, mislimo da bi i Va\u0161e pismo \u2013 posebno u Godini molitve kao pripravi za Jubilej 2025. \u2013 moglo biti poticaj da se u \u017eupama i \u017eupnim crkvama kao vjernici \u010de\u0161\u0107e okupimo i na molitvi&#8221;, zaklju\u010duje <a href=\"https:\/\/www.glas-koncila.hr\/poticaj-u-godini-molitve-zasto-su-crkve-zatvorene\/\" target=\"_blank\" rel=\"noreferrer noopener\">Glas Koncila<\/a>.<\/p>\n<div id=\"mojev-275588191\" class=\"mojev-kraj-teksta mojev-entity-placement\" style=\"margin-bottom: 20px;margin-left: auto;margin-right: auto;text-align: center;\"><div class=\"mojev-adlabel\">oglas<\/div><div style=\"height: 250px;\"><script async src=\"https:\/\/pagead2.googlesyndication.com\/pagead\/js\/adsbygoogle.js?client=ca-pub-8106111766207173\"\r\n     crossorigin=\"anonymous\"><\/script>\r\n<!-- Display-1 -->\r\n<ins class=\"adsbygoogle\"\r\n     style=\"display:block\"\r\n     data-ad-client=\"ca-pub-8106111766207173\"\r\n     data-ad-slot=\"1465712950\"\r\n     data-ad-format=\"auto\"\r\n     data-full-width-responsive=\"true\"><\/ins>\r\n<script>\r\n     (adsbygoogle = window.adsbygoogle || []).push({});\r\n<\/script><\/div><\/div>","protected":false},"excerpt":{"rendered":"<p>Nije rijetko \u010duti vjernike kako se bune na zaklju\u010dana vrata crkava \u0161to ih sprje\u010dava u intimnoj molitvi. Ili, kako je to napisala jedna na\u0161a \u010ditateljica: &#8216;U Jugoslaviji sam u na\u0161u \u017eupnu crkvu mogla u\u0107i kad god sam htjela, danas su vrata preko dana zaklju\u010dana.&#8217;<\/p>\n","protected":false},"author":1,"featured_media":69389,"comment_status":"closed","ping_status":"closed","sticky":false,"template":"","format":"standard","meta":{"footnotes":""},"categories":[2],"tags":[3649,1070,713],"class_list":["post-105574","post","type-post","status-publish","format-standard","has-post-thumbnail","hentry","category-mozaik","tag-crkve","tag-katolici","tag-vjera"],"_links":{"self":[{"href":"https:\/\/www.mojevrijeme.hr\/magazin\/wp-json\/wp\/v2\/posts\/105574","targetHints":{"allow":["GET"]}}],"collection":[{"href":"https:\/\/www.mojevrijeme.hr\/magazin\/wp-json\/wp\/v2\/posts"}],"about":[{"href":"https:\/\/www.mojevrijeme.hr\/magazin\/wp-json\/wp\/v2\/types\/post"}],"author":[{"embeddable":true,"href":"https:\/\/www.mojevrijeme.hr\/magazin\/wp-json\/wp\/v2\/users\/1"}],"replies":[{"embeddable":true,"href":"https:\/\/www.mojevrijeme.hr\/magazin\/wp-json\/wp\/v2\/comments?post=105574"}],"version-history":[{"count":0,"href":"https:\/\/www.mojevrijeme.hr\/magazin\/wp-json\/wp\/v2\/posts\/105574\/revisions"}],"wp:featuredmedia":[{"embeddable":true,"href":"https:\/\/www.mojevrijeme.hr\/magazin\/wp-json\/wp\/v2\/media\/69389"}],"wp:attachment":[{"href":"https:\/\/www.mojevrijeme.hr\/magazin\/wp-json\/wp\/v2\/media?parent=105574"}],"wp:term":[{"taxonomy":"category","embeddable":true,"href":"https:\/\/www.mojevrijeme.hr\/magazin\/wp-json\/wp\/v2\/categories?post=105574"},{"taxonomy":"post_tag","embeddable":true,"href":"https:\/\/www.mojevrijeme.hr\/magazin\/wp-json\/wp\/v2\/tags?post=105574"}],"curies":[{"name":"wp","href":"https:\/\/api.w.org\/{rel}","templated":true}]}}