{"id":105590,"date":"2024-05-05T15:17:28","date_gmt":"2024-05-05T13:17:28","guid":{"rendered":"https:\/\/www.mojevrijeme.hr\/magazin\/?p=105590"},"modified":"2024-05-05T15:19:35","modified_gmt":"2024-05-05T13:19:35","slug":"josipovic-milanovic-je-ojacao-desnicu-a-hdz-je-izraziti-proeuropska-stranka","status":"publish","type":"post","link":"https:\/\/www.mojevrijeme.hr\/magazin\/2024\/05\/josipovic-milanovic-je-ojacao-desnicu-a-hdz-je-izraziti-proeuropska-stranka\/","title":{"rendered":"Josipovi\u0107: Milanovi\u0107 je oja\u010dao desnicu, a HDZ je izrazito proeuropska stranka"},"content":{"rendered":"\n<p>Tre\u0107i hrvatski predsjednik <strong>Ivo Josipovi\u0107<\/strong> komentirao je rezultate izbora te dao ocjenu smjera politike HDZ-a, ali i neustavnog pona\u0161anja predsjednika Zorana Milanovi\u0107a tijekom kampanje za parlamentarne izbore. Ka\u017ee, rezultati izbora su mu o\u010dekivani.<\/p>\n\n\n\n<p>\u201cDa, pred ove su izbore euroskeptici bili ne\u0161to glasniji i u nedostatku ozbiljnih programa, u stilu najboljih populista, antieuropejstvo koristili kao mamac za bira\u010de. Na\u017ealost, natruhe takvog populisti\u010dkog euroskepticizma \u010duli smo i od najvi\u0161ih du\u017enosnika, pa i onih koji kao pripadaju ljevici. Ka\u017eu, Europa ne valja, diktira nam ovo i ono, a mi moramo biti suvereni, distancirati se od Europe, ali, pri tome, naravno, o\u010dekivati i uzeti od EU-a velike novce&#8221;, izjavio je za <a href=\"https:\/\/radar.nova.rs\/global\/ivo-josipovic-ni-srbija-ni-srbi-nisu-genocidni\/\">Radar<\/a>.<\/p>\n\n\n\n<p>&#8220;Hrvatska je ulaskom u eurozonu i Schengen u velikoj mjeri potvrdila svoje europejstvo i mislim da euroskeptici ne\u0107e imati ni snage, ni mogu\u0107nosti skrenuti je s europske trase. Uostalom, ankete pokazuju da je podr\u0161ka EU-a stabilna i visoka. To ne \u010dudi, Hrvatska je od svog \u010dlanstva u EU-u do sada imala ozbiljne koristi\u201d, ka\u017ee Josipovi\u0107.<\/p><div id=\"mojev-415788111\" class=\"mojev-u-tekstu mojev-entity-placement\" style=\"margin-left: auto;margin-right: auto;text-align: center;\"><div class=\"mojev-adlabel\">oglas<\/div><div style=\"height: 250px;\"><script async src=\"https:\/\/pagead2.googlesyndication.com\/pagead\/js\/adsbygoogle.js?client=ca-pub-8106111766207173\"\r\n     crossorigin=\"anonymous\"><\/script>\r\n<!-- Prikazni 1 u tekstu -->\r\n<ins class=\"adsbygoogle\"\r\n     style=\"display:block\"\r\n     data-ad-client=\"ca-pub-8106111766207173\"\r\n     data-ad-slot=\"8535551207\"\r\n     data-ad-format=\"auto\"\r\n     data-full-width-responsive=\"true\"><\/ins>\r\n<script>\r\n     (adsbygoogle = window.adsbygoogle || []).push({});\r\n<\/script><\/div><\/div><br style=\"clear: both; display: block; float: none;\"\/>\n\n\n\n<h3 class=\"wp-block-heading\">Milanovi\u0107 oja\u010dao desnicu<\/h3>\n\n\n\n<p>&#8220;Jasno je da je HDZ relativni pobjednik i da mo\u017ee biti zadovoljniji. Me\u0111utim, bit \u0107e te\u0161ki pregovori. Izrazito desna stranka, Domovinski pokret, mnogi biv\u0161i HDZ-ovci u sukobu s HDZ-om, vjerojatno \u0107e na\u0107i kompromis s HDZ-om i Hrvatsku zna\u010dajno pomaknuti udesno. Na kraju, ispada da su se gra\u0111ani ipak prepla\u0161ili buke i te\u0161kih rije\u010di Rijeka pravde i njihova vo\u0111e s Pantov\u010daka. Cijela pri\u010da koju je generirao predsjednik Republike Milanovi\u0107, ple\u0161u\u0107i po granici ustavnosti, izgleda, ne\u0107e donijeti pad HDZ-a i tek ima za posljedicu ja\u010danje desnice.&#8221;<\/p>\n\n\n\n<p>Josipovi\u0107 je naglasio da se ipak ne sla\u017ee s tezom profesora Dejana Jovi\u0107a da su hrvatski desni\u010dari ponajprije \u017eeljeli \u010dlanstvo u EU kako bi se odmakli od Balkana i Beograda, te suverenitet potvrdili u europskoj obitelji.<\/p>\n\n\n\n<h3 class=\"wp-block-heading\">HDZ je izrazito proeuropska stranka<\/h3>\n\n\n\n<p>&#8220;Sigurno je dio desnice zaista imao pristup na\u0161em \u010dlanstvu kako to opisuje prof. Jovi\u0107. Me\u0111utim, osobno smatram da to nije bila dominantna karakteristika ve\u0107ine onih koji su bili za EU. HDZ je desna stranka, ali, moram re\u0107i, vodi izrazito proeuropsku politiku. Me\u0111u euroskepticima ima i desnih i lijevih, primarno onih radikalnijih. Desni euroskeptici danas vide EU kao instituciju koja ograni\u010dava na\u0161u suverenost, a lijevi instituciju koja je primarno u funkciji krupnog kapitala.&#8221;<\/p>\n\n\n\n<p>&#8220;Osobno se ne sla\u017eem ni s jednom od navedenih formi euroskepticizma. \u0160tovi\u0161e, smatram da je jedina dobra budu\u0107nost Europe, pa i dr\u017eava koje danas \u010dine EU, upravo na suprotnoj strani, na ja\u010danju europejstva i EU-a. Ako \u017eelimo na globalnoj sceni, i ekonomski, i kulturno, i sigurnosno, biti ravnopravni i konkurentni SAD, Kini, Rusiji i nekim drugim mo\u0107nim dr\u017eavama, moramo ja\u010dati zajedni\u010dke institucije. Upravo je rat u Ukrajini pokazao slabosti europske sigurnosne ovisnosti o SAD. Ponavljam, javno mnijenje je u Hrvatskoj i dalje nagla\u0161eno proeuropsko&#8221;, zaklju\u010dio je Josipovi\u0107.<\/p>\n<div id=\"mojev-3829400336\" class=\"mojev-kraj-teksta mojev-entity-placement\" style=\"margin-bottom: 20px;margin-left: auto;margin-right: auto;text-align: center;\"><div class=\"mojev-adlabel\">oglas<\/div><div style=\"height: 250px;\"><script async src=\"https:\/\/pagead2.googlesyndication.com\/pagead\/js\/adsbygoogle.js?client=ca-pub-8106111766207173\"\r\n     crossorigin=\"anonymous\"><\/script>\r\n<!-- Display-1 -->\r\n<ins class=\"adsbygoogle\"\r\n     style=\"display:block\"\r\n     data-ad-client=\"ca-pub-8106111766207173\"\r\n     data-ad-slot=\"1465712950\"\r\n     data-ad-format=\"auto\"\r\n     data-full-width-responsive=\"true\"><\/ins>\r\n<script>\r\n     (adsbygoogle = window.adsbygoogle || []).push({});\r\n<\/script><\/div><\/div>","protected":false},"excerpt":{"rendered":"<p>&#8216;HDZ je desna stranka, ali, moram re\u0107i, vodi izrazito proeuropsku politiku. Me\u0111u euroskepticima ima i desnih i lijevih, primarno onih radikalnijih&#8217;, ka\u017ee biv\u0161i predsjednik.<\/p>\n","protected":false},"author":1,"featured_media":105593,"comment_status":"closed","ping_status":"closed","sticky":false,"template":"","format":"standard","meta":{"footnotes":""},"categories":[9],"tags":[665,1675,3693,300],"class_list":["post-105590","post","type-post","status-publish","format-standard","has-post-thumbnail","hentry","category-vijesti","tag-hdz","tag-ivo-josipovic","tag-izbori-2024","tag-zoran-milanovic"],"_links":{"self":[{"href":"https:\/\/www.mojevrijeme.hr\/magazin\/wp-json\/wp\/v2\/posts\/105590","targetHints":{"allow":["GET"]}}],"collection":[{"href":"https:\/\/www.mojevrijeme.hr\/magazin\/wp-json\/wp\/v2\/posts"}],"about":[{"href":"https:\/\/www.mojevrijeme.hr\/magazin\/wp-json\/wp\/v2\/types\/post"}],"author":[{"embeddable":true,"href":"https:\/\/www.mojevrijeme.hr\/magazin\/wp-json\/wp\/v2\/users\/1"}],"replies":[{"embeddable":true,"href":"https:\/\/www.mojevrijeme.hr\/magazin\/wp-json\/wp\/v2\/comments?post=105590"}],"version-history":[{"count":0,"href":"https:\/\/www.mojevrijeme.hr\/magazin\/wp-json\/wp\/v2\/posts\/105590\/revisions"}],"wp:featuredmedia":[{"embeddable":true,"href":"https:\/\/www.mojevrijeme.hr\/magazin\/wp-json\/wp\/v2\/media\/105593"}],"wp:attachment":[{"href":"https:\/\/www.mojevrijeme.hr\/magazin\/wp-json\/wp\/v2\/media?parent=105590"}],"wp:term":[{"taxonomy":"category","embeddable":true,"href":"https:\/\/www.mojevrijeme.hr\/magazin\/wp-json\/wp\/v2\/categories?post=105590"},{"taxonomy":"post_tag","embeddable":true,"href":"https:\/\/www.mojevrijeme.hr\/magazin\/wp-json\/wp\/v2\/tags?post=105590"}],"curies":[{"name":"wp","href":"https:\/\/api.w.org\/{rel}","templated":true}]}}