{"id":10564,"date":"2017-09-21T17:50:04","date_gmt":"2017-09-21T15:50:04","guid":{"rendered":"http:\/\/www.mojevrijeme.hr\/magazin\/?p=10564"},"modified":"2017-10-04T18:26:54","modified_gmt":"2017-10-04T16:26:54","slug":"radni-vijek-svedani-rade-413-a-hrvati-manje-od-33-godine","status":"publish","type":"post","link":"https:\/\/www.mojevrijeme.hr\/magazin\/2017\/09\/radni-vijek-svedani-rade-413-a-hrvati-manje-od-33-godine\/","title":{"rendered":"Radni vijek: \u0160ve\u0111ani rade 41, a Hrvati manje od 33 godine"},"content":{"rendered":"<p>\u201cTrajanje radnog vijeka\u201d izrazitije je poraslo kod \u017eena, u prosjeku za 2,5 godine, dok je kod mu\u0161karaca pove\u0107ano u prosjeku za 1,1 godinu, navodi se u izvje\u0161\u0107u statisti\u010dkog ureda Europske unije, javlja Hina.<\/p>\n<p>Na razini\u00a0Europske unije (EU)\u00a0u\u00a02016. godini\u00a0gra\u0111ani su mogli o\u010dekivati da \u0107e u prosjeku\u00a0raditi 35,6 godina, \u0161to je u prosjeku\u00a01,8 godina\u00a0dulje nego prije deset godina,\u00a0a za Hrvatsku\u00a0se ta brojka\u00a0u prosjeku kre\u0107e ispod 33 godine,\u00a0pokazalo je\u00a0izvje\u0161\u0107e Eurostata.<\/p>\n<p>U tom 10-godi\u0161njem razdoblju, \u201ctrajanje radnog vijeka\u201d izrazitije je\u00a0poraslo kod\u00a0\u017eena, u prosjeku za 2,5 godine, dok je\u00a0kod mu\u0161karaca pove\u0107ano u prosjeku za 1,1 godinu, navodi se u izvje\u0161\u0107u statisti\u010dkog ureda EU-a, objavljenog u srijedu.<\/p><div id=\"mojev-78002003\" class=\"mojev-u-tekstu mojev-entity-placement\" style=\"margin-left: auto;margin-right: auto;text-align: center;\"><div class=\"mojev-adlabel\">oglas<\/div><div style=\"height: 250px;\"><script async src=\"https:\/\/pagead2.googlesyndication.com\/pagead\/js\/adsbygoogle.js?client=ca-pub-8106111766207173\"\r\n     crossorigin=\"anonymous\"><\/script>\r\n<!-- Prikazni 1 u tekstu -->\r\n<ins class=\"adsbygoogle\"\r\n     style=\"display:block\"\r\n     data-ad-client=\"ca-pub-8106111766207173\"\r\n     data-ad-slot=\"8535551207\"\r\n     data-ad-format=\"auto\"\r\n     data-full-width-responsive=\"true\"><\/ins>\r\n<script>\r\n     (adsbygoogle = window.adsbygoogle || []).push({});\r\n<\/script><\/div><\/div><br style=\"clear: both; display: block; float: none;\"\/>\n<p>Za \u017eene je u 2016. godini u prosjeku bio o\u010dekivan radni vijek od\u00a033,1 godine, u usporedbi sa 30,6 godina u 2006. godini.\u00a0Kod mu\u0161karaca\u00a0o\u010dekivani je radni vijek u prosjeku\u00a0lani iznosio 38 godina, nasuprot\u00a036,9 godina u 2006.<\/p>\n<p>Pokazatelj \u201ctrajanja radnog vijeka\u201d mjeri broj godina koliko\u00a0neka osoba u dobi od 15 godina mo\u017ee o\u010dekivati da \u0107e za\u00a0svoga \u017eivota biti aktivna na\u00a0tr\u017ei\u0161tu rada, bilo zaposlena ili nezaposlena, pojasnili su u Eurostatu.<\/p>\n<h3>\u0160ve\u0111ani rade 10 godina du\u017ee od Talijana<\/h3>\n<p>Me\u0111u\u00a0zemljama \u010dlanicama EU-a, u 2016. \u0160vedska je imala najdulji o\u010dekivani prosje\u010dni radni vijek \u2013 41,3 godine, a u\u00a0stopu je slijede\u00a0Danska i Nizozemska, s o\u010dekivanim radnim vijekom u prosjeku od 40,3, odnosno 40 godina.\u00a0\u00a0U Velikoj Britaniji je\u00a0iznosio\u00a038,8 godina, u Njema\u010dkoj 38,1,\u00a0u Estoniji\u00a037,8\u00a0a u\u00a0Finskoj 37,7 godina.<\/p>\n<p>Na drugom kraju ljestvice je\u00a0Italija,\u00a0s\u00a0o\u010dekivanim prosje\u010dnim radnim vijekom od 31,2 godine.<\/p>\n<p>Me\u0111u zemljama s prosje\u010dnim o\u010dekivanim radnim vijekom kra\u0107im od 33 godine jo\u0161 se nalaze Bugarska, s 31,7 godina, Hrvatska, s\u00a032,1 godinom, Rumunjska, s 32,4 godine, Gr\u010dka s 32,5, Belgija s 32,6\u00a0te Luksemburg i Poljska, s po 32,9 godina.<\/p>\n<p>U svim zemljama \u010dlanicama EU,\u00a0izuzev Latvije i\u00a0Litve, u 2016.\u00a0o\u010dekivalo se da \u0107e \u201ctrajanje radnog vijeka\u201d biti dulje za mu\u0161karce nego za \u017eene.<\/p>\n<p>Izme\u0111u 2006. i 2016. o\u010dekivana duljina\u00a0radnog vijeka pove\u0107ana je u gotovo svim \u010dlanicama EU-a, iako razli\u010ditim intenzitetom, pokazuje izvje\u0161\u0107e.<\/p>\n<p>Daleko najvi\u0161e porasla je na\u00a0Malti,\u00a0za \u010dak 5,1 godinu, a slijede\u00a0Ma\u0111arska, s pove\u0107anjem od 4,5,\u00a0te Litva, s\u00a0rastom za 4,2 godine. U njihovu su dru\u0161tvu jo\u0161 Poljska i Estonija, gdje je o\u010dekivani prosje\u010dni radni vijek uve\u0107an za\u00a02,7 odnosno 2,6 godina, te Austrija, s\u00a0pove\u0107anjem za\u00a02,4 godine.<\/p>\n<p>S druge strane, ta\u00a0brojka ostala je gotovo nepromijenjena\u00a0u usporedbi s 2006.\u00a0na Cipru,\u00a0s obzirom da je\u00a0skliznula tek za 0,1 godinu,\u00a0te u Irskoj i Portugalu, gdje je uve\u0107ana za svega po 0,3 godine.<\/p>\n<h3>\u017dene se pribli\u017eavaju mu\u0161karcima<\/h3>\n<p>Za ukupno pove\u0107anje\u00a0\u201ctrajanja radnog vijeka\u201d\u00a0me\u0111u zemljama \u010dlanicama uglavnom\u00a0je razlog promjena u trajanju radnog vijeka za \u017eene, navodi se u izvje\u0161\u0107u.\u00a0U 10-godi\u0161njem je razdoblju\u00a0u svim zemljama \u010dlanicama, izuzev Rumunjske,\u00a0pove\u0107an\u00a0broj godina koje \u017eene mogu o\u010dekivati da \u0107e raditi.<\/p>\n<p>Daleko najve\u0107i skok\u00a0ponovo bilje\u017ei Malta, od \u010dak\u00a0devet godina.\u00a0U Litvi je uve\u0107an za 4,6 godina, u \u0160panjolskoj za 4,4, u Ma\u0111arskoj za 4,2,\u00a0u Luksemburgu za 3,6\u00a0te u Austriji za 3,2 godine.<\/p>\n<p>S druge strane, \u201ctrajanje radnog vijeka\u201d za mu\u0161karce u navedenom je razdoblju smanjeno\u00a0u pet zemalja \u010dlanica\u00a0\u2013 na Cipru,\u00a0za 2,4 godine, u Gr\u010dkoj za 1,4, Irskoj za 1,1 godinu, te u \u0160panjolskoj i Portugalu, za 0,8 odnosno 0,5 godina.<\/p>\n<div id=\"mojev-2683267772\" class=\"mojev-kraj-teksta mojev-entity-placement\" style=\"margin-bottom: 20px;margin-left: auto;margin-right: auto;text-align: center;\"><div class=\"mojev-adlabel\">oglas<\/div><div style=\"height: 250px;\"><script async src=\"https:\/\/pagead2.googlesyndication.com\/pagead\/js\/adsbygoogle.js?client=ca-pub-8106111766207173\"\r\n     crossorigin=\"anonymous\"><\/script>\r\n<!-- Display-1 -->\r\n<ins class=\"adsbygoogle\"\r\n     style=\"display:block\"\r\n     data-ad-client=\"ca-pub-8106111766207173\"\r\n     data-ad-slot=\"1465712950\"\r\n     data-ad-format=\"auto\"\r\n     data-full-width-responsive=\"true\"><\/ins>\r\n<script>\r\n     (adsbygoogle = window.adsbygoogle || []).push({});\r\n<\/script><\/div><\/div>","protected":false},"excerpt":{"rendered":"<p>Na razini EU, za \u017eene je u 2016. godini u prosjeku bio o\u010dekivan radni vijek od 33,1 godine, u usporedbi sa 30,6 godina u 2006. godini. Kod mu\u0161karaca o\u010dekivani je radni vijek u prosjeku lani iznosio 38 godina, nasuprot 36,9 godina u <\/p>\n","protected":false},"author":1,"featured_media":10596,"comment_status":"closed","ping_status":"closed","sticky":false,"template":"","format":"standard","meta":{"footnotes":""},"categories":[9],"tags":[921,827],"class_list":["post-10564","post","type-post","status-publish","format-standard","has-post-thumbnail","hentry","category-vijesti","tag-radni-vijek","tag-radnici"],"_links":{"self":[{"href":"https:\/\/www.mojevrijeme.hr\/magazin\/wp-json\/wp\/v2\/posts\/10564","targetHints":{"allow":["GET"]}}],"collection":[{"href":"https:\/\/www.mojevrijeme.hr\/magazin\/wp-json\/wp\/v2\/posts"}],"about":[{"href":"https:\/\/www.mojevrijeme.hr\/magazin\/wp-json\/wp\/v2\/types\/post"}],"author":[{"embeddable":true,"href":"https:\/\/www.mojevrijeme.hr\/magazin\/wp-json\/wp\/v2\/users\/1"}],"replies":[{"embeddable":true,"href":"https:\/\/www.mojevrijeme.hr\/magazin\/wp-json\/wp\/v2\/comments?post=10564"}],"version-history":[{"count":0,"href":"https:\/\/www.mojevrijeme.hr\/magazin\/wp-json\/wp\/v2\/posts\/10564\/revisions"}],"wp:featuredmedia":[{"embeddable":true,"href":"https:\/\/www.mojevrijeme.hr\/magazin\/wp-json\/wp\/v2\/media\/10596"}],"wp:attachment":[{"href":"https:\/\/www.mojevrijeme.hr\/magazin\/wp-json\/wp\/v2\/media?parent=10564"}],"wp:term":[{"taxonomy":"category","embeddable":true,"href":"https:\/\/www.mojevrijeme.hr\/magazin\/wp-json\/wp\/v2\/categories?post=10564"},{"taxonomy":"post_tag","embeddable":true,"href":"https:\/\/www.mojevrijeme.hr\/magazin\/wp-json\/wp\/v2\/tags?post=10564"}],"curies":[{"name":"wp","href":"https:\/\/api.w.org\/{rel}","templated":true}]}}