{"id":105699,"date":"2024-05-06T14:42:56","date_gmt":"2024-05-06T12:42:56","guid":{"rendered":"https:\/\/www.mojevrijeme.hr\/magazin\/?p=105699"},"modified":"2024-05-06T14:43:13","modified_gmt":"2024-05-06T12:43:13","slug":"bakin-dar-me-je-rasplakao-nije-imala-ni-za-kruh-ali-dala-mi-je-vrecicu-kovanica","status":"publish","type":"post","link":"https:\/\/www.mojevrijeme.hr\/magazin\/2024\/05\/bakin-dar-me-je-rasplakao-nije-imala-ni-za-kruh-ali-dala-mi-je-vrecicu-kovanica\/","title":{"rendered":"Bakin dar me rasplakao: Nije imala ni za kruh, ali dala mi je vre\u0107icu kovanica"},"content":{"rendered":"\n<p><em>Na pisanje dnevnika, pisama ili javnih komentara \u010de\u0161\u0107e nas potaknu jad, bijes i op\u0107enito negativne emocije, negoli lijepa iskustva i sje\u0107anja. To nam slu\u017ei kao svojevrsna psihoterapija, i to je u redu &#8211; na mirno, pismeno ili usmeno izno\u0161enje problema jo\u0161 su u davna vremena pozivali iscjelitelji odnosno narodni lije\u010dnici, ba\u0161 poput svete Hildegarde jo\u0161 u 12. stolje\u0107u. <\/em><\/p>\n\n\n\n<p><em>No, me\u0111u va\u0161im, (uvijek dobrodo\u0161lim)&nbsp; pismima upu\u0107enim na\u0161oj redakciji, ovih smo dana nai\u0161li i na jedno pozitivno, predivno pismo \u010ditateljice Dunje koja je s nama podijelila nje\u017ena sje\u0107anja na svoju baku. Dira u srce, nadahnjuje, tjera na razmi\u0161ljanje i poti\u010de \u017eelju da odmah zagrlite svoje unuke!&nbsp;&nbsp;Prenosimo ga u cijelosti.<\/em><\/p>\n\n\n\n<p>&#8220;Ne mogu odoljeti, a da ne ispri\u010dam pri\u010du o jednoj od mojih dviju baka. S jednom sam \u017eivjela u istoj ku\u0107i, a druga je \u017eivjela daleko na selu. Ovu prvu baku nikako nisam do\u017eivjela u onom pravom smislu bake koja ti u sje\u0107anju ostavi lijepe dane djetinjstva. Ona je bila sve samo ne baka.<\/p><div id=\"mojev-114773067\" class=\"mojev-u-tekstu mojev-entity-placement\" style=\"margin-left: auto;margin-right: auto;text-align: center;\"><div class=\"mojev-adlabel\">oglas<\/div><div style=\"height: 250px;\"><script async src=\"https:\/\/pagead2.googlesyndication.com\/pagead\/js\/adsbygoogle.js?client=ca-pub-8106111766207173\"\r\n     crossorigin=\"anonymous\"><\/script>\r\n<!-- Prikazni 1 u tekstu -->\r\n<ins class=\"adsbygoogle\"\r\n     style=\"display:block\"\r\n     data-ad-client=\"ca-pub-8106111766207173\"\r\n     data-ad-slot=\"8535551207\"\r\n     data-ad-format=\"auto\"\r\n     data-full-width-responsive=\"true\"><\/ins>\r\n<script>\r\n     (adsbygoogle = window.adsbygoogle || []).push({});\r\n<\/script><\/div><\/div><br style=\"clear: both; display: block; float: none;\"\/>\n\n\n\n<p>Moja draga baka Magdalena odrasla je kao siro\u010de. Prehranjivala se slu\u017ee\u0107i na poljima bogatijih suseljana. Nikada nije i\u0161la u \u0161kolu, nije imala zdravstveno osiguranje niti je ikada ostvarivala pravo na bilo kakvu pomo\u0107 od institucija.<\/p>\n\n\n\n<p>Kada se udala, \u017eivot joj se promijenio utoliko \u0161to je samo nastavila i dalje naporno raditi na njivi, ali sada za svoje \u010detiri k\u0107eri i mu\u017ea. Nije joj bilo naporno \u010dak niti u vrijeme Drugog svjetskog rata, kada se borila da sa\u010duva svoju djecu, dok je moj djed morao vlastitim kolima, koje su vukli volovi, transportirati neprijateljsku vojsku koja se povla\u010dila do Slovenije.<\/p>\n\n\n\n<p>Poslije rata nastavili su zajedno podizati svoje k\u0107eri koje su se jedna po jedna udavale i odlazile od njih. A onda je moja baka ostala udovica. Najstarija k\u0107i je ostala s njom i one su se nekako prehranjivale od rada na zemlji i ne\u0161to malo stoke. Uspjela je dobiti nakon nekog vremena poljoprivrednu mirovinu koja je bila dostatna za porez i ne\u0161to tro\u0161kova za struju. <\/p>\n\n\n\n<h3 class=\"wp-block-heading\">Najljep\u0161i dani \u017eivota<\/h3>\n\n\n\n<p>U isto vrijeme izgubila je sluh, no to ju nije sprije\u010dilo da i dalje vrijedno radi i svakog ljeta do\u010deka nas unuke i hrani nas doma\u0107im mlijekom, sirom, maslacem, jajima. Doma\u0107i kruh kojeg je svako jutro pekla i danas pamtim, jo\u0161 osje\u0107am njegov okus i miris. Dani djetinjstva provedeni kod moje bake bili su najljep\u0161i dani mog \u017eivota. Iako nije dobro \u010dula, uvijek je imala osmijeh na licu i zaposlene ruke i nikada nije vikala na nas unuke, \u010dak i kada smo bili spremni na razne nepodop\u0161tine.<\/p>\n\n\n\n<p>Jedne zime, kada sam ve\u0107 bila tinejd\u017eerica, baka nam je do\u0161la u goste. Nije ona k nama dolazila \u010desto. Taj put je morala na pregled u bolnicu, prvi put u \u017eivotu. Tiha, skromna i uvijek u svojoj no\u0161nji koju nose \u017eene na selu, sjedila je tih dana pokraj prozora i gledala kako pada snijeg. Nedostajalo joj je njeno selo&#8230; nije ona navikla imati prekri\u017eene ruke. \u010cak ni televiziju nije \u017eeljela gledati.<\/p>\n\n\n\n<p>Uskoro se spremala natrag, svojoj ku\u0107i. Te posljednje ve\u010deri pozvala me u sobu da mi ne\u0161to da. Dok je onako pogrbljena od godina \u017eivota i te\u017ea\u010dkog rada prebirala po torbi ne bi li na\u0161la ono \u0161to mi je \u017eeljela dati, proletjele su kroz moje misli slike predivnog djetinjstva provedenog na livadama i \u0161umarcima, i mirisi bakine kuhinje i njene grube ruke koje su me uvijek pomilovale po ra\u0161\u010dupanoj kosi, i njen topli osmijeh ljubavi koji imaju samo bake.<\/p>\n\n\n\n<h3 class=\"wp-block-heading\">Dar za rastanak<\/h3>\n\n\n\n<p>Kada se uspravila, u rukama je srame\u017eljivo dr\u017eala plasti\u010dnu vre\u0107icu na kojoj su bila otisnuta plava slova &#8211; &#8220;\u0160e\u0107er&#8221;. U vre\u0107ici su bile kovanice, dinari. Po 1, 2 i 5 dinara. Bilo ih je toliko da sam se, kad sam ih uzela u ruke, zaljuljala od iznena\u0111enja i tuge. Gledala sam u te kovanice i pitala se koliko dugo ih je skupljala. Suze su mi navrle na o\u010di i \u010dvrsto sam zagrlila svoju baku, ne znaju\u0107i da ju vidim posljednji put. Idu\u0107eg jutra, kada sam se probudila, nje vi\u0161e nije bilo. Otputovala je onim istim vlakom kojim sam i ja svakog ljeta putovala k njoj.<\/p>\n\n\n\n<p>Jo\u0161 i sada pamtim drvena sjedala u kupeu, prozore kroz koje sam promatrala kako elektri\u010dne \u017eice &#8220;putuju&#8221; gore-dolje, sje\u0107am se livada i \u0161uma \u0161to su &#8220;letjele&#8221; pred mojim o\u010dima, sje\u0107am se radosnih susreta s bakom i njenih ra\u0161irenih ruku. Sje\u0107am se i \u010duvam u svom srcu sje\u0107anje na moju baku Magdalenu.<\/p>\n\n\n\n<p>\u0160to sam kupila za one bakine kovanice? Kupila sam zlatni prsten, kojeg sam kasnije, uz pri\u010du o svojoj baki, poklonila svojoj k\u0107eri.<\/p>\n\n\n\n<p>A ja sam nedavno svojoj unu\u010dici priredila isti dar kao meni moja baka. Nadam se da \u0107e mi rado dolaziti na ljetne praznike, ako do\u017eivim te godine, jer jo\u0161 je jako mala, a meni polako izmi\u010de vrijeme.&#8221; <em>(r)<\/em><\/p>\n\n\n\n<p><em>Drage bake, gospo\u0111a Dunja jo\u0161 je jednom podsjetila koliko va\u017enu ulogu mo\u017eete imati u \u017eivotima svoje unu\u010dadi. Istina je, \u017ertva oko brige o njima katkad mo\u017ee biti velika, ali je nagrada neprocjenjivo ve\u0107a.<\/em><\/p>\n\n\n\n<div id=\"crveno\"><\/p>\n\n\n\n<h3 class=\"wp-block-heading\">Zanima nas va\u0161a pri\u010da<\/h3>\n\n\n\n<p>\u017delite li i vi, posve anonimno, podijeliti svoje iskustvo i vi\u0111enje ove teme s nama i na\u0161im \u010ditateljima, mo\u017eete to u\u010diniti putem web obrasca <a rel=\"noreferrer noopener\" href=\"https:\/\/www.mojevrijeme.hr\/magazin\/povjerljivo\/\" target=\"_blank\">Povjerljivo<\/a>. Napi\u0161ite svoju pri\u010du!<\/p>\n\n\n\n<p><\/div>\n<div id=\"mojev-2365954020\" class=\"mojev-kraj-teksta mojev-entity-placement\" style=\"margin-bottom: 20px;margin-left: auto;margin-right: auto;text-align: center;\"><div class=\"mojev-adlabel\">oglas<\/div><div style=\"height: 250px;\"><script async src=\"https:\/\/pagead2.googlesyndication.com\/pagead\/js\/adsbygoogle.js?client=ca-pub-8106111766207173\"\r\n     crossorigin=\"anonymous\"><\/script>\r\n<!-- Display-1 -->\r\n<ins class=\"adsbygoogle\"\r\n     style=\"display:block\"\r\n     data-ad-client=\"ca-pub-8106111766207173\"\r\n     data-ad-slot=\"1465712950\"\r\n     data-ad-format=\"auto\"\r\n     data-full-width-responsive=\"true\"><\/ins>\r\n<script>\r\n     (adsbygoogle = window.adsbygoogle || []).push({});\r\n<\/script><\/div><\/div>","protected":false},"excerpt":{"rendered":"<p>\u010citaju\u0107i istinitu pri\u010du o baki Magdaleni, koju je s nama podijelila \u010ditateljica Dunja, mnogi \u0107e se sjetiti najljep\u0161ih dana u svom \u017eivotu \u2013 ako su imali tu sre\u0107u da barem dio djetinjstva provedu uz osobu \u010dije i najgrublje te\u017ea\u010dke ruke najnje\u017enije prolaze kroz dje\u010dju kosu.<\/p>\n","protected":false},"author":17,"featured_media":72976,"comment_status":"closed","ping_status":"closed","sticky":false,"template":"","format":"standard","meta":{"footnotes":""},"categories":[2],"tags":[979,3437,318],"class_list":["post-105699","post","type-post","status-publish","format-standard","has-post-thumbnail","hentry","category-mozaik","tag-bake","tag-obiteljski-odnosi","tag-unuci"],"_links":{"self":[{"href":"https:\/\/www.mojevrijeme.hr\/magazin\/wp-json\/wp\/v2\/posts\/105699","targetHints":{"allow":["GET"]}}],"collection":[{"href":"https:\/\/www.mojevrijeme.hr\/magazin\/wp-json\/wp\/v2\/posts"}],"about":[{"href":"https:\/\/www.mojevrijeme.hr\/magazin\/wp-json\/wp\/v2\/types\/post"}],"author":[{"embeddable":true,"href":"https:\/\/www.mojevrijeme.hr\/magazin\/wp-json\/wp\/v2\/users\/17"}],"replies":[{"embeddable":true,"href":"https:\/\/www.mojevrijeme.hr\/magazin\/wp-json\/wp\/v2\/comments?post=105699"}],"version-history":[{"count":0,"href":"https:\/\/www.mojevrijeme.hr\/magazin\/wp-json\/wp\/v2\/posts\/105699\/revisions"}],"wp:featuredmedia":[{"embeddable":true,"href":"https:\/\/www.mojevrijeme.hr\/magazin\/wp-json\/wp\/v2\/media\/72976"}],"wp:attachment":[{"href":"https:\/\/www.mojevrijeme.hr\/magazin\/wp-json\/wp\/v2\/media?parent=105699"}],"wp:term":[{"taxonomy":"category","embeddable":true,"href":"https:\/\/www.mojevrijeme.hr\/magazin\/wp-json\/wp\/v2\/categories?post=105699"},{"taxonomy":"post_tag","embeddable":true,"href":"https:\/\/www.mojevrijeme.hr\/magazin\/wp-json\/wp\/v2\/tags?post=105699"}],"curies":[{"name":"wp","href":"https:\/\/api.w.org\/{rel}","templated":true}]}}