{"id":105715,"date":"2024-05-09T19:21:34","date_gmt":"2024-05-09T17:21:34","guid":{"rendered":"https:\/\/www.mojevrijeme.hr\/magazin\/?p=105715"},"modified":"2024-08-11T20:30:15","modified_gmt":"2024-08-11T18:30:15","slug":"oni-ne-idu-na-godisnjice-mature-s-tim-ljudima-ni-na-isto-groblje","status":"publish","type":"post","link":"https:\/\/www.mojevrijeme.hr\/magazin\/2024\/05\/oni-ne-idu-na-godisnjice-mature-s-tim-ljudima-ni-na-isto-groblje\/","title":{"rendered":"Oni ne idu na godi\u0161njice mature: &#8216;S tim ljudima ni na isto groblje&#8217;"},"content":{"rendered":"\n<p>Sezona je organiziranja godi\u0161njica matura, rijetkih prigoda koje na jednom mjestu okupljaju nekada\u0161nje \u0161kolske kolege kako bi podijelili uspomene na najburniji period odrastanja. To mo\u017ee biti prilika za obnavljanje starih prijateljskih veza te za razmjenu iskustava i ideja.<\/p>\n\n\n\n<p>No, godi\u0161njice mature mogu biti i podsjetnik na ciljeve i ambicije koje su kao mladi ljudi imali u to vrijeme. Mogu biti poticaj da se osvrnu na postignu\u0107a i postave nove ciljeve za budu\u0107nost. A mogu biti tek ne\u0161to \u010dime \u0107e obilje\u017eiti protok vremena; bez dodane vrijednosti.<\/p>\n\n\n\n<p>Mnogi na\u0161i \u010ditatelji naprosto obo\u017eavaju ovakva okupljanja koja opisuju kao veoma sentimentalna putovanja u pro\u0161lost, dok drugi u njima tra\u017ee &#8220;tulum za pam\u0107enje&#8221;. Tre\u0107i pak ni za \u017eivu glavu ne bi sudjelovali u takvom doga\u0111aju, a za to iznose dobre razloge. \u010cetvrti idu, ali preko volje. U nastavku izdvajamo neke od tih razloga koje su na na\u0161oj stranici Facebooka podijelili na\u0161i pratitelji. <\/p><div id=\"mojev-1763076841\" class=\"mojev-u-tekstu mojev-entity-placement\" style=\"margin-left: auto;margin-right: auto;text-align: center;\"><div class=\"mojev-adlabel\">oglas<\/div><div style=\"height: 250px;\"><script async src=\"https:\/\/pagead2.googlesyndication.com\/pagead\/js\/adsbygoogle.js?client=ca-pub-8106111766207173\"\r\n     crossorigin=\"anonymous\"><\/script>\r\n<!-- Prikazni 1 u tekstu -->\r\n<ins class=\"adsbygoogle\"\r\n     style=\"display:block\"\r\n     data-ad-client=\"ca-pub-8106111766207173\"\r\n     data-ad-slot=\"8535551207\"\r\n     data-ad-format=\"auto\"\r\n     data-full-width-responsive=\"true\"><\/ins>\r\n<script>\r\n     (adsbygoogle = window.adsbygoogle || []).push({});\r\n<\/script><\/div><\/div><br style=\"clear: both; display: block; float: none;\"\/>\n\n\n\n<p>&#8220;S pravim prijateljima si stalno u kontaktu. Du\u017eenje na kojem mnogi prezentiraju svoj uspjeh i status u \u017eivotu, ne zanima me. Pogotovo u malom gradu gdje se svi znamo, a ti isti pro\u0111u kraj tebe i ne poznaju te&#8221;, obrazlo\u017eila je <strong>Slavica <\/strong>dok je druga komentatorica dodala: &#8220;Godi\u0161njice mature su zapravo umjetno i prisiljeno dru\u017eenje jer da se s nekim \u017eelimo dru\u017eiti, dru\u017eili bismo se neovisno o godi\u0161njicama.&#8221;<\/p>\n\n\n\n<p>&#8220;Bio sam na desetoj godi\u0161njici mature i ni\u0161ta se nije promijenilo. Iste osobe su se i dalje dr\u017eale iznad nekih, atmosfera je i dalje bila ona hijerarhijska kao da smo u srednjoj \u0161koli, a teme klasi\u010dne: krediti, opremanje stana, tko \u0161to vozi i sli\u010dno. Prakti\u010dki me je taj dolazak uvjerio u to da ni\u0161ta nisam propustio i da nema nikakvog smisla dolaziti na godi\u0161njice&#8221;, prokomentirao je <strong>Vice<\/strong>.<\/p>\n\n\n\n<h3 class=\"wp-block-heading\">\u017drtve ne \u017eele povratak u te dane<\/h3>\n\n\n\n<p> &#8220;Dolaze li na godi\u0161njice mature oni koji su kao u\u010denici trpjeli vr\u0161nja\u010dko nasilje? Naravno da ne \u017eele vidjeti svoje drugove koji to nikada nisu bili. \u017drtva nema \u017eelju sresti se sa svojim zlostavlja\u010dima&#8221;, pita i odgovara <strong>Aleksandar<\/strong>. Sli\u010dno misli i <strong>Patricija<\/strong>: &#8221; Nikad nisam bila niti \u0107u biti na godi\u0161njici mature. Ne mogu zaboraviti njihovo maltretiranje, omalova\u017eavanje i uvrede. Ni na slici ih ne mogu vidjeti, a kamoli da sa njima sjedim i pravim se kako nam je lijepo bilo.&#8221;<\/p>\n\n\n\n<p>I nisu oni jedine \u017ertva vr\u0161nja\u010dkog zlostavljanja koje ne \u017eele susret sa svojim mu\u010diteljima. &#8220;Sa svojim zlostavlja\u010dima ne bih \u017eeljela biti ni na istom groblju sahranjena. Strah od zlostavljanja ko\u010dio me u u\u010denju i napredovanju u \u0161koli. Neka su prokleti za sve vjekove&#8221;, emotivno pi\u0161e <strong>\u017deljkica<\/strong>.<\/p>\n\n\n\n<h3 class=\"wp-block-heading\">Malo pravih prijatelja<\/h3>\n\n\n\n<p>&#8220;Ne idem. Podigao sam kriterije. Ni jedan ih ne zadovoljava. Nisam \u0161kolske kolege ni birao. Da ih sada mogu birat ne bi izabrao ni jednog. Uop\u0107e mi ne fale. Ne \u010dujem se ni s jednim od njih. Na\u0161ao sam ljude po svom ukusu&#8221;, misli su koje je s nama podijelio <strong>Tomislav<\/strong>. <strong>Ladislav <\/strong>pak dodaje: &#8220;Niti smo <em>frendovi <\/em>niti me zanima kaj ti ljudi danas rade. Ja se sa svojim <em>frendovima <\/em>vidim i \u010dujem redovito.&#8221;<\/p>\n\n\n\n<p>&#8220;S pravim prijateljima ostane\u0161 u kontaktu, a dru\u017eenje samo da bi bio vi\u0111en na obljetnici, meni nema smisla&#8221;, misli i <strong>Renata<\/strong>.<\/p>\n\n\n\n<p>&#8220;Iz svih \u0161kola koje smo pro\u0161li uvijek ostane pokoje pravo prijateljstvo a sve ostalo je poput vo\u017enje u tramvaju: \u0161to manje ima putnika to je ugodnije. Ja tako\u0111er ne volim takva doga\u0111anja jer sve je to vi\u0161e manje isforsirano nostalgi\u010darsko okupljanje kod kojeg uvijek ima &#8220;netko&#8221; tko \u0107e to organizirati, skupiti lovu za ovo, za ono pa jo\u0161 i za ovo. Pa \u0107e ti re\u0107i gdje da sjedne\u0161, kad \u0107e\u0161 ustati, kad do\u0107i, oti\u0107i i sli\u010dno&#8221;, slikovito je opisao okupljanja generacije <strong>Kre\u0161imir<\/strong>.<\/p>\n\n\n\n<div id=\"crveno\"><\/p>\n\n\n\n<h3 class=\"wp-block-heading\">Zanima nas va\u0161a pri\u010da<\/h3>\n\n\n\n<p>\u017delite li i vi, posve anonimno, podijeliti svoje iskustvo i vi\u0111enje ove teme s nama i na\u0161im \u010ditateljima, mo\u017eete to u\u010diniti putem web obrasca <a rel=\"noreferrer noopener\" href=\"https:\/\/www.mojevrijeme.hr\/magazin\/povjerljivo\/\" target=\"_blank\">Povjerljivo<\/a>. Napi\u0161ite svoju pri\u010du!<\/p>\n\n\n\n<p><\/div>\n<div id=\"mojev-3769079799\" class=\"mojev-kraj-teksta mojev-entity-placement\" style=\"margin-bottom: 20px;margin-left: auto;margin-right: auto;text-align: center;\"><div class=\"mojev-adlabel\">oglas<\/div><div style=\"height: 250px;\"><script async src=\"https:\/\/pagead2.googlesyndication.com\/pagead\/js\/adsbygoogle.js?client=ca-pub-8106111766207173\"\r\n     crossorigin=\"anonymous\"><\/script>\r\n<!-- Display-1 -->\r\n<ins class=\"adsbygoogle\"\r\n     style=\"display:block\"\r\n     data-ad-client=\"ca-pub-8106111766207173\"\r\n     data-ad-slot=\"1465712950\"\r\n     data-ad-format=\"auto\"\r\n     data-full-width-responsive=\"true\"><\/ins>\r\n<script>\r\n     (adsbygoogle = window.adsbygoogle || []).push({});\r\n<\/script><\/div><\/div>","protected":false},"excerpt":{"rendered":"<p>Koliko ljudi, toliko \u0107udi. No na\u0161i \u010ditatelji koji ne vole godi\u0161njice mature mogu se podijeliti u dvije skupine koje vrlo \u017eivopisno iznose svoje razloge.<\/p>\n","protected":false},"author":1,"featured_media":105958,"comment_status":"closed","ping_status":"closed","sticky":false,"template":"","format":"standard","meta":{"footnotes":""},"categories":[2],"tags":[3135,3996],"class_list":["post-105715","post","type-post","status-publish","format-standard","has-post-thumbnail","hentry","category-mozaik","tag-godisnjica-mature","tag-srednja-skola"],"_links":{"self":[{"href":"https:\/\/www.mojevrijeme.hr\/magazin\/wp-json\/wp\/v2\/posts\/105715","targetHints":{"allow":["GET"]}}],"collection":[{"href":"https:\/\/www.mojevrijeme.hr\/magazin\/wp-json\/wp\/v2\/posts"}],"about":[{"href":"https:\/\/www.mojevrijeme.hr\/magazin\/wp-json\/wp\/v2\/types\/post"}],"author":[{"embeddable":true,"href":"https:\/\/www.mojevrijeme.hr\/magazin\/wp-json\/wp\/v2\/users\/1"}],"replies":[{"embeddable":true,"href":"https:\/\/www.mojevrijeme.hr\/magazin\/wp-json\/wp\/v2\/comments?post=105715"}],"version-history":[{"count":0,"href":"https:\/\/www.mojevrijeme.hr\/magazin\/wp-json\/wp\/v2\/posts\/105715\/revisions"}],"wp:featuredmedia":[{"embeddable":true,"href":"https:\/\/www.mojevrijeme.hr\/magazin\/wp-json\/wp\/v2\/media\/105958"}],"wp:attachment":[{"href":"https:\/\/www.mojevrijeme.hr\/magazin\/wp-json\/wp\/v2\/media?parent=105715"}],"wp:term":[{"taxonomy":"category","embeddable":true,"href":"https:\/\/www.mojevrijeme.hr\/magazin\/wp-json\/wp\/v2\/categories?post=105715"},{"taxonomy":"post_tag","embeddable":true,"href":"https:\/\/www.mojevrijeme.hr\/magazin\/wp-json\/wp\/v2\/tags?post=105715"}],"curies":[{"name":"wp","href":"https:\/\/api.w.org\/{rel}","templated":true}]}}