{"id":105877,"date":"2024-05-09T07:34:47","date_gmt":"2024-05-09T05:34:47","guid":{"rendered":"https:\/\/www.mojevrijeme.hr\/magazin\/?p=105877"},"modified":"2024-05-09T07:34:51","modified_gmt":"2024-05-09T05:34:51","slug":"preuzmite-besplatne-zg-vrecice","status":"publish","type":"post","link":"https:\/\/www.mojevrijeme.hr\/magazin\/2024\/05\/preuzmite-besplatne-zg-vrecice\/","title":{"rendered":"Preuzmite besplatne ZG vre\u0107ice"},"content":{"rendered":"\n<p>Zagreba\u010dki Holding izvijestio je da se broj korisnika recikla\u017enih dvori\u0161ta lani pove\u0107ao za 145 posto te su predane 27.752 tone otpada, a svi koji tijekom svibnja predaju otpad u neko od 21 recikla\u017enog dvori\u0161ta, bit \u0107e nagra\u0111eni besplatnim ZG vre\u0107icama.<\/p>\n\n\n\n<p>Radi poticanja na razdvajanje otpada zagreba\u010dka \u010cisto\u0107a pozvala je gra\u0111ane da barem jednom tijekom svibnja predaju otpad u recikla\u017eno dvori\u0161te. Tako \u0107e ostvariti pravo na dva paketa ZG vre\u0107ica od 10 litara, odnosno ukupno 20 pojedina\u010dnih vre\u0107ica.<\/p>\n\n\n\n<p>Nagra\u0111eni \u0107e biti i korisnici koji unutar pet mjeseci uzastopce barem jednom mjese\u010dno evidentiraju posjet recikla\u017enom dvori\u0161tu, \u010dime \u0107e ponovno ostvariti pravo na besplatne vre\u0107ice.<\/p><div id=\"mojev-1275668525\" class=\"mojev-u-tekstu mojev-entity-placement\" style=\"margin-left: auto;margin-right: auto;text-align: center;\"><div class=\"mojev-adlabel\">oglas<\/div><div style=\"height: 250px;\"><script async src=\"https:\/\/pagead2.googlesyndication.com\/pagead\/js\/adsbygoogle.js?client=ca-pub-8106111766207173\"\r\n     crossorigin=\"anonymous\"><\/script>\r\n<!-- Prikazni 1 u tekstu -->\r\n<ins class=\"adsbygoogle\"\r\n     style=\"display:block\"\r\n     data-ad-client=\"ca-pub-8106111766207173\"\r\n     data-ad-slot=\"8535551207\"\r\n     data-ad-format=\"auto\"\r\n     data-full-width-responsive=\"true\"><\/ins>\r\n<script>\r\n     (adsbygoogle = window.adsbygoogle || []).push({});\r\n<\/script><\/div><\/div><br style=\"clear: both; display: block; float: none;\"\/>\n\n\n\n<p>Popis recikla\u017enih dvori\u0161ta i podaci o radnom vremenu te vrstama otpada koje se na njima odla\u017eu dostupni su na internetskim stranicama podru\u017enice \u010cisto\u0107a.<\/p>\n<div id=\"mojev-3059177338\" class=\"mojev-kraj-teksta mojev-entity-placement\" style=\"margin-bottom: 20px;margin-left: auto;margin-right: auto;text-align: center;\"><div class=\"mojev-adlabel\">oglas<\/div><div style=\"height: 250px;\"><script async src=\"https:\/\/pagead2.googlesyndication.com\/pagead\/js\/adsbygoogle.js?client=ca-pub-8106111766207173\"\r\n     crossorigin=\"anonymous\"><\/script>\r\n<!-- Display-1 -->\r\n<ins class=\"adsbygoogle\"\r\n     style=\"display:block\"\r\n     data-ad-client=\"ca-pub-8106111766207173\"\r\n     data-ad-slot=\"1465712950\"\r\n     data-ad-format=\"auto\"\r\n     data-full-width-responsive=\"true\"><\/ins>\r\n<script>\r\n     (adsbygoogle = window.adsbygoogle || []).push({});\r\n<\/script><\/div><\/div>","protected":false},"excerpt":{"rendered":"<p>Nakon prvotnog negodovanja, \u010dini se da su Zagrep\u010dani prihvatili sustav naplate odvoza otpada kroz takozvane zagreba\u010dke vre\u0107ice. Iz grada poru\u010duju da &#8220;odlika\u0161i razvrstavanja otpada&#8221; imaju pravo i ne besplatne vre\u0107ice.<\/p>\n","protected":false},"author":1,"featured_media":63310,"comment_status":"closed","ping_status":"closed","sticky":false,"template":"","format":"standard","meta":{"footnotes":""},"categories":[9],"tags":[3352,39,3310],"class_list":["post-105877","post","type-post","status-publish","format-standard","has-post-thumbnail","hentry","category-vijesti","tag-komunalne-usluge","tag-zagreb","tag-zg-vrecice"],"_links":{"self":[{"href":"https:\/\/www.mojevrijeme.hr\/magazin\/wp-json\/wp\/v2\/posts\/105877","targetHints":{"allow":["GET"]}}],"collection":[{"href":"https:\/\/www.mojevrijeme.hr\/magazin\/wp-json\/wp\/v2\/posts"}],"about":[{"href":"https:\/\/www.mojevrijeme.hr\/magazin\/wp-json\/wp\/v2\/types\/post"}],"author":[{"embeddable":true,"href":"https:\/\/www.mojevrijeme.hr\/magazin\/wp-json\/wp\/v2\/users\/1"}],"replies":[{"embeddable":true,"href":"https:\/\/www.mojevrijeme.hr\/magazin\/wp-json\/wp\/v2\/comments?post=105877"}],"version-history":[{"count":0,"href":"https:\/\/www.mojevrijeme.hr\/magazin\/wp-json\/wp\/v2\/posts\/105877\/revisions"}],"wp:featuredmedia":[{"embeddable":true,"href":"https:\/\/www.mojevrijeme.hr\/magazin\/wp-json\/wp\/v2\/media\/63310"}],"wp:attachment":[{"href":"https:\/\/www.mojevrijeme.hr\/magazin\/wp-json\/wp\/v2\/media?parent=105877"}],"wp:term":[{"taxonomy":"category","embeddable":true,"href":"https:\/\/www.mojevrijeme.hr\/magazin\/wp-json\/wp\/v2\/categories?post=105877"},{"taxonomy":"post_tag","embeddable":true,"href":"https:\/\/www.mojevrijeme.hr\/magazin\/wp-json\/wp\/v2\/tags?post=105877"}],"curies":[{"name":"wp","href":"https:\/\/api.w.org\/{rel}","templated":true}]}}