{"id":105979,"date":"2024-05-10T08:29:49","date_gmt":"2024-05-10T06:29:49","guid":{"rendered":"https:\/\/www.mojevrijeme.hr\/magazin\/?p=105979"},"modified":"2024-05-10T08:29:53","modified_gmt":"2024-05-10T06:29:53","slug":"plenkovic-stize-na-pantovcak-po-mandat-za-sastavljanje-vlade","status":"publish","type":"post","link":"https:\/\/www.mojevrijeme.hr\/magazin\/2024\/05\/plenkovic-stize-na-pantovcak-po-mandat-za-sastavljanje-vlade\/","title":{"rendered":"Plenkovi\u0107 sti\u017ee na Pantov\u010dak po mandat za sastavljanje vlade"},"content":{"rendered":"\n<p>Predsjednik HDZ-a i tehni\u010dki premijer <strong>Andrej Plenkovi\u0107<\/strong> nakon dugo vremena sti\u017ee na Pantov\u010dak. Naime, u 10 sati ima zakazan sastanak s predsjednikom <strong>Zoranom Milanovi\u0107em<\/strong> kojemu \u0107e uru\u010diti potpise zastupnika kojima dokazuje da je okupio saborsku ve\u0107inu. To je Ustavom predvi\u0111en postupak za davanje mandata za sastavljanje Vlade RH.<\/p>\n\n\n\n<p>Iako je priop\u0107eno da predstavnici medija nisu predvi\u0111eni na sastanku te da \u0107e Ured predsjednika nakon sastanka objaviti priop\u0107enje za medije, kasnije je medijima ipak poslan novi poziv uz upute za dolazak.<\/p>\n\n\n\n<p>Glasnogovornik Vlade<strong>&nbsp;Marko Mili\u0107<\/strong>&nbsp;rekao je da \u0107e predsjednik Vlade Plenkovi\u0107 predati predsjedniku Republike potpise zastupnika u Hrvatskom saboru &#8220;koji \u010dine novu parlamentarnu ve\u0107inu&#8221;.<\/p><div id=\"mojev-2854364481\" class=\"mojev-u-tekstu mojev-entity-placement\" style=\"margin-left: auto;margin-right: auto;text-align: center;\"><div class=\"mojev-adlabel\">oglas<\/div><div style=\"height: 250px;\"><script async src=\"https:\/\/pagead2.googlesyndication.com\/pagead\/js\/adsbygoogle.js?client=ca-pub-8106111766207173\"\r\n     crossorigin=\"anonymous\"><\/script>\r\n<!-- Prikazni 1 u tekstu -->\r\n<ins class=\"adsbygoogle\"\r\n     style=\"display:block\"\r\n     data-ad-client=\"ca-pub-8106111766207173\"\r\n     data-ad-slot=\"8535551207\"\r\n     data-ad-format=\"auto\"\r\n     data-full-width-responsive=\"true\"><\/ins>\r\n<script>\r\n     (adsbygoogle = window.adsbygoogle || []).push({});\r\n<\/script><\/div><\/div><br style=\"clear: both; display: block; float: none;\"\/>\n\n\n\n<p>Izbori zastupnika u Hrvatski sabor odr\u017eani su 17. travnja 2024. godine, a predsjednik Vrhovnog suda i Dr\u017eavnog izbornog povjerenstva\u00a0<strong>Radovan Dobroni\u0107<\/strong>\u00a0uru\u010dio je predsjedniku Milanovi\u0107u Kona\u010dne rezultate izbora zastupnika za Hrvatski sabor 29. travnja.<\/p>\n\n\n\n<p>Podsjetimo, Plenkovi\u0107 je dogovorio postizbornu suradnju s Domovinskim pokretom i sastavljanje vlade. Pokret \u0107e zauzvrat dobiti Ministarstvo demografije i useljeni\u0161tva, Ministarstvo poljoprivrede i Ministarstvo gospodarstva te desetak dr\u017eavnih tajnika.<\/p>\n<div id=\"mojev-1304287505\" class=\"mojev-kraj-teksta mojev-entity-placement\" style=\"margin-bottom: 20px;margin-left: auto;margin-right: auto;text-align: center;\"><div class=\"mojev-adlabel\">oglas<\/div><div style=\"height: 250px;\"><script async src=\"https:\/\/pagead2.googlesyndication.com\/pagead\/js\/adsbygoogle.js?client=ca-pub-8106111766207173\"\r\n     crossorigin=\"anonymous\"><\/script>\r\n<!-- Display-1 -->\r\n<ins class=\"adsbygoogle\"\r\n     style=\"display:block\"\r\n     data-ad-client=\"ca-pub-8106111766207173\"\r\n     data-ad-slot=\"1465712950\"\r\n     data-ad-format=\"auto\"\r\n     data-full-width-responsive=\"true\"><\/ins>\r\n<script>\r\n     (adsbygoogle = window.adsbygoogle || []).push({});\r\n<\/script><\/div><\/div>","protected":false},"excerpt":{"rendered":"<p>Ivan Penava ulazi u vladu na mjestu potpredsjednika vlade bez portfelja, ali tek za godinu dana, kad pro\u0111u lokalni izbori <\/p>\n","protected":false},"author":1,"featured_media":29680,"comment_status":"closed","ping_status":"closed","sticky":false,"template":"","format":"standard","meta":{"footnotes":""},"categories":[9],"tags":[888,3693,238,300],"class_list":["post-105979","post","type-post","status-publish","format-standard","has-post-thumbnail","hentry","category-vijesti","tag-andrej-plenkovic","tag-izbori-2024","tag-politika","tag-zoran-milanovic"],"_links":{"self":[{"href":"https:\/\/www.mojevrijeme.hr\/magazin\/wp-json\/wp\/v2\/posts\/105979","targetHints":{"allow":["GET"]}}],"collection":[{"href":"https:\/\/www.mojevrijeme.hr\/magazin\/wp-json\/wp\/v2\/posts"}],"about":[{"href":"https:\/\/www.mojevrijeme.hr\/magazin\/wp-json\/wp\/v2\/types\/post"}],"author":[{"embeddable":true,"href":"https:\/\/www.mojevrijeme.hr\/magazin\/wp-json\/wp\/v2\/users\/1"}],"replies":[{"embeddable":true,"href":"https:\/\/www.mojevrijeme.hr\/magazin\/wp-json\/wp\/v2\/comments?post=105979"}],"version-history":[{"count":0,"href":"https:\/\/www.mojevrijeme.hr\/magazin\/wp-json\/wp\/v2\/posts\/105979\/revisions"}],"wp:featuredmedia":[{"embeddable":true,"href":"https:\/\/www.mojevrijeme.hr\/magazin\/wp-json\/wp\/v2\/media\/29680"}],"wp:attachment":[{"href":"https:\/\/www.mojevrijeme.hr\/magazin\/wp-json\/wp\/v2\/media?parent=105979"}],"wp:term":[{"taxonomy":"category","embeddable":true,"href":"https:\/\/www.mojevrijeme.hr\/magazin\/wp-json\/wp\/v2\/categories?post=105979"},{"taxonomy":"post_tag","embeddable":true,"href":"https:\/\/www.mojevrijeme.hr\/magazin\/wp-json\/wp\/v2\/tags?post=105979"}],"curies":[{"name":"wp","href":"https:\/\/api.w.org\/{rel}","templated":true}]}}