{"id":106176,"date":"2025-05-12T08:15:20","date_gmt":"2025-05-12T06:15:20","guid":{"rendered":"https:\/\/www.mojevrijeme.hr\/magazin\/?p=106176"},"modified":"2025-05-12T08:15:56","modified_gmt":"2025-05-12T06:15:56","slug":"za-zdraviji-rast-i-rodnost-uz-rajcice-posadite-ove-biljke","status":"publish","type":"post","link":"https:\/\/www.mojevrijeme.hr\/magazin\/2025\/05\/za-zdraviji-rast-i-rodnost-uz-rajcice-posadite-ove-biljke\/","title":{"rendered":"Zajedno su ja\u010de: Ove biljke \u010dine raj\u010dicu otpornijom i rodnijom"},"content":{"rendered":"\n<p>Svaki vrt, bez obzira na primijenjene agrotehni\u010dke mjere, jest mali ekosustav.  \u0160to vi\u0161e biljaka, (dobrih) kukaca i \u017eivotinja imate u svom vrtu, to \u0107e sam sustav biti otporniji i stabilniji. Posebno je ta raznolikost va\u017ena u takozvanom organskom vrtlarstvu. <\/p>\n\n\n\n<p>Odre\u0111eni za\u010dini i cvije\u0107e poti\u010du bolji rast raj\u010dica, drugi odbijaju ili &#8220;zarobljavaju&#8221; \u0161tetnike, dok neki privla\u010de opra\u0161iva\u010de i kukce grabe\u017eljivce koji se hrane \u0161tetnicima. Osim toga, zdru\u017eenim snagama, raj\u010dice i njihovi prijatelji s gredica zajedno se mogu boriti protiv su\u0161a, preobilnih padalina i korova. U kona\u010dnici, urod je obilniji, a plodovi \u010desto puta ukusniji. U nastavku predla\u017eemo nekoliko biljaka koje mo\u017eete saditi na gredici s raj\u010dicama.<\/p>\n\n\n\n<h3 class=\"wp-block-heading\">Bosiljak<\/h3>\n\n\n\n<p>Bosiljak i raj\u010dice su najbolji prijatelji; u tanjuru i u vrtu. Ova za\u010dinska biljka mo\u017ee pomo\u0107i u odbijanju odre\u0111enih \u0161tetnika poput bijelih mu\u0161ica, tripsa, gusjenica raj\u010dice i lisnih u\u0161i. No, prava prednost sadnje bosiljka s raj\u010dicama je u okusu. Mnogi vrtlari kunu se da su im raj\u010dice uvijek sla\u0111e kada se sade blizu bosiljka. Ni\u0161ta vas ne ko\u0161ta da se i sami uvjerite u to. <\/p><div id=\"mojev-2185926856\" class=\"mojev-u-tekstu mojev-entity-placement\" style=\"margin-left: auto;margin-right: auto;text-align: center;\"><div class=\"mojev-adlabel\">oglas<\/div><div style=\"height: 250px;\"><script async src=\"https:\/\/pagead2.googlesyndication.com\/pagead\/js\/adsbygoogle.js?client=ca-pub-8106111766207173\"\r\n     crossorigin=\"anonymous\"><\/script>\r\n<!-- Prikazni 1 u tekstu -->\r\n<ins class=\"adsbygoogle\"\r\n     style=\"display:block\"\r\n     data-ad-client=\"ca-pub-8106111766207173\"\r\n     data-ad-slot=\"8535551207\"\r\n     data-ad-format=\"auto\"\r\n     data-full-width-responsive=\"true\"><\/ins>\r\n<script>\r\n     (adsbygoogle = window.adsbygoogle || []).push({});\r\n<\/script><\/div><\/div><br style=\"clear: both; display: block; float: none;\"\/>\n\n\n\n<figure class=\"wp-block-image size-large\"><img loading=\"lazy\" decoding=\"async\" width=\"740\" height=\"444\" src=\"https:\/\/www.mojevrijeme.hr\/magazin\/wp-content\/uploads\/2023\/05\/bosiljak-740x444.jpg\" alt=\"\" class=\"wp-image-73634\" srcset=\"https:\/\/www.mojevrijeme.hr\/magazin\/wp-content\/uploads\/2023\/05\/bosiljak-740x444.jpg 740w, https:\/\/www.mojevrijeme.hr\/magazin\/wp-content\/uploads\/2023\/05\/bosiljak-636x382.jpg 636w, https:\/\/www.mojevrijeme.hr\/magazin\/wp-content\/uploads\/2023\/05\/bosiljak-768x461.jpg 768w, https:\/\/www.mojevrijeme.hr\/magazin\/wp-content\/uploads\/2023\/05\/bosiljak-1536x922.jpg 1536w, https:\/\/www.mojevrijeme.hr\/magazin\/wp-content\/uploads\/2023\/05\/bosiljak-1500x900.jpg 1500w, https:\/\/www.mojevrijeme.hr\/magazin\/wp-content\/uploads\/2023\/05\/bosiljak-1600x960.jpg 1600w, https:\/\/www.mojevrijeme.hr\/magazin\/wp-content\/uploads\/2023\/05\/bosiljak-590x354.jpg 590w, https:\/\/www.mojevrijeme.hr\/magazin\/wp-content\/uploads\/2023\/05\/bosiljak-400x240.jpg 400w, https:\/\/www.mojevrijeme.hr\/magazin\/wp-content\/uploads\/2023\/05\/bosiljak.jpg 2000w\" sizes=\"auto, (max-width: 740px) 100vw, 740px\" \/><figcaption class=\"wp-element-caption\">Bosiljak (foto: Alissa De Leva\/Unsplash)<\/figcaption><\/figure>\n\n\n\n<h3 class=\"wp-block-heading\">Luk vlasac<\/h3>\n\n\n\n<p>Jo\u0161 jedan savr\u0161eni spoj; na gredici i u kuhinji. Sumporni spojevi koje &#8220;emitira&#8221; luk vlasac odbijaju lisne u\u0161i, a kako se radi o povrtnoj trajnici, ne moramo je sijati iz sezone u sezonu. Dapa\u010de, kako biste &#8220;zametnuli&#8221; luk vlasac, mo\u017eete ga kupiti i kao za\u010dinsku lon\u010danicu u najbli\u017eem trgova\u010dkom lancu na odjelu vo\u0107a i povr\u0107a. Potom ga samo ra\u0161\u010dupajte i prenesite u vrt izme\u0111u raj\u010dica. Ne samo da pobolj\u0161avaju okus raj\u010dica, ve\u0107 su nasjeckani listovi vlasca sjajan dodatak salatama i jelima koja zahtijevaju diskretan i nje\u017ean okus luka.<\/p>\n\n\n\n<figure class=\"wp-block-image size-large\"><img loading=\"lazy\" decoding=\"async\" width=\"740\" height=\"444\" src=\"https:\/\/www.mojevrijeme.hr\/magazin\/wp-content\/uploads\/2023\/05\/luk-vlasac-740x444.jpg\" alt=\"\" class=\"wp-image-73635\" srcset=\"https:\/\/www.mojevrijeme.hr\/magazin\/wp-content\/uploads\/2023\/05\/luk-vlasac-740x444.jpg 740w, https:\/\/www.mojevrijeme.hr\/magazin\/wp-content\/uploads\/2023\/05\/luk-vlasac-636x382.jpg 636w, https:\/\/www.mojevrijeme.hr\/magazin\/wp-content\/uploads\/2023\/05\/luk-vlasac-768x461.jpg 768w, https:\/\/www.mojevrijeme.hr\/magazin\/wp-content\/uploads\/2023\/05\/luk-vlasac-1536x922.jpg 1536w, https:\/\/www.mojevrijeme.hr\/magazin\/wp-content\/uploads\/2023\/05\/luk-vlasac-1500x900.jpg 1500w, https:\/\/www.mojevrijeme.hr\/magazin\/wp-content\/uploads\/2023\/05\/luk-vlasac-1600x960.jpg 1600w, https:\/\/www.mojevrijeme.hr\/magazin\/wp-content\/uploads\/2023\/05\/luk-vlasac-590x354.jpg 590w, https:\/\/www.mojevrijeme.hr\/magazin\/wp-content\/uploads\/2023\/05\/luk-vlasac-400x240.jpg 400w, https:\/\/www.mojevrijeme.hr\/magazin\/wp-content\/uploads\/2023\/05\/luk-vlasac.jpg 2000w\" sizes=\"auto, (max-width: 740px) 100vw, 740px\" \/><figcaption class=\"wp-element-caption\">Luk vlasac (foto: Laura Ockel\/Unsplash)<\/figcaption><\/figure>\n\n\n\n<h3 class=\"wp-block-heading\">Salata<\/h3>\n\n\n\n<p>Ova kombinacija nema veze s kontrolom \u0161tetnika, ali \u0107e za\u0161tititi tlo oko raj\u010dica i pobolj\u0161ati bioraznolikost u vrtu. Veliki listovi salate pomo\u0107i \u0107e u pretjerano ki\u0161nim periodima posu\u0161iti tlo ispod raj\u010dica. Isto tako, raj\u010dice \u0107e salati dati prijeko potrebnu za\u0161titu od jakog sunca za ljetnih \u017eega, a salata \u0107e evaporacijom i sjenom pomalo ohladiti korijen raj\u010dice. \u010cak i da nije tako, kombinacija zelene i so\u010dne salate s raj\u010dicama na istoj gredici, izgleda senzacionalno. <\/p>\n\n\n\n<figure class=\"wp-block-image size-large\"><img loading=\"lazy\" decoding=\"async\" width=\"740\" height=\"444\" src=\"https:\/\/www.mojevrijeme.hr\/magazin\/wp-content\/uploads\/2022\/10\/zelena-salata-740x444.jpg\" alt=\"Pranje salate u sodi bikarboni\" class=\"wp-image-64704\" srcset=\"https:\/\/www.mojevrijeme.hr\/magazin\/wp-content\/uploads\/2022\/10\/zelena-salata-740x444.jpg 740w, https:\/\/www.mojevrijeme.hr\/magazin\/wp-content\/uploads\/2022\/10\/zelena-salata-636x382.jpg 636w, https:\/\/www.mojevrijeme.hr\/magazin\/wp-content\/uploads\/2022\/10\/zelena-salata-768x461.jpg 768w, https:\/\/www.mojevrijeme.hr\/magazin\/wp-content\/uploads\/2022\/10\/zelena-salata-1536x922.jpg 1536w, https:\/\/www.mojevrijeme.hr\/magazin\/wp-content\/uploads\/2022\/10\/zelena-salata-1500x900.jpg 1500w, https:\/\/www.mojevrijeme.hr\/magazin\/wp-content\/uploads\/2022\/10\/zelena-salata-1600x960.jpg 1600w, https:\/\/www.mojevrijeme.hr\/magazin\/wp-content\/uploads\/2022\/10\/zelena-salata-590x354.jpg 590w, https:\/\/www.mojevrijeme.hr\/magazin\/wp-content\/uploads\/2022\/10\/zelena-salata-400x240.jpg 400w, https:\/\/www.mojevrijeme.hr\/magazin\/wp-content\/uploads\/2022\/10\/zelena-salata.jpg 2000w\" sizes=\"auto, (max-width: 740px) 100vw, 740px\" \/><figcaption class=\"wp-element-caption\">foto:  PH\u00daC LONG\/Unsplash<\/figcaption><\/figure>\n\n\n\n<h3 class=\"wp-block-heading\">Dragoljubi <\/h3>\n\n\n\n<p>Njihov prirodni miris papra privla\u010di odre\u0111ene \u0161tetnike poput lisnih u\u0161i i bijelih mu\u0161ica. Poanta je u tome da \u0107e se \u0161tetnici gostiti dragoljubima, umjesto da napadaju raj\u010dice. Iako se radi o prekrasnoj cvjetnici, dragoljubi su u ovoj pri\u010di &#8211; nevine \u017ertve. Kada broj \u0161tetnika na njima bude prevelik, jednostavno ih treba i\u0161\u010dupati i zajedno s napasti iznijeti iz vrta. Neki vrtlari svjedo\u010de da njihovi prelijepi cvjetovi mogu biti korisni u odbijanju gljivi\u010dnih bolesti. Budu\u0107i da su odli\u010dni pokrov tla, dragoljubi sprje\u010davaju prskanje vode s tla na nisko vise\u0107e listove raj\u010dica i paprike. Tako se ograni\u010dava prijenos spora bolesti s tla na li\u0161\u0107e raj\u010dica. <\/p>\n\n\n\n<figure class=\"wp-block-image size-large\"><img loading=\"lazy\" decoding=\"async\" width=\"740\" height=\"444\" src=\"https:\/\/www.mojevrijeme.hr\/magazin\/wp-content\/uploads\/2023\/05\/dragoljubi-740x444.jpg\" alt=\"\" class=\"wp-image-73636\" srcset=\"https:\/\/www.mojevrijeme.hr\/magazin\/wp-content\/uploads\/2023\/05\/dragoljubi-740x444.jpg 740w, https:\/\/www.mojevrijeme.hr\/magazin\/wp-content\/uploads\/2023\/05\/dragoljubi-636x382.jpg 636w, https:\/\/www.mojevrijeme.hr\/magazin\/wp-content\/uploads\/2023\/05\/dragoljubi-768x461.jpg 768w, https:\/\/www.mojevrijeme.hr\/magazin\/wp-content\/uploads\/2023\/05\/dragoljubi-1536x922.jpg 1536w, https:\/\/www.mojevrijeme.hr\/magazin\/wp-content\/uploads\/2023\/05\/dragoljubi-1500x900.jpg 1500w, https:\/\/www.mojevrijeme.hr\/magazin\/wp-content\/uploads\/2023\/05\/dragoljubi-1600x960.jpg 1600w, https:\/\/www.mojevrijeme.hr\/magazin\/wp-content\/uploads\/2023\/05\/dragoljubi-590x354.jpg 590w, https:\/\/www.mojevrijeme.hr\/magazin\/wp-content\/uploads\/2023\/05\/dragoljubi-400x240.jpg 400w, https:\/\/www.mojevrijeme.hr\/magazin\/wp-content\/uploads\/2023\/05\/dragoljubi.jpg 2000w\" sizes=\"auto, (max-width: 740px) 100vw, 740px\" \/><figcaption class=\"wp-element-caption\">Dragoljubi (Anthony Rae\/Unsplash)<\/figcaption><\/figure>\n\n\n\n<h3 class=\"wp-block-heading\">Kadifice<\/h3>\n\n\n\n<p>Osim privla\u010denja opra\u0161iva\u010da i korisnih grabe\u017eljivih insekata, kadifice tako\u0111er vrlo dobro odbijaju odre\u0111ene \u0161tetnike. Cvjetovi lu\u010de kemijski spoj nazvan <em>limonen<\/em> koji posebno odbija lisne u\u0161i i bijele mu\u0161ice. Kadifice tako\u0111er izvrsno smanjuju populacije \u0161tetnih nematoda.  Spoj <em>alfa-tertienil<\/em>, koji je toksi\u010dan za nematode, iz korijena se \u0161iri duboko u okolno tlo. Na taj na\u010din kadifice lije\u010de i sprje\u010davaju nove infestacije ovim \u0161tetnicima.<\/p>\n\n\n\n<figure class=\"wp-block-image size-large\"><img loading=\"lazy\" decoding=\"async\" width=\"740\" height=\"444\" src=\"https:\/\/www.mojevrijeme.hr\/magazin\/wp-content\/uploads\/2023\/05\/kadifice-740x444.jpg\" alt=\"\" class=\"wp-image-73637\" srcset=\"https:\/\/www.mojevrijeme.hr\/magazin\/wp-content\/uploads\/2023\/05\/kadifice-740x444.jpg 740w, https:\/\/www.mojevrijeme.hr\/magazin\/wp-content\/uploads\/2023\/05\/kadifice-636x382.jpg 636w, https:\/\/www.mojevrijeme.hr\/magazin\/wp-content\/uploads\/2023\/05\/kadifice-768x461.jpg 768w, https:\/\/www.mojevrijeme.hr\/magazin\/wp-content\/uploads\/2023\/05\/kadifice-1536x922.jpg 1536w, https:\/\/www.mojevrijeme.hr\/magazin\/wp-content\/uploads\/2023\/05\/kadifice-1500x900.jpg 1500w, https:\/\/www.mojevrijeme.hr\/magazin\/wp-content\/uploads\/2023\/05\/kadifice-1600x960.jpg 1600w, https:\/\/www.mojevrijeme.hr\/magazin\/wp-content\/uploads\/2023\/05\/kadifice-590x354.jpg 590w, https:\/\/www.mojevrijeme.hr\/magazin\/wp-content\/uploads\/2023\/05\/kadifice-400x240.jpg 400w, https:\/\/www.mojevrijeme.hr\/magazin\/wp-content\/uploads\/2023\/05\/kadifice.jpg 2000w\" sizes=\"auto, (max-width: 740px) 100vw, 740px\" \/><figcaption class=\"wp-element-caption\">Kadifice (foto: Robert Zunikoff\/Unsplash)<\/figcaption><\/figure>\n\n\n\n<p>Kadifice su naju\u010dinkovitije u smanjenju populacija nematoda i odbijanju \u0161tetnika poput lisnih u\u0161i i bijelih mu\u0161ica kada se sade blizu jedna drugoj. Za proizvodnju ranije spomenutih spojeva trebaju dose\u0107i odre\u0111enu zrelost, tako da nemojte o\u010dekivati instant u\u010dinak, no vodite se time da su kadifice mo\u017eda i najkorisniji saveznici va\u0161im raj\u010dicama. Ne treba zanemariti da \u0107e vrtu dati da\u0161ak starinske romantike. <em>(r)<\/em><\/p>\n\n\n<i>Na\u0161a rubrika <strong>Vrt<\/strong> ima svoju Facebook grupu. Pridru\u017eite se ljubiteljima vrtlarstva, pohvalite se uspjesima, pitajte stru\u010dnjake, razmijenite savjete i inspirirajte se. <a style=\"text-decoration: none; font-weight: bold;\" href=\"https:\/\/www.facebook.com\/groups\/635825835756841\" target=\"_blank\" rel=\"noopener noreferrer\">\nKliknite ovdje<\/a> i postanite dio na\u0161e zajednice.<\/i><div id=\"mojev-3854391565\" class=\"mojev-kraj-teksta mojev-entity-placement\" style=\"margin-bottom: 20px;margin-left: auto;margin-right: auto;text-align: center;\"><div class=\"mojev-adlabel\">oglas<\/div><div style=\"height: 250px;\"><script async src=\"https:\/\/pagead2.googlesyndication.com\/pagead\/js\/adsbygoogle.js?client=ca-pub-8106111766207173\"\r\n     crossorigin=\"anonymous\"><\/script>\r\n<!-- Display-1 -->\r\n<ins class=\"adsbygoogle\"\r\n     style=\"display:block\"\r\n     data-ad-client=\"ca-pub-8106111766207173\"\r\n     data-ad-slot=\"1465712950\"\r\n     data-ad-format=\"auto\"\r\n     data-full-width-responsive=\"true\"><\/ins>\r\n<script>\r\n     (adsbygoogle = window.adsbygoogle || []).push({});\r\n<\/script><\/div><\/div>","protected":false},"excerpt":{"rendered":"<p>Raj\u010dice odli\u010dno uspijevaju u dru\u0161tvu. Biljke poput bosiljka, kadifica i dragoljuba ne samo da \u0161tite od \u0161tetnika i bolesti, ve\u0107 pobolj\u0161avaju okus plodova. Zdru\u017eena sadnja dobra je za zdrav vrt i bogat urod, osobito u organskom uzgoju.<\/p>\n","protected":false},"author":1,"featured_media":73624,"comment_status":"closed","ping_status":"closed","sticky":false,"template":"","format":"standard","meta":{"footnotes":""},"categories":[3497],"tags":[3487,3486,3478,55,960,3323],"class_list":["post-106176","post","type-post","status-publish","format-standard","has-post-thumbnail","hentry","category-vrt","tag-dragoljubi","tag-kadifice","tag-rajcice","tag-vrt","tag-vrtlarstvo","tag-zelena-salata"],"_links":{"self":[{"href":"https:\/\/www.mojevrijeme.hr\/magazin\/wp-json\/wp\/v2\/posts\/106176","targetHints":{"allow":["GET"]}}],"collection":[{"href":"https:\/\/www.mojevrijeme.hr\/magazin\/wp-json\/wp\/v2\/posts"}],"about":[{"href":"https:\/\/www.mojevrijeme.hr\/magazin\/wp-json\/wp\/v2\/types\/post"}],"author":[{"embeddable":true,"href":"https:\/\/www.mojevrijeme.hr\/magazin\/wp-json\/wp\/v2\/users\/1"}],"replies":[{"embeddable":true,"href":"https:\/\/www.mojevrijeme.hr\/magazin\/wp-json\/wp\/v2\/comments?post=106176"}],"version-history":[{"count":4,"href":"https:\/\/www.mojevrijeme.hr\/magazin\/wp-json\/wp\/v2\/posts\/106176\/revisions"}],"predecessor-version":[{"id":135114,"href":"https:\/\/www.mojevrijeme.hr\/magazin\/wp-json\/wp\/v2\/posts\/106176\/revisions\/135114"}],"wp:featuredmedia":[{"embeddable":true,"href":"https:\/\/www.mojevrijeme.hr\/magazin\/wp-json\/wp\/v2\/media\/73624"}],"wp:attachment":[{"href":"https:\/\/www.mojevrijeme.hr\/magazin\/wp-json\/wp\/v2\/media?parent=106176"}],"wp:term":[{"taxonomy":"category","embeddable":true,"href":"https:\/\/www.mojevrijeme.hr\/magazin\/wp-json\/wp\/v2\/categories?post=106176"},{"taxonomy":"post_tag","embeddable":true,"href":"https:\/\/www.mojevrijeme.hr\/magazin\/wp-json\/wp\/v2\/tags?post=106176"}],"curies":[{"name":"wp","href":"https:\/\/api.w.org\/{rel}","templated":true}]}}