{"id":106239,"date":"2024-05-15T10:07:00","date_gmt":"2024-05-15T08:07:00","guid":{"rendered":"https:\/\/www.mojevrijeme.hr\/magazin\/?p=106239"},"modified":"2024-05-15T11:02:22","modified_gmt":"2024-05-15T09:02:22","slug":"i-ljut-sam-i-zao-mi-je-umirovljenice-pa-cistim-iza-njezinog-psa","status":"publish","type":"post","link":"https:\/\/www.mojevrijeme.hr\/magazin\/2024\/05\/i-ljut-sam-i-zao-mi-je-umirovljenice-pa-cistim-iza-njezinog-psa\/","title":{"rendered":"&#8216;I ljut sam i \u017eao mi je umirovljenice pa \u010distim iza njezinog psa&#8217;"},"content":{"rendered":"\n<p>Da bi <strong>susjedu Milku<\/strong> po\u0161tedio dodatnog stresa, pravi se, pri\u010da nam umirovljeni <strong>udovac Stanko<\/strong> (72), da je &#8220;sve u redu&#8221;. &nbsp;No, poprili\u010dno ga, na dnevnoj bazi, gospo\u0111a umirovljenica izbacuje iz takta. &#8220;Ima psa ve\u0107 najmanje deset godina, sigurno je ve\u0107 i on jako star. Ona je, rekao bih, blizu devedeset. Jo\u0161 izlazi iz stana, ali te\u0161ko hoda i dosta je bolesna i vidim da joj je sve te\u017ee brinuti o psi\u0107u&#8221;, ka\u017ee nam.<\/p>\n\n\n\n<p>On pak, dodaje, nema srca sva\u0111ati se s njom, prozivati je, kriviti. &#8220;Ovo je mala zgrada, svi bi mogli dr\u017eati malo do reda. Ova susjeda nikad ne po\u010disti dlake za psom, stalno se to skuplja u kutovima po liftu i na katu, a vrata je do mojih. \u010cista\u010dica do\u0111e svaka dva tjedna, u me\u0111uvremenu evo ja sam taj koji pomete. Meni dlake smetaju kad se nakupe, po dvije \u0161ake toga bude i onda leti kad otvorimo prozor na hodniku&#8221;, ka\u017ee.<\/p>\n\n\n\n<p>&#8220;U liftu je isto. Zimi je jo\u0161 gore, jer se unese i blato, ne mislim samo na nju, ve\u0107 i na ostale stanare. Nitko da bi uzeo metlu i krpu u ruke, pa pobrisao izme\u0111u dva slu\u017ebena \u010di\u0161\u0107enja, \u0161to se pla\u0107a iz pri\u010duve. Ne razumijem vi\u0161e kakvi smo to ljudi postali. Ni mla\u0111i, ni stariji, nitko se ne sagne ni da pokupi papiri\u0107&#8221;, ka\u017ee.<\/p><div id=\"mojev-2738659858\" class=\"mojev-u-tekstu mojev-entity-placement\" style=\"margin-left: auto;margin-right: auto;text-align: center;\"><div class=\"mojev-adlabel\">oglas<\/div><div style=\"height: 250px;\"><script async src=\"https:\/\/pagead2.googlesyndication.com\/pagead\/js\/adsbygoogle.js?client=ca-pub-8106111766207173\"\r\n     crossorigin=\"anonymous\"><\/script>\r\n<!-- Prikazni 1 u tekstu -->\r\n<ins class=\"adsbygoogle\"\r\n     style=\"display:block\"\r\n     data-ad-client=\"ca-pub-8106111766207173\"\r\n     data-ad-slot=\"8535551207\"\r\n     data-ad-format=\"auto\"\r\n     data-full-width-responsive=\"true\"><\/ins>\r\n<script>\r\n     (adsbygoogle = window.adsbygoogle || []).push({});\r\n<\/script><\/div><\/div><br style=\"clear: both; display: block; float: none;\"\/>\n\n\n\n<h3 class=\"wp-block-heading\">Vrhunac nereda<\/h3>\n\n\n\n<p>Vrhunac se dogodio neki dan, ka\u017ee, zato nam i pri\u010da jer je jo\u0161 u \u0161oku. &#8220;Evo, ova starija gospo\u0111a vi\u0161e uop\u0107e ne uo\u010di ako joj pas obavi nu\u017edu negdje osim na livadi tu ispred, gdje ga vodi. Tako je pse\u0107i izmet satima stajao na samim ulaznim vratima u na\u0161u zgradu, i pr\u017eio se na suncu. Sve je zaudaralo, a svi su samo preskakali.&#8221;<\/p>\n\n\n\n<p>&#8220;I \u0161to sam napravio? Oti\u0161ao sam u stan po vre\u0107icu, rije\u0161io to, zalio malo vodom i odnio dalje od zgrade u ko\u0161. Gledajte, da to \u017eelim izvoditi svako malo, i sam bih imao psa, ali ga nemam jer je to obaveza. Rekao sam sinu umirovljenice da oni malo pripaze na psa i pomognu joj brinuti oko njega i po\u010distiti ako treba, ali mi se samo nasmijao u facu i rekao da samo tra\u017eim dlaku u jajetu. Drugim rije\u010dima, otkantao me. Evo, toliko od mene&#8221;, zavr\u0161io je svoje jadanje umirovljenik Stanko.<\/p>\n\n\n\n<p>Dobacio nam je jo\u0161 samo: &#8220;Ma znate \u0161to? \u017dao mi je starije gospo\u0111e i iako sam ljut, ne\u0107u joj ni\u0161ta govoriti. Radije \u0107u i dalje po\u010distiti za psom, bude li se ponovilo ono od neki dan.&#8221;<\/p>\n\n\n\n<p>Kakva su va\u0161a iskustva sa psima i njihovim vlasnicima? Na\u0161a su, usuglasili smo se, uglavnom pozitivna.<\/p>\n\n\n\n<div id=\"crveno\"><\/p>\n\n\n\n<h3 class=\"wp-block-heading\">Zanima nas va\u0161a pri\u010da<\/h3>\n\n\n\n<p>\u017delite li i vi, posve anonimno, podijeliti svoje iskustvo i vi\u0111enje ove teme s nama i na\u0161im \u010ditateljima, mo\u017eete to u\u010diniti putem web obrasca <a rel=\"noreferrer noopener\" href=\"https:\/\/www.mojevrijeme.hr\/magazin\/povjerljivo\/\" target=\"_blank\">Povjerljivo<\/a>. Napi\u0161ite svoju pri\u010du!<\/p>\n\n\n\n<p><\/div>\n<div id=\"mojev-2733874884\" class=\"mojev-kraj-teksta mojev-entity-placement\" style=\"margin-bottom: 20px;margin-left: auto;margin-right: auto;text-align: center;\"><div class=\"mojev-adlabel\">oglas<\/div><div style=\"height: 250px;\"><script async src=\"https:\/\/pagead2.googlesyndication.com\/pagead\/js\/adsbygoogle.js?client=ca-pub-8106111766207173\"\r\n     crossorigin=\"anonymous\"><\/script>\r\n<!-- Display-1 -->\r\n<ins class=\"adsbygoogle\"\r\n     style=\"display:block\"\r\n     data-ad-client=\"ca-pub-8106111766207173\"\r\n     data-ad-slot=\"1465712950\"\r\n     data-ad-format=\"auto\"\r\n     data-full-width-responsive=\"true\"><\/ins>\r\n<script>\r\n     (adsbygoogle = window.adsbygoogle || []).push({});\r\n<\/script><\/div><\/div>","protected":false},"excerpt":{"rendered":"<p>Da vas zbilja mu\u010de razni problemi osim malih mirovina, doznali smo i iz razgovora s umirovljenikom Stankom sa zagreba\u010dke Kne\u017eije. Kako ka\u017ee, svaki dan se iznervira zbog susjedinog psa, a ne \u017eeli joj ni\u0161ta re\u0107i jer je jako bolesna.<\/p>\n","protected":false},"author":17,"featured_media":106413,"comment_status":"closed","ping_status":"closed","sticky":false,"template":"","format":"standard","meta":{"footnotes":""},"categories":[3552],"tags":[46,781],"class_list":["post-106239","post","type-post","status-publish","format-standard","has-post-thumbnail","hentry","category-povjerljivo","tag-kucni-ljubimci","tag-psi"],"_links":{"self":[{"href":"https:\/\/www.mojevrijeme.hr\/magazin\/wp-json\/wp\/v2\/posts\/106239","targetHints":{"allow":["GET"]}}],"collection":[{"href":"https:\/\/www.mojevrijeme.hr\/magazin\/wp-json\/wp\/v2\/posts"}],"about":[{"href":"https:\/\/www.mojevrijeme.hr\/magazin\/wp-json\/wp\/v2\/types\/post"}],"author":[{"embeddable":true,"href":"https:\/\/www.mojevrijeme.hr\/magazin\/wp-json\/wp\/v2\/users\/17"}],"replies":[{"embeddable":true,"href":"https:\/\/www.mojevrijeme.hr\/magazin\/wp-json\/wp\/v2\/comments?post=106239"}],"version-history":[{"count":0,"href":"https:\/\/www.mojevrijeme.hr\/magazin\/wp-json\/wp\/v2\/posts\/106239\/revisions"}],"wp:featuredmedia":[{"embeddable":true,"href":"https:\/\/www.mojevrijeme.hr\/magazin\/wp-json\/wp\/v2\/media\/106413"}],"wp:attachment":[{"href":"https:\/\/www.mojevrijeme.hr\/magazin\/wp-json\/wp\/v2\/media?parent=106239"}],"wp:term":[{"taxonomy":"category","embeddable":true,"href":"https:\/\/www.mojevrijeme.hr\/magazin\/wp-json\/wp\/v2\/categories?post=106239"},{"taxonomy":"post_tag","embeddable":true,"href":"https:\/\/www.mojevrijeme.hr\/magazin\/wp-json\/wp\/v2\/tags?post=106239"}],"curies":[{"name":"wp","href":"https:\/\/api.w.org\/{rel}","templated":true}]}}