{"id":106511,"date":"2024-05-16T17:32:51","date_gmt":"2024-05-16T15:32:51","guid":{"rendered":"https:\/\/www.mojevrijeme.hr\/magazin\/?p=106511"},"modified":"2024-05-16T17:32:56","modified_gmt":"2024-05-16T15:32:56","slug":"sanjin-59-brat-majci-nije-htio-pozvati-hitnu-dok-mu-ne-prepise-imovinu","status":"publish","type":"post","link":"https:\/\/www.mojevrijeme.hr\/magazin\/2024\/05\/sanjin-59-brat-majci-nije-htio-pozvati-hitnu-dok-mu-ne-prepise-imovinu\/","title":{"rendered":"Sanjin (59): &#8216;Brat majci nije htio pozvati hitnu dok mu ne prepi\u0161e imovinu&#8217;"},"content":{"rendered":"\n<p>Gospodin <strong>Sanjin<\/strong> (59) izjadao nam se u kakvoj se te\u0161koj situaciji na\u0161ao. &#8220;Znam za sudbine ljudi koji se s obitelji spore oko imovine, meni se ovog \u010dasa \u010dini da sam u najgoroj situaciji.&#8221;<\/p>\n\n\n\n<p>&#8220;Ne \u017eivim blizu bolesne mame, nakon studija ostao sam \u017eivjeti u gradu gdje sam zasnovao i obitelj. Moj brat ostao je na selu, u ku\u0107i s roditeljima, samac je i ja sam se nadao da \u0107e nakon smrti oca biti obziran prema majci i da \u0107emo zajedno rje\u0161avati sve \u0161to nai\u0111e&#8221;, ka\u017ee.<\/p>\n\n\n\n<p>Me\u0111utim, to se nije dogodilo. &#8220;Mi ni ranije nismo imali dobru komunikaciju, uvijek je bio nepodno\u0161ljivo prkosan i zajedljiv. Nakon smrti oca postao je nesnosan, ne znam je li to od \u017eivaca, straha da \u0107e ostati sam i da bih mu ja mogao osporiti pola ku\u0107e, nemam pojma za\u0161to je po\u010deo trabunjati samo o tome da \u017eeli mamin dio ku\u0107e. Tada bi imao dvije tre\u0107ine on, a jednu tre\u0107inu i dalje ja&#8221;, pi\u0161e nam.<\/p><div id=\"mojev-719736796\" class=\"mojev-u-tekstu mojev-entity-placement\" style=\"margin-left: auto;margin-right: auto;text-align: center;\"><div class=\"mojev-adlabel\">oglas<\/div><div style=\"height: 250px;\"><script async src=\"https:\/\/pagead2.googlesyndication.com\/pagead\/js\/adsbygoogle.js?client=ca-pub-8106111766207173\"\r\n     crossorigin=\"anonymous\"><\/script>\r\n<!-- Prikazni 1 u tekstu -->\r\n<ins class=\"adsbygoogle\"\r\n     style=\"display:block\"\r\n     data-ad-client=\"ca-pub-8106111766207173\"\r\n     data-ad-slot=\"8535551207\"\r\n     data-ad-format=\"auto\"\r\n     data-full-width-responsive=\"true\"><\/ins>\r\n<script>\r\n     (adsbygoogle = window.adsbygoogle || []).push({});\r\n<\/script><\/div><\/div><br style=\"clear: both; display: block; float: none;\"\/>\n\n\n\n<p>To je, ka\u017ee, oti\u0161lo toliko daleko, da je majci svaki dan to predbacivao, a kulminiralo prije dva tjedna, kad je imala mo\u017edani udar. &#8220;Kad sam \u010duo da je mama zavr\u0161ila u bolnici, sjeo sam u auto i odjurio k njoj. Poslije sam oti\u0161ao u rodnu ku\u0107u, ne bi li doznao \u0161to se i kako se dogodilo. Brat je u svom dijelu bio zaklju\u010dan, nije mi otvarao. Oti\u0161ao sam do susjeda.&#8221;<\/p>\n\n\n\n<h3 class=\"wp-block-heading\">\u0160okantna spoznaja<\/h3>\n\n\n\n<p>Tu je ostao u \u0161oku. &#8220;Susjed mi je ispri\u010dao da je brat jo\u0161 od smrti oca prije godinu dana neprepoznatljiv. Stalno je bio neugodan prema majci, no nitko si nije mislio da je toliko pokvaren da joj ne bi pomogao ustati da padne. A ba\u0161 se to dogodilo&#8221;, obja\u0161njava.<\/p>\n\n\n\n<p>&#8220;Dakle, susjed je istih godina kao moja majka, oboje su udovci i dijele istu ogradu. Tu se na ogradi, ispri\u010dao mi je on, svako jutro pozdrave, razmijene nekoliko re\u010denica, nekad se malo i zapri\u010daju. Bilo je posve neuobi\u010dajeno da ona uop\u0107e ne iza\u0111e iz ku\u0107e pa je to prijepodne rekao mom bratu neka ode provjeriti u mamin dio ku\u0107e je li sve u redu s njom. On mu je odbrusio da je ne\u0107e ni pogledati dok mu ne prepi\u0161e svoj dio ku\u0107e.&#8221;<\/p>\n\n\n\n<p>&#8220;I onda je susjed, zamislite, pozvao jo\u0161 jednog \u010dovjeka iz ulice pa su je i\u0161li dozivati, a kako se nije javljala, u\u0161li su na silu. Na\u0161li su je kako le\u017ei na podu i pozvali hitnu. Uspostavilo se da je imala mo\u017edani, jo\u0161 je u bolnici. Brat odbija \u017eeli \u010duti za nju. On psihi\u010dki nije dobro i mislim da mu treba pomo\u0107. Stra\u0161no je to \u0161to je tvrdoglav i nedokaziv. Sada imam oboje na brizi&#8221;, govori nam.<\/p>\n\n\n\n<p>&#8220;Zamislite samo kako mi je, i supruga i ja jo\u0161 radimo. Mami \u0107e, ka\u017eu lije\u010dnici, trebati toplice i fizikalne terapije, kao i posebna njega, a mi se oko ni\u010dega ne mo\u017eemo dogovoriti. Ona zasad ne \u017eeli \u010duti za dom, niti \u017eeli \u010duti da bi do\u0161la k nama jer se cijeli \u017eivot brine za brata kojemu je do sada prala, kuhala i teto\u0161ila ga. Ni\u0161ta to nije bilo dobro. Ne usudim se uop\u0107e uznemiravati je u ovom stanju. Tko zna do kojeg \u0107e se stupnja uop\u0107e oporaviti, ima ve\u0107 83 godine&#8221;, obja\u0161njava gospodin Sanjin.<\/p>\n\n\n\n<h3 class=\"wp-block-heading\">Nada se da \u0107e se brat urazumiti<\/h3>\n\n\n\n<p>Potom zaklju\u010duje: &#8220;Raspitujem se za razne opcije. Ako uspije dobiti dom, penzija joj ne\u0107e biti dovoljna. Brat ne\u0107e htjeti snositi doplatu zbog mizerije od mirovine, a ne\u0107e htjeti ni prodati ku\u0107u. To \u0107e pasti na mene, pripremio sam se na to. Majka mi je&#8221;, nastavlja.<\/p>\n\n\n\n<p>Problem polako postaje i odr\u017eavanje ku\u0107e, u koju se od smrti oca nije ulagalo. &#8220;Svakome od nas troje pripala je tre\u0107ina ku\u0107e. On grozni\u010davo od majke tra\u017ei njezin dio, iako ga nitko nigdje ne tjera. Mama se valjda boji, nisam je jo\u0161 ni pitao. S druge strane, on ni ulagati u ku\u0107u ne misli, a niti ima novaca za to. Problemi mi se u ovom trenutku \u010dine ve\u0107i i od nebodera, uop\u0107e ne spavam od briga vi\u0161e. Jedino zrno nade je da brat pristane na komunikaciju, da se ljudski dogovorimo i donesemo zdrave odluke za majku.&#8221;<\/p>\n\n\n\n<p>Svjedo\u010dite li i vi ovakvim situacijama?<\/p>\n\n\n\n<div id=\"crveno\"><\/p>\n\n\n\n<h3 class=\"wp-block-heading\">Zanima nas va\u0161a pri\u010da<\/h3>\n\n\n\n<p>\u017delite li i vi, posve anonimno, podijeliti svoje iskustvo i vi\u0111enje ove teme s nama i na\u0161im \u010ditateljima, mo\u017eete to u\u010diniti putem web obrasca <a rel=\"noreferrer noopener\" href=\"https:\/\/www.mojevrijeme.hr\/magazin\/povjerljivo\/\" target=\"_blank\">Povjerljivo<\/a>. Napi\u0161ite svoju pri\u010du!<\/p>\n\n\n\n<p><\/div>\n<div id=\"mojev-2344070237\" class=\"mojev-kraj-teksta mojev-entity-placement\" style=\"margin-bottom: 20px;margin-left: auto;margin-right: auto;text-align: center;\"><div class=\"mojev-adlabel\">oglas<\/div><div style=\"height: 250px;\"><script async src=\"https:\/\/pagead2.googlesyndication.com\/pagead\/js\/adsbygoogle.js?client=ca-pub-8106111766207173\"\r\n     crossorigin=\"anonymous\"><\/script>\r\n<!-- Display-1 -->\r\n<ins class=\"adsbygoogle\"\r\n     style=\"display:block\"\r\n     data-ad-client=\"ca-pub-8106111766207173\"\r\n     data-ad-slot=\"1465712950\"\r\n     data-ad-format=\"auto\"\r\n     data-full-width-responsive=\"true\"><\/ins>\r\n<script>\r\n     (adsbygoogle = window.adsbygoogle || []).push({});\r\n<\/script><\/div><\/div>","protected":false},"excerpt":{"rendered":"<p>Iz povjerljivog razgovora s gospodinom Sanjinom iz Zagreba doznajemo da godinama pro\u017eivljava agoniju zbog odnosa s bratom, \u0161to se dodatno pogor\u0161alo otkako im je majka oboljela. Sada ne spava od briga, ka\u017ee nam da grozni\u010davo tra\u017ei rje\u0161enje.<\/p>\n","protected":false},"author":17,"featured_media":106519,"comment_status":"closed","ping_status":"closed","sticky":false,"template":"","format":"standard","meta":{"footnotes":""},"categories":[3552],"tags":[2432,803,3437],"class_list":["post-106511","post","type-post","status-publish","format-standard","has-post-thumbnail","hentry","category-povjerljivo","tag-nasljedstvo","tag-nekretnine","tag-obiteljski-odnosi"],"_links":{"self":[{"href":"https:\/\/www.mojevrijeme.hr\/magazin\/wp-json\/wp\/v2\/posts\/106511","targetHints":{"allow":["GET"]}}],"collection":[{"href":"https:\/\/www.mojevrijeme.hr\/magazin\/wp-json\/wp\/v2\/posts"}],"about":[{"href":"https:\/\/www.mojevrijeme.hr\/magazin\/wp-json\/wp\/v2\/types\/post"}],"author":[{"embeddable":true,"href":"https:\/\/www.mojevrijeme.hr\/magazin\/wp-json\/wp\/v2\/users\/17"}],"replies":[{"embeddable":true,"href":"https:\/\/www.mojevrijeme.hr\/magazin\/wp-json\/wp\/v2\/comments?post=106511"}],"version-history":[{"count":0,"href":"https:\/\/www.mojevrijeme.hr\/magazin\/wp-json\/wp\/v2\/posts\/106511\/revisions"}],"wp:featuredmedia":[{"embeddable":true,"href":"https:\/\/www.mojevrijeme.hr\/magazin\/wp-json\/wp\/v2\/media\/106519"}],"wp:attachment":[{"href":"https:\/\/www.mojevrijeme.hr\/magazin\/wp-json\/wp\/v2\/media?parent=106511"}],"wp:term":[{"taxonomy":"category","embeddable":true,"href":"https:\/\/www.mojevrijeme.hr\/magazin\/wp-json\/wp\/v2\/categories?post=106511"},{"taxonomy":"post_tag","embeddable":true,"href":"https:\/\/www.mojevrijeme.hr\/magazin\/wp-json\/wp\/v2\/tags?post=106511"}],"curies":[{"name":"wp","href":"https:\/\/api.w.org\/{rel}","templated":true}]}}