{"id":10677,"date":"2017-10-10T09:21:58","date_gmt":"2017-10-10T07:21:58","guid":{"rendered":"http:\/\/www.mojevrijeme.hr\/magazin\/?p=10677"},"modified":"2023-05-14T13:09:06","modified_gmt":"2023-05-14T11:09:06","slug":"kako-zive-rijecki-penzici","status":"publish","type":"post","link":"https:\/\/www.mojevrijeme.hr\/magazin\/2017\/10\/kako-zive-rijecki-penzici\/","title":{"rendered":"Kako \u017eive rije\u010dki penzi\u0107i?"},"content":{"rendered":"<p>Prvo \u0161to nam pada na pamet kada se govori o hrvatskim umirovljenicima su siroma\u0161tvo i \u017eivotarenje na margini, socijalna isklju\u010denost i nebriga dru\u0161tva. Me\u0111utim, u Rijeci smo nai\u0161li i na druga\u010dije primjere, pi\u0161e <a href=\"http:\/\/www.dw.com\/hr\/sadr%C5%BEajni-%C5%BEivot-rije%C4%8Dkih-penzi%C4%87a\/a-40865242\" target=\"_blank\" rel=\"noopener\">Deutsche Welle<\/a> u prilogu nazvanom &#8220;Sadr\u017eajni \u017eivot rije\u010dkih penzi\u0107a&#8221;.<\/p>\n<p>Za <strong>Marijana \u0160troka\u010da<\/strong>, 64-godi\u0161njeg umirovljenog informati\u010dara iz Rijeke, kojeg mnogi poznaju i po o\u0161trim politi\u010dkim stavovima koje objavljuje na dru\u0161tvenim mre\u017eama, ljubav prema glazbi \u017eivotna je konstanta. Iako nikad nije postao zvijezda, ponosan je \u0161to je nastupao i na televiziji. Svira \u017ei\u010dane instrumente i ne krije da se glazbom \u017eelio baviti profesionalnije nego \u0161to su mu to \u017eivotne okolnosti dopustile. Jedno je vrijeme vodio i glazbene radionice, prenose\u0107i svoje glazbeno umije\u0107e na mlade. A onda ga je, prije deset godina, pogodio mo\u017edani udar. Iako je jedva pre\u017eivio, najte\u017ee mu je palo \u0161to mo\u017eda nikad vi\u0161e ne\u0107e mo\u0107i svirati. Cijela jedna strana tijela, lijeva, bila mu je oduzeta.<\/p>\n<p>No postupno se oporavio. I ponovno zasvirao. Nije bilo jednostavno, refleksi mu mo\u017eda nisu vi\u0161e onakvi kakvi su bili, pa ni njegovo sviranje nije bilo kao \u0161to je bilo prije mo\u017edanog udara. Ali \u0160troka\u010d se i danas ponosi \u0161to se bavi glazbom, i to zahvaljuju\u0107i rije\u010dkoj podru\u017enici Matice umirovljenika, &#8220;Rije\u010dkim penzi\u0107ima&#8221;, kako sebe ova organizacija naziva na internetu i na <a href=\"https:\/\/www.facebook.com\/penzici.rijeka\" target=\"_blank\" rel=\"noopener\">Facebooku<\/a>. Ve\u0107 nekoliko godina, naime, \u0160troka\u010d vodi glazbenu sekciju u klubu &#8220;Rije\u010dkih penzi\u0107a&#8221; u \u017eivopisnoj rije\u010dkoj Kru\u017enoj ulici, to\u010dno preko puta legendarnog omladinskog kluba Palach.<\/p><div id=\"mojev-2233737419\" class=\"mojev-u-tekstu mojev-entity-placement\" style=\"margin-left: auto;margin-right: auto;text-align: center;\"><div class=\"mojev-adlabel\">oglas<\/div><div style=\"height: 250px;\"><script async src=\"https:\/\/pagead2.googlesyndication.com\/pagead\/js\/adsbygoogle.js?client=ca-pub-8106111766207173\"\r\n     crossorigin=\"anonymous\"><\/script>\r\n<!-- Prikazni 1 u tekstu -->\r\n<ins class=\"adsbygoogle\"\r\n     style=\"display:block\"\r\n     data-ad-client=\"ca-pub-8106111766207173\"\r\n     data-ad-slot=\"8535551207\"\r\n     data-ad-format=\"auto\"\r\n     data-full-width-responsive=\"true\"><\/ins>\r\n<script>\r\n     (adsbygoogle = window.adsbygoogle || []).push({});\r\n<\/script><\/div><\/div><br style=\"clear: both; display: block; float: none;\"\/>\n<h3>Sumorna socijalna svakodnevica<\/h3>\n<p>Broj \u010dlanova glazbene sekcije varira jer, jasno je, godine prolaze, ka\u017ee za DW \u0160troka\u010d, obja\u0161njavaju\u0107i da glazbena sekcija zapravo funkcionira kao bend &#8220;Rije\u010dkih penzi\u0107a&#8221;, koji redovito svira na raznim umirovljeni\u010dkim zabavama. &#8220;Znam da to zvu\u010di pomalo smije\u0161no, no jedno smo vrijeme imali fanove penzi\u0107e koji su za nama i\u0161li s veselice na veselicu&#8221;, ka\u017ee \u0160troka\u010d, ne skrivaju\u0107i osmijeh. Njegova supruga ipak ponekad misli da je njegovo sviranje sada samo &#8220;gubitak vremena&#8221;, no on se ne sla\u017ee. &#8220;Znate za\u0161to se ljudi bave glazbom? Zato \u0161to to vole. Tako je i u mom slu\u010daju&#8221;, uvjerava ovaj vitalni umirovljenik, nazivaju\u0107i svoje sviranje &#8220;psiholo\u0161kim sidrom&#8221;: &#8220;Ovim aktivnostima ispunjavamo na\u0161u prili\u010dno sumornu socijalnu i \u017eivotnu svakodnevicu&#8221;.<\/p>\n<p>\u0160troka\u010dev slu\u010daj samo je jedan od brojnih sli\u010dnih primjera u rije\u010dkoj Matici umirovljenika. Ta jedinstvena udruga okuplja skoro pet tisu\u0107a rije\u010dkih umirovljenika, koji djeluju u 20-tak podru\u017enica i klubova u raznim rije\u010dkim kvartovima. U njima umirovljenici sudjeluju u brojnim programima, aktivnostima i sekcijama, koje u pravilu vode \u010dlanovi volonteri poput \u0160troka\u010da. U popularnije sekcije i programe spadaju planinarenje, zborno pjevanje, kreativne radionice i preferans, ali daleko najpopularniji i najmasovniji su te\u010dajevi stranih jezika, koje je od 2010. godine, zahvaljuju\u0107i entuzijazmu vodstva ove udruge, zavr\u0161ilo na stotine umirovljenika. Psiholog Petar Nikoli\u0107, koordinator u rije\u010dkoj Matici umirovljenika i inicijator ovog programa, obja\u0161njava da svake godine oko 150 umirovljenika zavr\u0161i te\u010daj, uz volontiranje 14 studenata koji nastupaju kao predava\u010di. Rije\u010d je o tromjese\u010dnom te\u010daju engleskog, njema\u010dkog i talijanskog, dakle pravoj maloj \u0161koli stranih jezika, \u0161to je, priznaje Nikoli\u0107, &#8220;za na\u0161u udrugu velik izazov&#8221;.<\/p>\n<div id=\"attachment_10678\" style=\"width: 646px\" class=\"wp-caption aligncenter\"><img loading=\"lazy\" decoding=\"async\" aria-describedby=\"caption-attachment-10678\" class=\"size-medium wp-image-10678\" src=\"http:\/\/www.mojevrijeme.hr\/magazin\/wp-content\/uploads\/2017\/10\/grad-rijeka-636x352.jpg\" alt=\"Umirovljenici u Rijeci\" width=\"636\" height=\"352\" srcset=\"https:\/\/www.mojevrijeme.hr\/magazin\/wp-content\/uploads\/2017\/10\/grad-rijeka-636x352.jpg 636w, https:\/\/www.mojevrijeme.hr\/magazin\/wp-content\/uploads\/2017\/10\/grad-rijeka.jpg 740w\" sizes=\"auto, (max-width: 636px) 100vw, 636px\" \/><p id=\"caption-attachment-10678\" class=\"wp-caption-text\">Rijeka (foto: Pixabay)<\/p><\/div>\n<h3>Dru\u017eenje i odr\u017eavanje mentalne vitalnosti<\/h3>\n<p>&#8220;Ideja je bila okupiti studente i umirovljenike, jer smo smatrali da \u0107e i jedni i drugi imati koristi od ovog programa. Studenti koji volontiraju kao predava\u010di u ovom programu tako stje\u010du prva radna iskustva s polaznicima. Neki se studenti i nakon zavr\u0161etka studija vra\u0107aju i nastavljaju volontirati, jer im je to ugodno i zanimljivo iskustvo&#8221;, isti\u010de Nikoli\u0107 dodaju\u0107i da umirovljenici, s druge strane, dobivaju priliku za u\u010denje i stjecanje novih znanja. &#8220;No najva\u017enije je kvalitetno kori\u0161tenje slobodnog vremena, dru\u017eenje i upoznavanje novih ljudi, \u0161to je vi\u0161estruko korisno za starije osobe i odr\u017eavanje mentalne vitalnosti, s obzirom na to da su depresija i usamljenost jedan od najve\u0107ih problema rije\u010dkih umirovljenika. U\u010denje stranih jezika ovdje je samo lajtmotiv&#8221;, podvla\u010di na\u0161 sugovornik, 35-godi\u0161njak koji je uz pravnicu Rosanu Stani\u0107 jedini zaposlenik ove udruge.<\/p>\n<p>Rije\u010dka Matica umirovljenika sa svojim \u010dlanstvom komunicira i putem svoje internetske &#8220;Penzi\u0107i Rijeka&#8221; i Facebook stranice, po \u010demu je tako\u0111er jedinstven primjer u Hrvatskoj, i to zahvaljuju\u0107i besplatnim te\u010dajevima za digitalno obrazovanje umirovljenika koje je, uz financiranje gradskih vlasti, dosad zavr\u0161ilo skoro 10 tisu\u0107a rije\u010dkih umirovljenika.<\/p>\n<p>Rije\u010dka podru\u017enica Matice umirovljenika po svojim aktivnostima i programima prednja\u010di u odnosu na ostale podru\u017enice u drugim hrvatskim gradovima, pa i u zagreba\u010dku. To je vidljivo i iz brojnih nagrada \u0161to su ih dobili za volontiranje, i na gradskoj i na dr\u017eavnoj razini, s obzirom na to da cjelokupna aktivnost udruge i svi njezini klubovi po\u010divaju na radu volontera. &#8220;Na\u0161a najve\u0107a nagrada su na\u0161i programi. Najvi\u0161e nas veseli kad uspijemo dobiti dodatna sredstva za nove programe, pa smo tako imali i besplatno pravno savjetovali\u0161te, jer smo uspjeli zaposliti pravnicu koja je pru\u017eala besplatne pravne savjete. U praksi su umirovljenici pokazali veliki interes za taj program, jer mnogi od njih imaju nerije\u0161ene ostavinske i sli\u010dne probleme, a rije\u010d je o usluzi koja im je, s obzirom na njihove financijske mogu\u0107nosti, ina\u010de te\u0161ko dostupna&#8221;, zaklju\u010duje Nikoli\u0107.<\/p>\n<h3>Sveu\u010dili\u0161te za tre\u0107u dob<\/h3>\n<p>U Rijeci djeluje i &#8220;Sveu\u010dili\u0161te za tre\u0107u dob&#8221;, poseban program \u0161to ga provodi rije\u010dko Sveu\u010dili\u0161te u suradnji s Rijekom i Opatijom, a namijenjen je gra\u0111anima starijim od 55 godina. Kako doznajemo od Zorana Baljka s rije\u010dkog Sveu\u010dili\u0161ta, cilj ovog projekta je upoznavanje osoba tre\u0107e \u017eivotne dobi s najnovijim znanstvenim spoznajama i stjecanje novih znanja, kao i povezivanje znanstvenih spoznaja i \u017eivotnih iskustava kako bi se promoviralo cjelo\u017eivotno u\u010denje i kultura u\u010denja. Dosad su obra\u0111ivane raznovrsne teme: od brige za vlastito zdravlje i prehrane, znanosti o mozgu, socijalne psihologije i emocija, preko osobnih financija i hortikulture, pa sve do fizike, kulturologije, povijesti umjetnosti, slikarstva&#8230; Dosad je odr\u017eano ukupno 60 predavanja, a edukaciju je pro\u0161lo preko 700 polaznika, od kojih su \u010dak 85 posto \u017eene, \u0161to svjedo\u010di o velikom interesu rije\u010dkih umirovljenika, a osobito umirovljenica, koji dokazuju da cjelo\u017eivotno u\u010denje &#8211; barem u Rijeci &#8211; nije floskula.<\/p>\n<p><a href=\"http:\/\/www.dw.com\/hr\/sadr%C5%BEajni-%C5%BEivot-rije%C4%8Dkih-penzi%C4%87a\/a-40865242\" target=\"_blank\" rel=\"noopener\"><em>\/autor: Denis Romac, Deutsche Welle\/<\/em><\/a><\/p>\n<div id=\"mojev-1407652630\" class=\"mojev-kraj-teksta mojev-entity-placement\" style=\"margin-bottom: 20px;margin-left: auto;margin-right: auto;text-align: center;\"><div class=\"mojev-adlabel\">oglas<\/div><div style=\"height: 250px;\"><script async src=\"https:\/\/pagead2.googlesyndication.com\/pagead\/js\/adsbygoogle.js?client=ca-pub-8106111766207173\"\r\n     crossorigin=\"anonymous\"><\/script>\r\n<!-- Display-1 -->\r\n<ins class=\"adsbygoogle\"\r\n     style=\"display:block\"\r\n     data-ad-client=\"ca-pub-8106111766207173\"\r\n     data-ad-slot=\"1465712950\"\r\n     data-ad-format=\"auto\"\r\n     data-full-width-responsive=\"true\"><\/ins>\r\n<script>\r\n     (adsbygoogle = window.adsbygoogle || []).push({});\r\n<\/script><\/div><\/div>","protected":false},"excerpt":{"rendered":"<p>Prije deset godina pogodio ga je mo\u017edani udar. Iako je jedva pre\u017eivio, najte\u017ee mu je palo \u0161to mo\u017eda nikad vi\u0161e ne\u0107e mo\u0107i svirati. Cijela jedna strana tijela, lijeva, bila mu je oduzeta. No postupno se oporavio. I ponovno zasvirao. <\/p>\n","protected":false},"author":1,"featured_media":590,"comment_status":"closed","ping_status":"closed","sticky":false,"template":"","format":"standard","meta":{"footnotes":""},"categories":[2],"tags":[93,77],"class_list":["post-10677","post","type-post","status-publish","format-standard","has-post-thumbnail","hentry","category-mozaik","tag-rijeka","tag-umirovljenici"],"_links":{"self":[{"href":"https:\/\/www.mojevrijeme.hr\/magazin\/wp-json\/wp\/v2\/posts\/10677","targetHints":{"allow":["GET"]}}],"collection":[{"href":"https:\/\/www.mojevrijeme.hr\/magazin\/wp-json\/wp\/v2\/posts"}],"about":[{"href":"https:\/\/www.mojevrijeme.hr\/magazin\/wp-json\/wp\/v2\/types\/post"}],"author":[{"embeddable":true,"href":"https:\/\/www.mojevrijeme.hr\/magazin\/wp-json\/wp\/v2\/users\/1"}],"replies":[{"embeddable":true,"href":"https:\/\/www.mojevrijeme.hr\/magazin\/wp-json\/wp\/v2\/comments?post=10677"}],"version-history":[{"count":0,"href":"https:\/\/www.mojevrijeme.hr\/magazin\/wp-json\/wp\/v2\/posts\/10677\/revisions"}],"wp:featuredmedia":[{"embeddable":true,"href":"https:\/\/www.mojevrijeme.hr\/magazin\/wp-json\/wp\/v2\/media\/590"}],"wp:attachment":[{"href":"https:\/\/www.mojevrijeme.hr\/magazin\/wp-json\/wp\/v2\/media?parent=10677"}],"wp:term":[{"taxonomy":"category","embeddable":true,"href":"https:\/\/www.mojevrijeme.hr\/magazin\/wp-json\/wp\/v2\/categories?post=10677"},{"taxonomy":"post_tag","embeddable":true,"href":"https:\/\/www.mojevrijeme.hr\/magazin\/wp-json\/wp\/v2\/tags?post=10677"}],"curies":[{"name":"wp","href":"https:\/\/api.w.org\/{rel}","templated":true}]}}