{"id":107082,"date":"2024-05-23T16:12:31","date_gmt":"2024-05-23T14:12:31","guid":{"rendered":"https:\/\/www.mojevrijeme.hr\/magazin\/?p=107082"},"modified":"2024-05-23T16:12:39","modified_gmt":"2024-05-23T14:12:39","slug":"sindikat-umirovljenicima-predlozio-za-koga-glasati-na-europskim-izborima","status":"publish","type":"post","link":"https:\/\/www.mojevrijeme.hr\/magazin\/2024\/05\/sindikat-umirovljenicima-predlozio-za-koga-glasati-na-europskim-izborima\/","title":{"rendered":"Sindikat umirovljenicima predlo\u017eio za koga glasati na Europskim izborima"},"content":{"rendered":"\n<p>Za ne\u0161to manje od tri tjedna, u nedjelju 9. lipnja 2024., u Hrvatskoj se odr\u017eavaju Europski izbori. Na svakoj od 25 kandidacijskih lista nalazi se po 12 kandidata za presti\u017enu europsku fotelju. Iznimno je va\u017eno iskoristiti glasa\u010dko pravo i odabrati kojih \u0107e vas 12 kandidata zastupati u Europi, poru\u010duju iz Sindikata umirovljenika Hrvatske (SUH).<\/p>\n\n\n\n<p>Prema podacima Europske federacije za umirovljenike i starije osobe u Europi trenutno \u017eivi 30 milijuna siroma\u0161nih gra\u0111ana. Me\u0111u njima nalazi se i veliki broj starijih osoba, jer iz godine u godinu mirovine stagniraju ili \u010dak realno gube na vrijednosti i time umanjuju dostojanstvo starijih gra\u0111ana koji su izgradili svoje zemlje.<\/p>\n\n\n\n<p>Razli\u010diti programi \u0161tednje i restrikcija posljednjih godina su pogor\u0161ali uvjete \u017eivota umirovljenika, a naro\u010dito umirovljenih i starijih \u017eena, \u010dije su mirovine prosje\u010dno \u010dak 25 posto ni\u017ee pod onih koje primaju mu\u0161ke kolege, \u0161to ih \u010dini najugro\u017eenijim dijelom populacije. Stariji su platili i te\u0161ku cijenu pandemije povi\u0161enim stopama mortaliteta , ali i pomanjkanjem osoblja za dugotrajnu njegu u domovima i obitelji, navodi SUH u otvorenim pismu umirovljenicima.<\/p><div id=\"mojev-1249556527\" class=\"mojev-u-tekstu mojev-entity-placement\" style=\"margin-left: auto;margin-right: auto;text-align: center;\"><div class=\"mojev-adlabel\">oglas<\/div><div style=\"height: 250px;\"><script async src=\"https:\/\/pagead2.googlesyndication.com\/pagead\/js\/adsbygoogle.js?client=ca-pub-8106111766207173\"\r\n     crossorigin=\"anonymous\"><\/script>\r\n<!-- Prikazni 1 u tekstu -->\r\n<ins class=\"adsbygoogle\"\r\n     style=\"display:block\"\r\n     data-ad-client=\"ca-pub-8106111766207173\"\r\n     data-ad-slot=\"8535551207\"\r\n     data-ad-format=\"auto\"\r\n     data-full-width-responsive=\"true\"><\/ins>\r\n<script>\r\n     (adsbygoogle = window.adsbygoogle || []).push({});\r\n<\/script><\/div><\/div><br style=\"clear: both; display: block; float: none;\"\/>\n\n\n\n<h3 class=\"wp-block-heading\">Za koga glasati?<\/h3>\n\n\n\n<p>Zato napravite taj mali korak, prou\u010dite kandidate i njihove programe te glasajte za one koji \u0107e se boriti za uvo\u0111enje modela europske minimalne mirovine i va\u0161e pravo na dostojanstvenu starost koja uklju\u010duje kvalitetnu zdravstvenu skrb, pravo na pristojno stanovanje i socijalnu uklju\u010denost. <\/p>\n\n\n\n<p>Ne budite nevidljivi i tihi dio statistike, iskoristite svoje demokratsko pravo i glasajte. To je jedini na\u010din kako otvoriti vrata boljoj budu\u0107nosti jer i mi je imamo i u poodmakloj dobi. \u017divimo sve du\u017ee, ima nas sve vi\u0161e i po\u0161teno je da nakon vi\u0161edesetljetnog rada, u kojemu smo pridonijeli razvoju svoje zemlje, ali i \u010ditave Europske Unije, dobijemo po\u0161ten i dostojanstven povrat.<\/p>\n\n\n\n<p>Neka vas ne obeshrabri bolest ili slaba pokretljivost. Na izbore mo\u017eete do\u0107i u pratnji ili se na vrijeme javite bira\u010dkom odboru koji \u0107e odrediti najmanje dva \u010dlana i omogu\u0107iti vam glasanje od ku\u0107e. Ne zaboravite, 9. lipnja imamo mogu\u0107nosti iskrojiti vlastitu budu\u0107nost. Va\u0161 je glas itekako va\u017ean, iskoristite ga za postizanje dostojanstvene starosti, podsje\u0107aju u Sindikatu umirovljenika Hrvatske.<\/p>\n<div id=\"mojev-3516940904\" class=\"mojev-kraj-teksta mojev-entity-placement\" style=\"margin-bottom: 20px;margin-left: auto;margin-right: auto;text-align: center;\"><div class=\"mojev-adlabel\">oglas<\/div><div style=\"height: 250px;\"><script async src=\"https:\/\/pagead2.googlesyndication.com\/pagead\/js\/adsbygoogle.js?client=ca-pub-8106111766207173\"\r\n     crossorigin=\"anonymous\"><\/script>\r\n<!-- Display-1 -->\r\n<ins class=\"adsbygoogle\"\r\n     style=\"display:block\"\r\n     data-ad-client=\"ca-pub-8106111766207173\"\r\n     data-ad-slot=\"1465712950\"\r\n     data-ad-format=\"auto\"\r\n     data-full-width-responsive=\"true\"><\/ins>\r\n<script>\r\n     (adsbygoogle = window.adsbygoogle || []).push({});\r\n<\/script><\/div><\/div>","protected":false},"excerpt":{"rendered":"<p>Ne budite nevidljivi i tihi dio statistike, iskoristite svoje demokratsko pravo i glasajte, poruka je Sindikata umirovljenika Hrvatske.<\/p>\n","protected":false},"author":1,"featured_media":101253,"comment_status":"closed","ping_status":"closed","sticky":false,"template":"","format":"standard","meta":{"footnotes":""},"categories":[9],"tags":[1610,167],"class_list":["post-107082","post","type-post","status-publish","format-standard","has-post-thumbnail","hentry","category-vijesti","tag-europski-izbori","tag-sindikat-umirovljenika"],"_links":{"self":[{"href":"https:\/\/www.mojevrijeme.hr\/magazin\/wp-json\/wp\/v2\/posts\/107082","targetHints":{"allow":["GET"]}}],"collection":[{"href":"https:\/\/www.mojevrijeme.hr\/magazin\/wp-json\/wp\/v2\/posts"}],"about":[{"href":"https:\/\/www.mojevrijeme.hr\/magazin\/wp-json\/wp\/v2\/types\/post"}],"author":[{"embeddable":true,"href":"https:\/\/www.mojevrijeme.hr\/magazin\/wp-json\/wp\/v2\/users\/1"}],"replies":[{"embeddable":true,"href":"https:\/\/www.mojevrijeme.hr\/magazin\/wp-json\/wp\/v2\/comments?post=107082"}],"version-history":[{"count":0,"href":"https:\/\/www.mojevrijeme.hr\/magazin\/wp-json\/wp\/v2\/posts\/107082\/revisions"}],"wp:featuredmedia":[{"embeddable":true,"href":"https:\/\/www.mojevrijeme.hr\/magazin\/wp-json\/wp\/v2\/media\/101253"}],"wp:attachment":[{"href":"https:\/\/www.mojevrijeme.hr\/magazin\/wp-json\/wp\/v2\/media?parent=107082"}],"wp:term":[{"taxonomy":"category","embeddable":true,"href":"https:\/\/www.mojevrijeme.hr\/magazin\/wp-json\/wp\/v2\/categories?post=107082"},{"taxonomy":"post_tag","embeddable":true,"href":"https:\/\/www.mojevrijeme.hr\/magazin\/wp-json\/wp\/v2\/tags?post=107082"}],"curies":[{"name":"wp","href":"https:\/\/api.w.org\/{rel}","templated":true}]}}