{"id":107231,"date":"2024-05-26T10:48:35","date_gmt":"2024-05-26T08:48:35","guid":{"rendered":"https:\/\/www.mojevrijeme.hr\/magazin\/?p=107231"},"modified":"2024-05-26T10:48:39","modified_gmt":"2024-05-26T08:48:39","slug":"crna-odjeca-nakon-smrti-supruznika-koliko-je-dugo-nositi","status":"publish","type":"post","link":"https:\/\/www.mojevrijeme.hr\/magazin\/2024\/05\/crna-odjeca-nakon-smrti-supruznika-koliko-je-dugo-nositi\/","title":{"rendered":"Crna odje\u0107a nakon smrti supru\u017enika: Koliko je dugo nositi?"},"content":{"rendered":"\n<p>Jo\u0161 u vrijeme na\u0161eg djetinjstva \u017eene srednjih i starijih godina, nakon \u0161to bi postale udovice, navukle bi na sebe crninu i vi\u0161e je nikada ne bi skinule. Bio je to znak \u017ealosti za pokojnikom. Za mu\u0161karce su, o\u010dekivano, vrijedila sasma druga\u010dija pravila, no u ku\u0107ama koje jo\u0161 tuguju nije se uklju\u010divao televizor, a glazba s radija bila je gotovo svetogrdna.<\/p>\n\n\n\n<p>Do danas se je puno toga promijenilo pa u urbanim sredinama gotovo da nitko ne o\u010dekuje crninu ve\u0107 drugi dan nakon pogreba \u0161to nije po volji sve\u0107enicima. Vjernici pak odgovaraju da crnina mo\u017ee biti licemjerna, ako se doista ne \u017eali za pokojnom osobom, a ako se \u017eali \u2013 \u017eali se srcem, a ne odje\u0107om.<\/p>\n\n\n\n<h3 class=\"wp-block-heading\">Tri faze crnine<\/h3>\n\n\n\n<p>Katoli\u010dka crkva razlikuje tri vrste \u017ealovanja. Te\u0161ko ili duboko \u017ealovanje je najintenzivnije i u njemu je prikladna crna haljina, bez nakita koji sadr\u017ei obojeno kamenje. U nekim se kulturama potpuno bijelo odijelo tako\u0111er smatra odorom \u017ealosti. U polu\u017ealovanju se preporu\u010da crna haljina s bijelim ili bijela s crnim rubom. Dok se u takozvanom drugom \u017ealovanju, a koje je zavr\u0161na faza, nose umjerene boje pa \u010dak i uzorci.<\/p><div id=\"mojev-3828457404\" class=\"mojev-u-tekstu mojev-entity-placement\" style=\"margin-left: auto;margin-right: auto;text-align: center;\"><div class=\"mojev-adlabel\">oglas<\/div><div style=\"height: 250px;\"><script async src=\"https:\/\/pagead2.googlesyndication.com\/pagead\/js\/adsbygoogle.js?client=ca-pub-8106111766207173\"\r\n     crossorigin=\"anonymous\"><\/script>\r\n<!-- Prikazni 1 u tekstu -->\r\n<ins class=\"adsbygoogle\"\r\n     style=\"display:block\"\r\n     data-ad-client=\"ca-pub-8106111766207173\"\r\n     data-ad-slot=\"8535551207\"\r\n     data-ad-format=\"auto\"\r\n     data-full-width-responsive=\"true\"><\/ins>\r\n<script>\r\n     (adsbygoogle = window.adsbygoogle || []).push({});\r\n<\/script><\/div><\/div><br style=\"clear: both; display: block; float: none;\"\/>\n\n\n\n<p>Duljinu pojedinih faza izravno je odre\u0111ivala kultura pa je tako pedesetih godina pro\u0161log stolje\u0107a bilo prihva\u0107eno da udovica mora odraditi najmanje godinu dana te\u0161ke \u017ealosti, bez ikakvih boja na odje\u0107i, a po\u010desto (ovisno o sredini) s crnim rupcem na glavi. Nakon toga je slijedila godina dana u kojoj se postepeno vra\u0107ala uobi\u010dajenoj garderobi, no nije se o\u010dekivalo vi\u0161e ikada vidjeti je odjevenu u kri\u010dave boje ili napadne dezene. Iako su neki crkveni izvori preporu\u010dali da se \u017ealuje najmanje \u0161est godina, ve\u0107 je tada bilo prihva\u0107eno da se udovica mo\u017ee udati i godinu dana nakon \u0161to je obudovjela, ako na\u0111e prikladnog prosca.<\/p>\n\n\n\n<h3 class=\"wp-block-heading\">\u0160to ka\u017ee Crkva?<\/h3>\n\n\n\n<p>Katoli\u010dka crkva danas preporu\u010duje da pre\u017eivjeli supru\u017enik provede godinu dana u \u017ealosti, bez ranije opisanih striktnih faza. Tijekom tog vremena ne bi trebao prihva\u0107ati niti poklanjati pa\u017enju suprotnom spolu tijekom godine \u017ealosti.<\/p>\n\n\n\n<p>Roditelji ili djeca pokojnika se poti\u010du da provedu \u0161est mjeseci u \u017ealosti, s tim da razdoblje te\u0161ke \u017ealosti traje 30 dana. Bake i djedovi te bra\u0107a i sestre provest \u0107e tri mjeseca u \u017ealosti, a te\u0161ka \u017ealost trajat \u0107e 30 dana. Ostali \u010dlanovi obitelji trebaju provesti trideset dana u \u017ealosti.<\/p>\n\n\n\n<p>O ovoj temi je za Radio Mir Me\u0111ugorje progovorio i fra <strong>Goran Azinovi\u0107<\/strong>. &#8220;Stari ljudi ka\u017eu kako se crnina nosila po godinu dana, a imate udovica koje i danas, trideset godina nakon mu\u017eeve smrti nose crninu&#8221;, kazao napominju\u0107i kako se do udovica u ranoj Crkvi puno vi\u0161e dr\u017ealo. Dodao je i kako se nekada po godinu dana ne bi uklju\u010divali televizor i radio, a da je to danas svedeno na 40 dana.<\/p>\n\n\n\n<h3 class=\"wp-block-heading\">Najmanje 40 dana<\/h3>\n\n\n\n<p>&#8220;Ne trebamo prekri\u017eiti na\u0161u tradiciju. Najva\u017enija je vjera u zagrobni \u017eivot i molitva za svoje pokojne. Ako netko \u017eeli dugo nositi crninu, po\u0161tujmo to. To je njihova potreba i \u010de\u017enja, ali ne smijemo upasti u bezna\u0111e. Odje\u0107a nas ne odre\u0111uje, ali pokazuje jednu vrstu na\u0161eg \u017ealovanja i to tko je bila ta osoba za nas. Na kraju krajeva i redovnici nose tamno odijelo. To je jedna vrsta pokore. Po\u0161tujmo na\u0161u tradiciju. Crninu treba nositi, barem jedno razdoblje \u017eivota, barem 40 dana, a za vi\u0161e neka ljudi sami odlu\u010de, ali to nema veze s na\u0161om nadom u nama. Ne zna\u010di da smo se predali o\u010daju, nego \u017eelimo pokazati ljudima da ipak patimo, a patnja po sebi nije nekr\u0161\u0107anska&#8221;, kazao, izme\u0111u ostalog Azinovi\u0107.<\/p>\n<div id=\"mojev-3632064605\" class=\"mojev-kraj-teksta mojev-entity-placement\" style=\"margin-bottom: 20px;margin-left: auto;margin-right: auto;text-align: center;\"><div class=\"mojev-adlabel\">oglas<\/div><div style=\"height: 250px;\"><script async src=\"https:\/\/pagead2.googlesyndication.com\/pagead\/js\/adsbygoogle.js?client=ca-pub-8106111766207173\"\r\n     crossorigin=\"anonymous\"><\/script>\r\n<!-- Display-1 -->\r\n<ins class=\"adsbygoogle\"\r\n     style=\"display:block\"\r\n     data-ad-client=\"ca-pub-8106111766207173\"\r\n     data-ad-slot=\"1465712950\"\r\n     data-ad-format=\"auto\"\r\n     data-full-width-responsive=\"true\"><\/ins>\r\n<script>\r\n     (adsbygoogle = window.adsbygoogle || []).push({});\r\n<\/script><\/div><\/div>","protected":false},"excerpt":{"rendered":"<p>Duljinu pojedinih faza izravno je odre\u0111ivala kultura pa je tako pedesetih godina pro\u0161log stolje\u0107a bilo prihva\u0107eno da udovica mora odraditi najmanje godinu dana te\u0161ke \u017ealosti, bez ikakvih boja na odje\u0107i, a po\u010desto (ovisno o sredini) s crnim rupcem na glavi.<\/p>\n","protected":false},"author":1,"featured_media":75461,"comment_status":"closed","ping_status":"closed","sticky":false,"template":"","format":"standard","meta":{"footnotes":""},"categories":[2],"tags":[1058,1070,1800,800],"class_list":["post-107231","post","type-post","status-publish","format-standard","has-post-thumbnail","hentry","category-mozaik","tag-crnina","tag-katolici","tag-korota","tag-udovice"],"_links":{"self":[{"href":"https:\/\/www.mojevrijeme.hr\/magazin\/wp-json\/wp\/v2\/posts\/107231","targetHints":{"allow":["GET"]}}],"collection":[{"href":"https:\/\/www.mojevrijeme.hr\/magazin\/wp-json\/wp\/v2\/posts"}],"about":[{"href":"https:\/\/www.mojevrijeme.hr\/magazin\/wp-json\/wp\/v2\/types\/post"}],"author":[{"embeddable":true,"href":"https:\/\/www.mojevrijeme.hr\/magazin\/wp-json\/wp\/v2\/users\/1"}],"replies":[{"embeddable":true,"href":"https:\/\/www.mojevrijeme.hr\/magazin\/wp-json\/wp\/v2\/comments?post=107231"}],"version-history":[{"count":0,"href":"https:\/\/www.mojevrijeme.hr\/magazin\/wp-json\/wp\/v2\/posts\/107231\/revisions"}],"wp:featuredmedia":[{"embeddable":true,"href":"https:\/\/www.mojevrijeme.hr\/magazin\/wp-json\/wp\/v2\/media\/75461"}],"wp:attachment":[{"href":"https:\/\/www.mojevrijeme.hr\/magazin\/wp-json\/wp\/v2\/media?parent=107231"}],"wp:term":[{"taxonomy":"category","embeddable":true,"href":"https:\/\/www.mojevrijeme.hr\/magazin\/wp-json\/wp\/v2\/categories?post=107231"},{"taxonomy":"post_tag","embeddable":true,"href":"https:\/\/www.mojevrijeme.hr\/magazin\/wp-json\/wp\/v2\/tags?post=107231"}],"curies":[{"name":"wp","href":"https:\/\/api.w.org\/{rel}","templated":true}]}}