{"id":107368,"date":"2024-05-28T13:29:21","date_gmt":"2024-05-28T11:29:21","guid":{"rendered":"https:\/\/www.mojevrijeme.hr\/magazin\/?p=107368"},"modified":"2024-05-28T13:29:25","modified_gmt":"2024-05-28T11:29:25","slug":"sanela-mama-je-u-mirovini-i-njegujem-je-a-ona-me-ogovara-kome-stigne","status":"publish","type":"post","link":"https:\/\/www.mojevrijeme.hr\/magazin\/2024\/05\/sanela-mama-je-u-mirovini-i-njegujem-je-a-ona-me-ogovara-kome-stigne\/","title":{"rendered":"Sanela: &#8216;Mama je u mirovini i njegujem je, a ona me ogovara kome stigne&#8217;"},"content":{"rendered":"\n<p>Na po\u010detku pisma <strong>gospo\u0111a Sanela<\/strong> otkriva da \u017eivi u malom gradu, u naselju gdje svatko o svakome sve zna. Ogovaranje joj te\u0161ko pada, jer se u vi\u0161e navrata uvjerila da je upravo ona meta na koju se svojim dugim jezikom okomila njezina majka. &#8220;Pri\u010da k&#8217;o pri\u010da sva\u010dija, od usta do usta druga\u010dija&#8221;, prisjetila se stare izreke na\u0161a \u010ditateljica. \u00a0<\/p>\n\n\n\n<p>&#8220;Godinu dana sam kod mame. Moram navesti da mi i brat tu \u017eivi, me\u0111utim, od njega nikakve koristi. Ne radi, a pije. Mama ima penziju, a ja pla\u0107u jer jo\u0161 radim. Uz sve navedeno, od kad znam za sebe, mojoj je majci sin bio i ostao na prvome mjestu&#8221;, pi\u0161e nam Sanela.<\/p>\n\n\n\n<p>Pro\u0161le godine, kad je preselila k njoj, majka joj se razboljela i pala u krevet. &#8220;Tada se doslovno pona\u0161ala kao mala beba. Mijenjala sam joj pelene, tr\u010dala po lijekove, nabavljala kreme. Organi zdravi, ali su je boljele kosti. To je stanje trajalo mjesecima&#8221;, obja\u0161njava nam.\u00a0<\/p><div id=\"mojev-2188205016\" class=\"mojev-u-tekstu mojev-entity-placement\" style=\"margin-left: auto;margin-right: auto;text-align: center;\"><div class=\"mojev-adlabel\">oglas<\/div><div style=\"height: 250px;\"><script async src=\"https:\/\/pagead2.googlesyndication.com\/pagead\/js\/adsbygoogle.js?client=ca-pub-8106111766207173\"\r\n     crossorigin=\"anonymous\"><\/script>\r\n<!-- Prikazni 1 u tekstu -->\r\n<ins class=\"adsbygoogle\"\r\n     style=\"display:block\"\r\n     data-ad-client=\"ca-pub-8106111766207173\"\r\n     data-ad-slot=\"8535551207\"\r\n     data-ad-format=\"auto\"\r\n     data-full-width-responsive=\"true\"><\/ins>\r\n<script>\r\n     (adsbygoogle = window.adsbygoogle || []).push({});\r\n<\/script><\/div><\/div><br style=\"clear: both; display: block; float: none;\"\/>\n\n\n\n<h3 class=\"wp-block-heading\">Brat joj uzima novac<\/h3>\n\n\n\n<p>Da maj\u010dina bolest ne bude jedini problem u ku\u0107i, kad bi dolazila s posla ku\u0107i, primje\u0107ivala bi, tvrdi, da neke stvari nisu bile na mjestu na kojem ih je ostavila. &#8220;Pitala sam mamu premje\u0161ta li to \u017eena koja ju je obilazila dok sam ja na poslu, a koja joj je mijenjala pelene i davala joj jesti. Rekla je da ne premje\u0161ta. To me za\u010dudilo, no s vremenom sam uhvatila brata s mojim nov\u010danikom u ruci. Postalo mi je sve jasno, kao i da me oboje gledaju samo kao slu\u0161kinju&#8221;, napominje gospo\u0111a Sanela.<\/p>\n\n\n\n<p>&#8220;Nestane mi svako malo neki iznos. Ne neki veliki, ali me ljutilo jer brat ne doprinosi, a uzima. Znao je i on i\u0107i koji dan ne\u0161to zaraditi pa da dio zarade, ali rijetko. E sad, problem nastaje kad sam se ja po\u010dela pona\u0161ati kao i oni. Napominjem da je ona ustala iz kreveta, kre\u0107e se uz hodalicu, te\u0161ko, ali se kre\u0107e. \u010cak mo\u017ee ne\u0161to lak\u0161e i napraviti, uzeti si jesti. Tada sam odlu\u010dila da \u0107u po\u010deti misliti malo i na sebe&#8221;, pi\u0161e.\u00a0<\/p>\n\n\n\n<p>I sama je, pi\u0161e, u godinama u kojima joj stres stvara problem s bole\u0161\u0107u koju ima ve\u0107 dugo, koja je, kako navodi, &#8216;tihi ubojica&#8217;, jer ne boli. &#8220;Sad kad malo brinem o sebi, ne valjam im. Moja ro\u0111ena majka me ogovara kome god stigne. Nekoliko puta sam je \u010dak i \u010dula, i kad joj to spo\u010ditam, ona pori\u010de. Pitam je, \u0161to sam ti napravila da me toliko mrzi\u0161 i pri\u010da\u0161 okolo to o meni? Tada se \u017eali bratu da sam je napala&#8221;, opisuje u kakvom se za\u010daranom krugu na\u0161la.<\/p>\n\n\n\n<h3 class=\"wp-block-heading\">Neposlu\u0161na do bola<\/h3>\n\n\n\n<p>Potom se gospo\u0111a sanela povukla i, duboko povrije\u0111ena, po\u010dela izbjegavati majku. Majci se ni to nije svidjelo. &#8220;I \u0161to sad u\u010diniti? \u017dao mi ju je, ima dosta godina, jedva se kre\u0107e, izdat \u0107e je nesumnjivo je opet i noge i kralje\u017enica. Tko \u0107e se brinuti o njoj? Nema ona toliku penziju da mo\u017ee nekoga platiti da je njeguje. Stara\u010dki dom ne dolazi u obzir, odnosno ona za to ne \u017eeli ni \u010duti&#8221;, doznajemo.<\/p>\n\n\n\n<p>Za kraj je napisala jo\u0161 ne\u0161to \u0161to je kod majke krajnje zabrinjava: &#8220;Nikada me ni\u0161ta nije poslu\u0161ala, nikakav moj savjet, pa ni savjet fizioterapeuta. Slu\u0161a samo susjedu koja je u sli\u010dnoj zdravstvenoj situaciji. Ja ovakvo tvrdoglavo pona\u0161anje ne razumijem. A \u0161to se ti\u010de njezine naklonosti bratu, moram re\u0107i da ni to ne razumijem, jer su meni kao majci sva moja djeca jednaka, nikad ih nisam dijelila ni po \u010demu.&#8221;<\/p>\n\n\n\n<div id=\"crveno\"><\/p>\n\n\n\n<h3 class=\"wp-block-heading\">Zanima nas va\u0161a pri\u010da<\/h3>\n\n\n\n<p>\u017delite li i vi, posve anonimno, podijeliti svoje iskustvo i vi\u0111enje ove teme s nama i na\u0161im \u010ditateljima, mo\u017eete to u\u010diniti putem web obrasca <a rel=\"noreferrer noopener\" href=\"https:\/\/www.mojevrijeme.hr\/magazin\/povjerljivo\/\" target=\"_blank\">Povjerljivo<\/a>. Napi\u0161ite svoju pri\u010du!<\/p>\n\n\n\n<p><\/div>\n<div id=\"mojev-2043330879\" class=\"mojev-kraj-teksta mojev-entity-placement\" style=\"margin-bottom: 20px;margin-left: auto;margin-right: auto;text-align: center;\"><div class=\"mojev-adlabel\">oglas<\/div><div style=\"height: 250px;\"><script async src=\"https:\/\/pagead2.googlesyndication.com\/pagead\/js\/adsbygoogle.js?client=ca-pub-8106111766207173\"\r\n     crossorigin=\"anonymous\"><\/script>\r\n<!-- Display-1 -->\r\n<ins class=\"adsbygoogle\"\r\n     style=\"display:block\"\r\n     data-ad-client=\"ca-pub-8106111766207173\"\r\n     data-ad-slot=\"1465712950\"\r\n     data-ad-format=\"auto\"\r\n     data-full-width-responsive=\"true\"><\/ins>\r\n<script>\r\n     (adsbygoogle = window.adsbygoogle || []).push({});\r\n<\/script><\/div><\/div>","protected":false},"excerpt":{"rendered":"<p>Kad su joj djeca odrasla, a majka ostarjela i onemo\u0107ala, gospo\u0111a Sanela preselila je k majci u ku\u0107u. S njima \u017eivi i njezin brat, a kako vrijeme odmi\u010de, odnosi u ku\u0107i se pogor\u0161avaju. Po\u017ealila nam se da daje sve od sebe za mir i dobro sviju, ali njima ni\u0161ta nije po volji. \u00a0<\/p>\n","protected":false},"author":17,"featured_media":94632,"comment_status":"closed","ping_status":"closed","sticky":false,"template":"","format":"standard","meta":{"footnotes":""},"categories":[3552],"tags":[3600,3437],"class_list":["post-107368","post","type-post","status-publish","format-standard","has-post-thumbnail","hentry","category-povjerljivo","tag-majke-i-kceri","tag-obiteljski-odnosi"],"_links":{"self":[{"href":"https:\/\/www.mojevrijeme.hr\/magazin\/wp-json\/wp\/v2\/posts\/107368","targetHints":{"allow":["GET"]}}],"collection":[{"href":"https:\/\/www.mojevrijeme.hr\/magazin\/wp-json\/wp\/v2\/posts"}],"about":[{"href":"https:\/\/www.mojevrijeme.hr\/magazin\/wp-json\/wp\/v2\/types\/post"}],"author":[{"embeddable":true,"href":"https:\/\/www.mojevrijeme.hr\/magazin\/wp-json\/wp\/v2\/users\/17"}],"replies":[{"embeddable":true,"href":"https:\/\/www.mojevrijeme.hr\/magazin\/wp-json\/wp\/v2\/comments?post=107368"}],"version-history":[{"count":0,"href":"https:\/\/www.mojevrijeme.hr\/magazin\/wp-json\/wp\/v2\/posts\/107368\/revisions"}],"wp:featuredmedia":[{"embeddable":true,"href":"https:\/\/www.mojevrijeme.hr\/magazin\/wp-json\/wp\/v2\/media\/94632"}],"wp:attachment":[{"href":"https:\/\/www.mojevrijeme.hr\/magazin\/wp-json\/wp\/v2\/media?parent=107368"}],"wp:term":[{"taxonomy":"category","embeddable":true,"href":"https:\/\/www.mojevrijeme.hr\/magazin\/wp-json\/wp\/v2\/categories?post=107368"},{"taxonomy":"post_tag","embeddable":true,"href":"https:\/\/www.mojevrijeme.hr\/magazin\/wp-json\/wp\/v2\/tags?post=107368"}],"curies":[{"name":"wp","href":"https:\/\/api.w.org\/{rel}","templated":true}]}}