{"id":107430,"date":"2024-05-29T07:46:09","date_gmt":"2024-05-29T05:46:09","guid":{"rendered":"https:\/\/www.mojevrijeme.hr\/magazin\/?p=107430"},"modified":"2024-05-29T07:46:46","modified_gmt":"2024-05-29T05:46:46","slug":"nedostaje-vozaca-autobusa-zet-zaposljava-umirovljenike-ovo-su-uvjeti","status":"publish","type":"post","link":"https:\/\/www.mojevrijeme.hr\/magazin\/2024\/05\/nedostaje-vozaca-autobusa-zet-zaposljava-umirovljenike-ovo-su-uvjeti\/","title":{"rendered":"Nedostaje voza\u010da autobusa, ZET zapo\u0161ljava umirovljenike, ovo su uvjeti"},"content":{"rendered":"\n<p>Kvalificiranih voza\u010da zainteresiranih za rad kroni\u010dno nedostaje ne samo u Zagrebu ve\u0107 i u velikom dijelu Hrvatske, pa i Europe. Poznato je da su tim ozbiljnim problemom pogo\u0111eni privatni prijevoznici s podru\u010dja metropole i okolice koji su po\u010deli zapo\u0161ljavati i strance, a i ZET je ve\u0107 u nekoliko navrata raspisao natje\u010daj kojim tra\u017ei voza\u010de, bez nekog velikog uspjeha.<\/p>\n\n\n\n<p>Sad su se pak odva\u017eili i na pomalo nekonvencionalnu mjeru pa su raspisali interni poziv kojim poti\u010du sve svoje voza\u010de koji \u0107e uskoro do\u0107i u doba mirovine da nastave raditi za ZET i tako barem djelomi\u010dno pomognu u pokrivanju manjka djelatnika, javlja <a href=\"https:\/\/www.vecernji.hr\/zagreb\/situacija-je-ozbiljna-zet-poduzima-drasticne-mjere-zagrepcane-bi-uskoro-mogli-prevoziti-mirovljenici-1772808\" target=\"_blank\" rel=\"noreferrer noopener\">Ve\u010dernji<\/a>.<\/p>\n\n\n\n<p>Istoga su dana na svojim slu\u017ebenim stranicama objavili i oglas kojim mole sve zainteresirane umirovljenike da se jave za rad na pola radnog vremena.<\/p><div id=\"mojev-4021786506\" class=\"mojev-u-tekstu mojev-entity-placement\" style=\"margin-left: auto;margin-right: auto;text-align: center;\"><div class=\"mojev-adlabel\">oglas<\/div><div style=\"height: 250px;\"><script async src=\"https:\/\/pagead2.googlesyndication.com\/pagead\/js\/adsbygoogle.js?client=ca-pub-8106111766207173\"\r\n     crossorigin=\"anonymous\"><\/script>\r\n<!-- Prikazni 1 u tekstu -->\r\n<ins class=\"adsbygoogle\"\r\n     style=\"display:block\"\r\n     data-ad-client=\"ca-pub-8106111766207173\"\r\n     data-ad-slot=\"8535551207\"\r\n     data-ad-format=\"auto\"\r\n     data-full-width-responsive=\"true\"><\/ins>\r\n<script>\r\n     (adsbygoogle = window.adsbygoogle || []).push({});\r\n<\/script><\/div><\/div><br style=\"clear: both; display: block; float: none;\"\/>\n\n\n\n<p>Postoje\u0107e se voza\u010de, dakle, poziva da prije navr\u0161ene 65. godine tvrtki podnesu zahtjev za produljenjem radnog odnosa, s naznakom do kojeg datuma \u017eele nastaviti raditi. Umirovljenici koji nisu ve\u0107 zaposleni u ZET-u, a \u017eele biti voza\u010di, moraju ispuniti nekoliko uvjeta. Potrebno je imati zavr\u0161enu \u0161kolu za voza\u010da i va\u017ee\u0107u voza\u010dku dozvolu D kategorije te biti zdravstveno sposoban za taj posao, a u obzir \u0107e se uzeti i dosada\u0161nje radno iskustvo.<\/p>\n\n\n\n<p>Odabrane umirovljenike zaposlit \u0107e na pola radnog vremena, a mo\u0107i \u0107e nastaviti primati svoju mirovinu. \u2013 S obzirom na situaciju, smatramo kako su mjere pravovremene, nu\u017ene i opravdane te \u0107e zasigurno pobuditi interes dijela radnika i umirovljenika, \u0161to \u0107e u kona\u010dnici pridonijeti stabilnijoj organizaciji prijevozne usluge \u2013 ka\u017eu u ZET-u.<\/p>\n\n\n\n<p>Prosje\u010dna je pla\u0107a voza\u010da u ZET-u, prema ranijim podacima tamo\u0161njih sindikata, izme\u0111u 1.100 i 1.400 eura neto, \u0161to za taj posao mnogima nije dovoljno. Osim redovne satnice, u iznos ulazi i pla\u0107eni prekovremeni rad, rad u no\u0107nim smjenama i dvokratni rad, a uklju\u010deni su i razni dodaci na koje ZET-ovci imaju pravo na temelju kolektivnog ugovora, pi\u0161e <a href=\"https:\/\/www.vecernji.hr\/zagreb\/situacija-je-ozbiljna-zet-poduzima-drasticne-mjere-zagrepcane-bi-uskoro-mogli-prevoziti-mirovljenici-1772808\" target=\"_blank\" rel=\"noreferrer noopener\">Ve\u010dernji<\/a>.<\/p>\n<div id=\"mojev-793842099\" class=\"mojev-kraj-teksta mojev-entity-placement\" style=\"margin-bottom: 20px;margin-left: auto;margin-right: auto;text-align: center;\"><div class=\"mojev-adlabel\">oglas<\/div><div style=\"height: 250px;\"><script async src=\"https:\/\/pagead2.googlesyndication.com\/pagead\/js\/adsbygoogle.js?client=ca-pub-8106111766207173\"\r\n     crossorigin=\"anonymous\"><\/script>\r\n<!-- Display-1 -->\r\n<ins class=\"adsbygoogle\"\r\n     style=\"display:block\"\r\n     data-ad-client=\"ca-pub-8106111766207173\"\r\n     data-ad-slot=\"1465712950\"\r\n     data-ad-format=\"auto\"\r\n     data-full-width-responsive=\"true\"><\/ins>\r\n<script>\r\n     (adsbygoogle = window.adsbygoogle || []).push({});\r\n<\/script><\/div><\/div>","protected":false},"excerpt":{"rendered":"<p>Prosje\u010dna je pla\u0107a voza\u010da u ZET-u, prema ranijim podacima tamo\u0161njih sindikata, izme\u0111u 1.100 i 1.400 eura neto, \u0161to za taj posao mnogima nije dovoljno.<\/p>\n","protected":false},"author":1,"featured_media":79720,"comment_status":"closed","ping_status":"closed","sticky":false,"template":"","format":"standard","meta":{"footnotes":""},"categories":[9],"tags":[878,1342,3393,39,361],"class_list":["post-107430","post","type-post","status-publish","format-standard","has-post-thumbnail","hentry","category-vijesti","tag-javni-prijevoz","tag-rad-uz-mirovinu","tag-vozaci","tag-zagreb","tag-zet"],"_links":{"self":[{"href":"https:\/\/www.mojevrijeme.hr\/magazin\/wp-json\/wp\/v2\/posts\/107430","targetHints":{"allow":["GET"]}}],"collection":[{"href":"https:\/\/www.mojevrijeme.hr\/magazin\/wp-json\/wp\/v2\/posts"}],"about":[{"href":"https:\/\/www.mojevrijeme.hr\/magazin\/wp-json\/wp\/v2\/types\/post"}],"author":[{"embeddable":true,"href":"https:\/\/www.mojevrijeme.hr\/magazin\/wp-json\/wp\/v2\/users\/1"}],"replies":[{"embeddable":true,"href":"https:\/\/www.mojevrijeme.hr\/magazin\/wp-json\/wp\/v2\/comments?post=107430"}],"version-history":[{"count":0,"href":"https:\/\/www.mojevrijeme.hr\/magazin\/wp-json\/wp\/v2\/posts\/107430\/revisions"}],"wp:featuredmedia":[{"embeddable":true,"href":"https:\/\/www.mojevrijeme.hr\/magazin\/wp-json\/wp\/v2\/media\/79720"}],"wp:attachment":[{"href":"https:\/\/www.mojevrijeme.hr\/magazin\/wp-json\/wp\/v2\/media?parent=107430"}],"wp:term":[{"taxonomy":"category","embeddable":true,"href":"https:\/\/www.mojevrijeme.hr\/magazin\/wp-json\/wp\/v2\/categories?post=107430"},{"taxonomy":"post_tag","embeddable":true,"href":"https:\/\/www.mojevrijeme.hr\/magazin\/wp-json\/wp\/v2\/tags?post=107430"}],"curies":[{"name":"wp","href":"https:\/\/api.w.org\/{rel}","templated":true}]}}