{"id":107509,"date":"2024-05-30T22:36:30","date_gmt":"2024-05-30T20:36:30","guid":{"rendered":"https:\/\/www.mojevrijeme.hr\/magazin\/?p=107509"},"modified":"2024-05-30T22:36:34","modified_gmt":"2024-05-30T20:36:34","slug":"posjetite-varazdinske-toplice-ceka-vas-aquafest-u-rimskom-ozracju","status":"publish","type":"post","link":"https:\/\/www.mojevrijeme.hr\/magazin\/2024\/05\/posjetite-varazdinske-toplice-ceka-vas-aquafest-u-rimskom-ozracju\/","title":{"rendered":"Posjetite Vara\u017edinske toplice, \u010deka vas Aquafest u rimskom ozra\u010dju"},"content":{"rendered":"\n<p>Turisti\u010dka zajednica Vara\u017edinske Toplice i Zavi\u010dajni muzej Vara\u017edinske Toplice, uz potporu Grada Vara\u017edinske Toplice, organiziraju trodnevno doga\u0111anje, <strong>Aquafest<\/strong>, u rimskom ozra\u010dju, ba\u0161 kako je nekad bilo.<\/p>\n\n\n\n<p>Trodnevni event zapo\u010dinje stru\u010dnim skupom u <strong>petak <\/strong>ujutro, na kojem \u0107e se predstaviti veliki ciklus investicija u kontinentalne toplice u Hrvatskoj, a \u010dime \u0107e se obogatiti <em>wellness<\/em> i lje\u010dili\u0161na ponuda. Ulaz na skup je besplatan, a doga\u0111aj je otvoren za javnost.<\/p>\n\n\n\n<p>Poslijepodne je rezervirano za dje\u010dje radionice od 16 do 19 sati. Arheolo\u0161ko nalazi\u0161te, odnosno nekada\u0161nje terme, idealna su pozornica na otvorenom, jer zbog svoje odli\u010dne o\u010duvanosti plijene pa\u017enju kako arheologa i povjesni\u010dara tako i posjetitelja, a vi\u0161e o drevnim vremenima posjetiteljima \u0107e re\u0107i stru\u010dni vodi\u010di na besplatnom vo\u0111enju, od 18 do 19 sati. <\/p><div id=\"mojev-1929379682\" class=\"mojev-u-tekstu mojev-entity-placement\" style=\"margin-left: auto;margin-right: auto;text-align: center;\"><div class=\"mojev-adlabel\">oglas<\/div><div style=\"height: 250px;\"><script async src=\"https:\/\/pagead2.googlesyndication.com\/pagead\/js\/adsbygoogle.js?client=ca-pub-8106111766207173\"\r\n     crossorigin=\"anonymous\"><\/script>\r\n<!-- Prikazni 1 u tekstu -->\r\n<ins class=\"adsbygoogle\"\r\n     style=\"display:block\"\r\n     data-ad-client=\"ca-pub-8106111766207173\"\r\n     data-ad-slot=\"8535551207\"\r\n     data-ad-format=\"auto\"\r\n     data-full-width-responsive=\"true\"><\/ins>\r\n<script>\r\n     (adsbygoogle = window.adsbygoogle || []).push({});\r\n<\/script><\/div><\/div><br style=\"clear: both; display: block; float: none;\"\/>\n\n\n\n<p>Ve\u010dernji program, zaogrnut zvijezdama, zapo\u010dinje u 21 sati, povorkom rimskih legionara pod bakljama. Nakon borbi legionara slijedi \u017eivopisna scena prikaza \u017ertve bo\u017eici Dijani Luni ,koju \u0107e izvesti prekrasne nimfe, dok \u0107e <em>Traumatic Arts Show<\/em> plesom na svili i nje\u017enom glazbom zaokru\u017eiti ovaj dinami\u010dan dan.\u00a0<\/p>\n\n\n\n<p><strong>Subotnje<\/strong> jutro od 10:30 donosi ve\u0107 tradicionalnu povorku Rimljana i nimfi, koji \u0107e svoje odore pokazati u \u0161etnji do anti\u010dkog lokaliteta. Tamo \u0107e bogovima prinositi \u017ertve ljevanice i\u00a0 paljenice uz prikaz legija. Istovremeno se po\u010dinju kuhati i &#8220;rimski kotli\u0107i&#8221;, do kojih \u0107e vas odvesti opojni mirisi, a djeca \u0107e odabrati jednu od mnogobrojnih anti\u010dkih radionica.<\/p>\n\n\n\n<p>I poslijepodne \u0107e biti posve\u0107eno najmanjima, koji \u0107e postati &#8220;mali Rimljani&#8221; , izra\u0111ivati anti\u010dke mozaike i anti\u010dke lutke te pogledati dvije lijepe predstave. Dje\u010daci \u0107e ukrstiti svoje ma\u010deve oko 16 sati u gladijatorskoj \u0161koli. A \u017eelite li vi\u0161e saznati o Vara\u017edinskim Toplicama, pridru\u017eite se besplatnom razgledavanju od 15 ili 18 sati.\u00a0<\/p>\n\n\n\n<p>Oko 19:30 pogledajte dramati\u010dni poku\u0161aj preuzimanja vlasti cara, Centuriona i Pretorijanaca, a tko \u0107e izvu\u0107i deblji kraj? Svratite vidjeti u\u017eivo. Nakon predve\u010dernjeg gladijatorskog <em>showa<\/em> slijedi koncert na magi\u010dnoj pozornici uz anti\u010dke hramove i izvori\u0161ni bazen. Glazbenik, Zvjezdan Ru\u017ei\u0107, dobitnik 6 nagrada Status za najboljeg jazz pijanista te 5 Porina od 20:15 sati predstavit \u0107e svoj novi projekt: <em>Let\u2019s disconnect together,<\/em> a za svjetlosni spektakl nakon koncerta pobrinut \u0107e se skupina <em>Traumatic ARTS<\/em> s vatrenim <em>showom<\/em>.\u00a0<\/p>\n\n\n\n<p><strong>Nedjelja <\/strong>je rezervirana za aktivnosti na svje\u017eem zraku &#8211;\u00a0 utrku Putevima Rimskih Legionara 3. <em>Aquae Iassae trail<\/em>. Utrka se odr\u017eava na tri dionice, prva dionica Centurija je 4 km i nije posebno zahtjevna, a pogodna je i za obitelji, druga dionica Kohorta je 9,8 km, a najdulja Legija je 20,8 km. Vi\u0161e informacija potra\u017eite na ovoj <a href=\"https:\/\/www.facebook.com\/aquafestVT\" target=\"_blank\" rel=\"noreferrer noopener\">poveznici<\/a>. <\/p>\n<div id=\"mojev-746310324\" class=\"mojev-kraj-teksta mojev-entity-placement\" style=\"margin-bottom: 20px;margin-left: auto;margin-right: auto;text-align: center;\"><div class=\"mojev-adlabel\">oglas<\/div><div style=\"height: 250px;\"><script async src=\"https:\/\/pagead2.googlesyndication.com\/pagead\/js\/adsbygoogle.js?client=ca-pub-8106111766207173\"\r\n     crossorigin=\"anonymous\"><\/script>\r\n<!-- Display-1 -->\r\n<ins class=\"adsbygoogle\"\r\n     style=\"display:block\"\r\n     data-ad-client=\"ca-pub-8106111766207173\"\r\n     data-ad-slot=\"1465712950\"\r\n     data-ad-format=\"auto\"\r\n     data-full-width-responsive=\"true\"><\/ins>\r\n<script>\r\n     (adsbygoogle = window.adsbygoogle || []).push({});\r\n<\/script><\/div><\/div>","protected":false},"excerpt":{"rendered":"<p>Gdje provesti vikend? Zaljubljenik ste u prirodu, privla\u010de vas kulturni sadr\u017eaji i povratak u pro\u0161lost? Upravo smo opisali samo dio programa, koji \u0107e se odr\u017eavati od 7. do 9. lipnja u Vara\u017edinskim Toplicama.<\/p>\n","protected":false},"author":5,"featured_media":107567,"comment_status":"closed","ping_status":"closed","sticky":false,"template":"","format":"standard","meta":{"footnotes":""},"categories":[136],"tags":[],"class_list":["post-107509","post","type-post","status-publish","format-standard","has-post-thumbnail","hentry","category-promo"],"_links":{"self":[{"href":"https:\/\/www.mojevrijeme.hr\/magazin\/wp-json\/wp\/v2\/posts\/107509","targetHints":{"allow":["GET"]}}],"collection":[{"href":"https:\/\/www.mojevrijeme.hr\/magazin\/wp-json\/wp\/v2\/posts"}],"about":[{"href":"https:\/\/www.mojevrijeme.hr\/magazin\/wp-json\/wp\/v2\/types\/post"}],"author":[{"embeddable":true,"href":"https:\/\/www.mojevrijeme.hr\/magazin\/wp-json\/wp\/v2\/users\/5"}],"replies":[{"embeddable":true,"href":"https:\/\/www.mojevrijeme.hr\/magazin\/wp-json\/wp\/v2\/comments?post=107509"}],"version-history":[{"count":0,"href":"https:\/\/www.mojevrijeme.hr\/magazin\/wp-json\/wp\/v2\/posts\/107509\/revisions"}],"wp:featuredmedia":[{"embeddable":true,"href":"https:\/\/www.mojevrijeme.hr\/magazin\/wp-json\/wp\/v2\/media\/107567"}],"wp:attachment":[{"href":"https:\/\/www.mojevrijeme.hr\/magazin\/wp-json\/wp\/v2\/media?parent=107509"}],"wp:term":[{"taxonomy":"category","embeddable":true,"href":"https:\/\/www.mojevrijeme.hr\/magazin\/wp-json\/wp\/v2\/categories?post=107509"},{"taxonomy":"post_tag","embeddable":true,"href":"https:\/\/www.mojevrijeme.hr\/magazin\/wp-json\/wp\/v2\/tags?post=107509"}],"curies":[{"name":"wp","href":"https:\/\/api.w.org\/{rel}","templated":true}]}}