{"id":108509,"date":"2024-06-16T11:21:47","date_gmt":"2024-06-16T09:21:47","guid":{"rendered":"https:\/\/www.mojevrijeme.hr\/magazin\/?p=108509"},"modified":"2024-06-16T11:21:54","modified_gmt":"2024-06-16T09:21:54","slug":"brat-i-sogorica-zive-sami-u-198-kvadrata-12-godina-ne-mogu-u-svoj-dio-kuce","status":"publish","type":"post","link":"https:\/\/www.mojevrijeme.hr\/magazin\/2024\/06\/brat-i-sogorica-zive-sami-u-198-kvadrata-12-godina-ne-mogu-u-svoj-dio-kuce\/","title":{"rendered":"&#8216;Brat i \u0161ogorica \u017eive sami u 198 kvadrata, 12 godina ne mogu u svoj dio ku\u0107e&#8217;"},"content":{"rendered":"\n<p>To \u0161to se doga\u0111a gospo\u0111i Seki nije nikakav rijedak slu\u010daj. Na\u0161i nam \u010ditatelji u\u010destalo svjedo\u010de da su \u017ertve otimanja naslije\u0111ene imovine. Mnogi nam pi\u0161u da imaju problema s vlastitom bra\u0107om i sestrama pa \u010dak i kada je na ostavinskoj raspravi sve raspodijeljeno crno na bijelo.<\/p>\n\n\n\n<p>Tako je i ova na\u0161a \u010ditateljica nakon ostavinske rasprave i papirnato dobila pola roditeljske ku\u0107e, ali svojim dijelom ne mo\u017ee raspolagati ve\u0107 12 godina. Tome je kriv njezin brat.<\/p>\n\n\n\n<p>&#8220;Otac nam je poginuo dok smo bili djeca, a ku\u0107a se cijelo vrijeme vodila na njega. Nakon maj\u010dine smrti, brat je prigrabio sva tri kata obiteljske ku\u0107e i ako sam i ja naslijedila pola. Mojoj obitelji ostavio je samo adaptirane podrumske prostorije visine 2 metra i povr\u0161ine 44 kvadrata, u kojima je i prije \u017eivjela moja k\u0107i sa svojom obitelji&#8221;, opisuje.<\/p><div id=\"mojev-264420730\" class=\"mojev-u-tekstu mojev-entity-placement\" style=\"margin-left: auto;margin-right: auto;text-align: center;\"><div class=\"mojev-adlabel\">oglas<\/div><div style=\"height: 250px;\"><script async src=\"https:\/\/pagead2.googlesyndication.com\/pagead\/js\/adsbygoogle.js?client=ca-pub-8106111766207173\"\r\n     crossorigin=\"anonymous\"><\/script>\r\n<!-- Prikazni 1 u tekstu -->\r\n<ins class=\"adsbygoogle\"\r\n     style=\"display:block\"\r\n     data-ad-client=\"ca-pub-8106111766207173\"\r\n     data-ad-slot=\"8535551207\"\r\n     data-ad-format=\"auto\"\r\n     data-full-width-responsive=\"true\"><\/ins>\r\n<script>\r\n     (adsbygoogle = window.adsbygoogle || []).push({});\r\n<\/script><\/div><\/div><br style=\"clear: both; display: block; float: none;\"\/>\n\n\n\n<h3 class=\"wp-block-heading\">Nema kompromisa<\/h3>\n\n\n\n<p>&#8220;Ponudila sam mu da koristi polovinu druge eta\u017ee u kojoj je \u017eivjela majka, a da drugi dio pravi\u010dno koristi moja k\u0107i, no samo mi je odbrusio da mi nemamo \u0161to dijeliti. Nastavio je sa suprugom \u017eivjeti u 198 kvadrata, sinovi su mu odselili i imaju svoje stanove&#8221;, obja\u0161njava.<\/p>\n\n\n\n<p>Za to vrijeme njezina k\u0107i s obitelji i dalje \u017eivi u podrumu. Borba gospo\u0111e Seke \u010dini se uzaludnom. &#8220;Nakon ostavinske rasprave sud je donio rje\u0161enje da se ku\u0107a dijeli ravnopravno svakome po pola. Me\u0111utim on ve\u0107 punih 12 godina nama brani u\u0107i u drugi dio na\u0161e imovine. Na kraju sam morala pokrenuti pravni postupak za fizi\u010dku diobu suvlasni\u0161tva kako bi mogao reagirati i MUP.&#8221;<\/p>\n\n\n\n<p>&#8220;Zbog ovog njegovog protupravnog stjecanja imovine podnijela sam na kraju i tu\u017ebu na temelje koje bi trebalo utvrditi i koji bi bio iznos zakupnine stana koji brat, bez zakonske osnove, koristi svih 12 godina&#8221;, otkrila nam je gospo\u0111a Seka.<\/p>\n\n\n\n<h3 class=\"wp-block-heading\">\u0160to kad nema nade za miran dogovor?<\/h3>\n\n\n\n<p>Uvijek se iznova uvjerimo, kad sve nade u miran i razuman dogovor padnu u vodu, kre\u0107e borba po sudovima. To ko\u0161ta novaca i \u017eivaca, ali jedna strana vi\u0161e jednostavno nema izbora, \u0161to je jasno i iz slu\u010daja gospo\u0111e Seke. <\/p>\n\n\n\n<p>Prvi korak koji bi trebala poduzeti o\u0161te\u0107ena strana svakako je <strong>prikupljanje dokumentacije<\/strong>, koja uklju\u010duje oporuku, nasljedni list i sve pravne papire koji potvr\u0111uju pravo na dio imovine. Na samom po\u010detku sukoba najbolje je poku\u0161ati izbje\u0107i sud i razmisliti <strong>o posredovanju ili medijaciji<\/strong>. To je proces gdje neutralna tre\u0107a strana sukobljenim stranama poma\u017ee posti\u0107i sporazum. <\/p>\n\n\n\n<p>Ako to ne urodi plodom, idu\u0107i korak je <strong>izbor odvjetnika<\/strong> koji je specijaliziran za obiteljsko ili nasljedno pravo kako bi dobili pravni savjet i saznali svoja prava i opcije. Savjetovat \u0107e vas kako odmah mo\u017eete poduzeti mjere za za\u0161titu svog dijela ku\u0107e, \u0161to mo\u017ee uklju\u010divati pravne korake za osiguranje da ne do\u0111e do prodaje ili drugih promjena bez va\u0161eg pristanka.<\/p>\n\n\n\n<p>Tek nakon toga mogao bi uslijediti <strong>sudski postupak<\/strong>, \u0161to je gospo\u0111a Seka ve\u0107 pokrenula. Za nju je to jedina opcija kako bi ostvarili svoja prava. Kroz taj proces o\u0161te\u0107enu stranu vodi odvjetnik. No, znajmo i to da je svaki slu\u010daj jedinstven, pa je va\u017eno tra\u017eiti pravni savjet kako bi donijeli najbolje odluke za svoj konkretnu situaciju.<\/p>\n\n\n\n<p>Jeste li se i vi susreli s ovakvom nepravdom?<\/p>\n\n\n\n<div id=\"crveno\"><\/p>\n\n\n\n<h3 class=\"wp-block-heading\">Zanima nas va\u0161a pri\u010da<\/h3>\n\n\n\n<p>\u017delite li i vi, posve anonimno, podijeliti svoje iskustvo i vi\u0111enje ove teme s nama i na\u0161im \u010ditateljima, mo\u017eete to u\u010diniti putem web obrasca <a rel=\"noreferrer noopener\" href=\"https:\/\/www.mojevrijeme.hr\/magazin\/povjerljivo\/\" target=\"_blank\">Povjerljivo<\/a>. Napi\u0161ite svoju pri\u010du!<\/p>\n\n\n\n<p><\/div>\n<div id=\"mojev-3465519253\" class=\"mojev-kraj-teksta mojev-entity-placement\" style=\"margin-bottom: 20px;margin-left: auto;margin-right: auto;text-align: center;\"><div class=\"mojev-adlabel\">oglas<\/div><div style=\"height: 250px;\"><script async src=\"https:\/\/pagead2.googlesyndication.com\/pagead\/js\/adsbygoogle.js?client=ca-pub-8106111766207173\"\r\n     crossorigin=\"anonymous\"><\/script>\r\n<!-- Display-1 -->\r\n<ins class=\"adsbygoogle\"\r\n     style=\"display:block\"\r\n     data-ad-client=\"ca-pub-8106111766207173\"\r\n     data-ad-slot=\"1465712950\"\r\n     data-ad-format=\"auto\"\r\n     data-full-width-responsive=\"true\"><\/ins>\r\n<script>\r\n     (adsbygoogle = window.adsbygoogle || []).push({});\r\n<\/script><\/div><\/div>","protected":false},"excerpt":{"rendered":"<p>Na\u0161a \u010ditateljica, koja se potpisala imenom Seka, opisala nam je kako se u njezinu obitelj uvukla gramzivost uslijed koje njezin brat ne popu\u0161ta ni milimetra, unato\u010d svim njezinim molbama, pa \u010dak i pravnim upozorenjima.<\/p>\n","protected":false},"author":17,"featured_media":108769,"comment_status":"closed","ping_status":"closed","sticky":false,"template":"","format":"standard","meta":{"footnotes":""},"categories":[3552],"tags":[3865,918,803,3437,919],"class_list":["post-108509","post","type-post","status-publish","format-standard","has-post-thumbnail","hentry","category-povjerljivo","tag-braca-i-sestre","tag-imovina","tag-nekretnine","tag-obiteljski-odnosi","tag-oporuka"],"_links":{"self":[{"href":"https:\/\/www.mojevrijeme.hr\/magazin\/wp-json\/wp\/v2\/posts\/108509","targetHints":{"allow":["GET"]}}],"collection":[{"href":"https:\/\/www.mojevrijeme.hr\/magazin\/wp-json\/wp\/v2\/posts"}],"about":[{"href":"https:\/\/www.mojevrijeme.hr\/magazin\/wp-json\/wp\/v2\/types\/post"}],"author":[{"embeddable":true,"href":"https:\/\/www.mojevrijeme.hr\/magazin\/wp-json\/wp\/v2\/users\/17"}],"replies":[{"embeddable":true,"href":"https:\/\/www.mojevrijeme.hr\/magazin\/wp-json\/wp\/v2\/comments?post=108509"}],"version-history":[{"count":0,"href":"https:\/\/www.mojevrijeme.hr\/magazin\/wp-json\/wp\/v2\/posts\/108509\/revisions"}],"wp:featuredmedia":[{"embeddable":true,"href":"https:\/\/www.mojevrijeme.hr\/magazin\/wp-json\/wp\/v2\/media\/108769"}],"wp:attachment":[{"href":"https:\/\/www.mojevrijeme.hr\/magazin\/wp-json\/wp\/v2\/media?parent=108509"}],"wp:term":[{"taxonomy":"category","embeddable":true,"href":"https:\/\/www.mojevrijeme.hr\/magazin\/wp-json\/wp\/v2\/categories?post=108509"},{"taxonomy":"post_tag","embeddable":true,"href":"https:\/\/www.mojevrijeme.hr\/magazin\/wp-json\/wp\/v2\/tags?post=108509"}],"curies":[{"name":"wp","href":"https:\/\/api.w.org\/{rel}","templated":true}]}}