{"id":108665,"date":"2024-06-14T16:26:07","date_gmt":"2024-06-14T14:26:07","guid":{"rendered":"https:\/\/www.mojevrijeme.hr\/magazin\/?p=108665"},"modified":"2024-06-14T16:26:15","modified_gmt":"2024-06-14T14:26:15","slug":"sonja-58-sin-me-otkantao-naci-cu-si-nekoga-pa-makar-u-starackom-domu","status":"publish","type":"post","link":"https:\/\/www.mojevrijeme.hr\/magazin\/2024\/06\/sonja-58-sin-me-otkantao-naci-cu-si-nekoga-pa-makar-u-starackom-domu\/","title":{"rendered":"Sonja (58): &#8216;Sin me otkantao, na\u0107i \u0107u si nekoga pa makar u stara\u010dkom domu&#8217;"},"content":{"rendered":"\n<p>Otkako joj je sin odselio i rijetko se javlja, gospo\u0111a Sonja vapi za malo ljubavi i pozornosti. &#8220;Dama sam od 58 godina. Odgojila sam sina najbolje \u0161to sam mogla, pomogla mu oko vjen\u010danja. Sada kad je o\u017eenjen, ne trebam mu vi\u0161e u \u017eivotu. Na mobitel mi po\u0161alje <em>smajlija<\/em> i napi\u0161e &#8216;dobro mi je&#8217;. To je sve \u0161to imam od njega, po\u010detak i kraj svake pri\u010de&#8221;, po\u017ealila nam se gospo\u0111a Sonja u pismu.<\/p>\n\n\n\n<p>Potom je otkrila da je shvatila da je do\u0161lo vrijeme kad se mora okrenuti sebi i svojoj sre\u0107i. &#8220;Nakon svega \u0161to sam do\u017eivjela, zarekla sam se da vi\u0161e ne\u0107u biti sama i da \u0107u sebi na\u0107i &#8216;prijatelja za kavu&#8217;. I sigurno \u0107u si ga na\u0107i, pa makar i u stara\u010dkom domu!&#8221; napisala je samouvjereno.<\/p>\n\n\n\n<h3 class=\"wp-block-heading\">Vedran: Djeca su nam sve!<\/h3>\n\n\n\n<p>Koliko su nam u \u017eivotu djeca i njihova dobrobit va\u017eni, najbolje nam do\u010darava pismo jednog oca, punca, svekra i djeda, koji nam pi\u0161e da sa suprugom redovito za ru\u010dkom razgovara o svakome iz obitelji sina i k\u0107eri.<\/p><div id=\"mojev-3566945552\" class=\"mojev-u-tekstu mojev-entity-placement\" style=\"margin-left: auto;margin-right: auto;text-align: center;\"><div class=\"mojev-adlabel\">oglas<\/div><div style=\"height: 250px;\"><script async src=\"https:\/\/pagead2.googlesyndication.com\/pagead\/js\/adsbygoogle.js?client=ca-pub-8106111766207173\"\r\n     crossorigin=\"anonymous\"><\/script>\r\n<!-- Prikazni 1 u tekstu -->\r\n<ins class=\"adsbygoogle\"\r\n     style=\"display:block\"\r\n     data-ad-client=\"ca-pub-8106111766207173\"\r\n     data-ad-slot=\"8535551207\"\r\n     data-ad-format=\"auto\"\r\n     data-full-width-responsive=\"true\"><\/ins>\r\n<script>\r\n     (adsbygoogle = window.adsbygoogle || []).push({});\r\n<\/script><\/div><\/div><br style=\"clear: both; display: block; float: none;\"\/>\n\n\n\n<p>&#8220;Razmi\u0161ljam \u010desto o va\u0161im pri\u010dama u kojima se toliki roditelji \u017eale da se osje\u0107aju ostavljeno. Razumijem njihov o\u010daj. Supruga i ja \u017eivimo na selu, od jutra do mraka svaki ide za svojim poslom, ali kad u jedan sjednemo za kuhinjski stol i zajedno ru\u010damo, prva tema su nam uvijek na\u0161a djeca i unuci.&#8221;<\/p>\n\n\n\n<p>&#8220;Pitamo je li netko od njih zvao, pa pro\u0111emo ima li netko od unu\u010dadi taj dan ispit u \u0161koli, natjecanje za vikend, jesu li zdravi. Znamo i s kim se dru\u017ee, ponekad nam povjere i neki problem bilo s prijateljima, bilo u \u0161koli, pa \u010dak i ako se malo posva\u0111aju s roditeljima&#8221;, pi\u0161e gospodin Vedran.<\/p>\n\n\n\n<p>Druga tema su im, nastavlja on, k\u0107i i sin odnosno zet i snaha. &#8220;Svaki dan razgovaramo gdje su, kad nas planiraju posjetiti, pri\u010damo o njihovim poslovnim uspjesima, renoviranju stana, putovanjima&#8221;, dodaje.<\/p>\n\n\n\n<h3 class=\"wp-block-heading\">Venu kad se nitko ne javi<\/h3>\n\n\n\n<p>Potom nas je gotovo rastu\u017eio kad je napisao da venu ako se nitko ne javi. &#8220;Ako se zaredaju dani da se nitko ne javi, mi nemamo tema, odnosno, naga\u0111amo gdje su, \u0161to se zbiva kad se nitko ne javlja. To vam je tako, i nije da nemamo drugog posla i da nam je dosadno. Jednostavno smo vezani za svoju obitelj i zanimaju nas sva na\u0161a djeca&#8221;, napisao je gospodin Vedran.<\/p>\n\n\n\n<p>Potom je lijepo zaklju\u010dio: &#8220;To se nikada ne\u0107e promijeniti. Jedva \u010dekamo \u0161kolske praznike da nam ostave unu\u010dad na selu. Samo jedna unuka, koja sada ima 17 godina, ovog ljeta ne\u0107e do\u0107i jer \u017eeli ostati s dru\u0161tvom u gradu, a potom \u0107e s prijateljicom na more. Razumijemo to, to je ta dob kad polako idu svojim putem. I to je normalan proces, va\u017eno je da se barem povremeno jave, da je svima srce na mjestu.&#8221;<\/p>\n\n\n\n<p>Jesu li i vama va\u0161a odrasla djeca svaki dan u fokusu?<\/p>\n\n\n\n<div id=\"crveno\"><\/p>\n\n\n\n<h3 class=\"wp-block-heading\">Zanima nas va\u0161a pri\u010da<\/h3>\n\n\n\n<p>\u017delite li i vi, posve anonimno, podijeliti svoje iskustvo i vi\u0111enje ove teme s nama i na\u0161im \u010ditateljima, mo\u017eete to u\u010diniti putem web obrasca <a rel=\"noreferrer noopener\" href=\"https:\/\/www.mojevrijeme.hr\/magazin\/povjerljivo\/\" target=\"_blank\">Povjerljivo<\/a>. Napi\u0161ite svoju pri\u010du!<\/p>\n\n\n\n<p><\/div>\n<div id=\"mojev-2235805513\" class=\"mojev-kraj-teksta mojev-entity-placement\" style=\"margin-bottom: 20px;margin-left: auto;margin-right: auto;text-align: center;\"><div class=\"mojev-adlabel\">oglas<\/div><div style=\"height: 250px;\"><script async src=\"https:\/\/pagead2.googlesyndication.com\/pagead\/js\/adsbygoogle.js?client=ca-pub-8106111766207173\"\r\n     crossorigin=\"anonymous\"><\/script>\r\n<!-- Display-1 -->\r\n<ins class=\"adsbygoogle\"\r\n     style=\"display:block\"\r\n     data-ad-client=\"ca-pub-8106111766207173\"\r\n     data-ad-slot=\"1465712950\"\r\n     data-ad-format=\"auto\"\r\n     data-full-width-responsive=\"true\"><\/ins>\r\n<script>\r\n     (adsbygoogle = window.adsbygoogle || []).push({});\r\n<\/script><\/div><\/div>","protected":false},"excerpt":{"rendered":"<p>U kratkom pismu mnogo je toga rekla na\u0161a usamljena \u010ditateljica Sonja; izme\u0111u redaka lako se mo\u017ee pro\u010ditati da je njezina najve\u0107a rana njezin sin koji za nju ne nalazi ni vremena ni strpljenja. Zato je odlu\u010dila okrenuti se vlastitoj sre\u0107i.<\/p>\n","protected":false},"author":17,"featured_media":108681,"comment_status":"closed","ping_status":"closed","sticky":false,"template":"","format":"standard","meta":{"footnotes":""},"categories":[3552],"tags":[879,3532,423],"class_list":["post-108665","post","type-post","status-publish","format-standard","has-post-thumbnail","hentry","category-povjerljivo","tag-otudenost","tag-roditelji-i-djeca","tag-usamljenost"],"_links":{"self":[{"href":"https:\/\/www.mojevrijeme.hr\/magazin\/wp-json\/wp\/v2\/posts\/108665","targetHints":{"allow":["GET"]}}],"collection":[{"href":"https:\/\/www.mojevrijeme.hr\/magazin\/wp-json\/wp\/v2\/posts"}],"about":[{"href":"https:\/\/www.mojevrijeme.hr\/magazin\/wp-json\/wp\/v2\/types\/post"}],"author":[{"embeddable":true,"href":"https:\/\/www.mojevrijeme.hr\/magazin\/wp-json\/wp\/v2\/users\/17"}],"replies":[{"embeddable":true,"href":"https:\/\/www.mojevrijeme.hr\/magazin\/wp-json\/wp\/v2\/comments?post=108665"}],"version-history":[{"count":0,"href":"https:\/\/www.mojevrijeme.hr\/magazin\/wp-json\/wp\/v2\/posts\/108665\/revisions"}],"wp:featuredmedia":[{"embeddable":true,"href":"https:\/\/www.mojevrijeme.hr\/magazin\/wp-json\/wp\/v2\/media\/108681"}],"wp:attachment":[{"href":"https:\/\/www.mojevrijeme.hr\/magazin\/wp-json\/wp\/v2\/media?parent=108665"}],"wp:term":[{"taxonomy":"category","embeddable":true,"href":"https:\/\/www.mojevrijeme.hr\/magazin\/wp-json\/wp\/v2\/categories?post=108665"},{"taxonomy":"post_tag","embeddable":true,"href":"https:\/\/www.mojevrijeme.hr\/magazin\/wp-json\/wp\/v2\/tags?post=108665"}],"curies":[{"name":"wp","href":"https:\/\/api.w.org\/{rel}","templated":true}]}}