{"id":108722,"date":"2024-06-15T14:25:03","date_gmt":"2024-06-15T12:25:03","guid":{"rendered":"https:\/\/www.mojevrijeme.hr\/magazin\/?p=108722"},"modified":"2024-06-15T14:28:10","modified_gmt":"2024-06-15T12:28:10","slug":"radnici-iz-srbije-odusevljeni-hrvatskom-predivne-gazde-dobra-placa","status":"publish","type":"post","link":"https:\/\/www.mojevrijeme.hr\/magazin\/2024\/06\/radnici-iz-srbije-odusevljeni-hrvatskom-predivne-gazde-dobra-placa\/","title":{"rendered":"Radnici iz Srbije odu\u0161evljeni Hrvatskom: Predivne gazde, dobra pla\u0107a&#8230;"},"content":{"rendered":"\n<p>Nikad ve\u0107e gu\u017eve ispred policijskih postaja diljem Hrvatske, u redovima se \u010dekaju radne dozvole! Iako imamo najmanji broj nezaposlenih u posljednjih nekoliko godina, i dalje se tra\u017ei radna snaga iz svih zemalja, i to ponajvi\u0161e, naravno, u turizmu, javlja <a href=\"https:\/\/vijesti.hrt.hr\/gospodarstvo\/nikad-vece-guzve-za-radne-dozvole-ispred-policijskih-postaja-11606987\" target=\"_blank\" rel=\"noreferrer noopener\">HRT<\/a>.<\/p>\n\n\n\n<p>U Novalji i Krku od ranih jutarnjih sati \u010deka se u redu jer bez radnih dozvola nema ni posla. &#8220;Naravno da sam umorna od dugotrajnog \u010dekanja, imamo mi i druge obaveze, ali tko nas pita&#8221;, ka\u017ee Svetlana iz Srbije.<\/p>\n\n\n\n<p>Dolaze prije odlaska na posao kako bi sve stigli na vrijeme. Svake je godine sve vi\u0161e zahtjeva. &#8220;9 posto vi\u0161e u odnosu na pro\u0161lu godinu za isto razdoblje i \u010dak 40 posto vi\u0161e u odnosu na 2022. godinu&#8221;, ka\u017ee\u00a0<strong>Robi Belu\u0161i\u0107<\/strong>, na\u010delnik sektora za imigraciju, dr\u017eavljanstvo i upravne poslove PU istarske.<\/p><div id=\"mojev-1137250842\" class=\"mojev-u-tekstu mojev-entity-placement\" style=\"margin-left: auto;margin-right: auto;text-align: center;\"><div class=\"mojev-adlabel\">oglas<\/div><div style=\"height: 250px;\"><script async src=\"https:\/\/pagead2.googlesyndication.com\/pagead\/js\/adsbygoogle.js?client=ca-pub-8106111766207173\"\r\n     crossorigin=\"anonymous\"><\/script>\r\n<!-- Prikazni 1 u tekstu -->\r\n<ins class=\"adsbygoogle\"\r\n     style=\"display:block\"\r\n     data-ad-client=\"ca-pub-8106111766207173\"\r\n     data-ad-slot=\"8535551207\"\r\n     data-ad-format=\"auto\"\r\n     data-full-width-responsive=\"true\"><\/ins>\r\n<script>\r\n     (adsbygoogle = window.adsbygoogle || []).push({});\r\n<\/script><\/div><\/div><br style=\"clear: both; display: block; float: none;\"\/>\n\n\n\n<p>Mnogi se na Jadran vra\u0107aju godinama. &#8220;Odu\u0161evljena sam. Imam predivne gazde, pla\u0107a je dobra, zato sam se i vratila, ne \u017ealim se&#8221;, ka\u017ee <strong>Mira<\/strong> iz Srbije, dodaju\u0107i da planira do\u0107i i dogodine. &#8220;Mislim sve pozitivno i zato sam i do\u0161ao ovamo. Uvijek sam htio raditi u Europi, Hrvatska je ostvarenje mojeg sna&#8221;, rekao je jedan od ljudi u redu za dozvolu.<\/p>\n\n\n\n<p>Najvi\u0161e radnika tra\u017ei se u Istri. Konobari, kuhari, pomo\u0107ni radnici, sprema\u010di &#8211; svih njih nedostaje. &#8220;Procjenjuje se da \u0107e ta brojka biti oko 50 tisu\u0107a, ta potreba raste iz godine u godinu, naravno, hrvatski turizam najvi\u0161e radne snage crpi iz bazena okolnih zemalja BiH, Srbije, Albanije, Kosova i Makedonije, me\u0111utim, to nije dovoljno&#8221;, ka\u017ee Monika Udovi\u010di\u0107, ravnateljica Uprave za pravne poslove Ministarstva turizma. Pa se po radnike odlazi sve dalje i dalje.<\/p>\n<div id=\"mojev-317332377\" class=\"mojev-kraj-teksta mojev-entity-placement\" style=\"margin-bottom: 20px;margin-left: auto;margin-right: auto;text-align: center;\"><div class=\"mojev-adlabel\">oglas<\/div><div style=\"height: 250px;\"><script async src=\"https:\/\/pagead2.googlesyndication.com\/pagead\/js\/adsbygoogle.js?client=ca-pub-8106111766207173\"\r\n     crossorigin=\"anonymous\"><\/script>\r\n<!-- Display-1 -->\r\n<ins class=\"adsbygoogle\"\r\n     style=\"display:block\"\r\n     data-ad-client=\"ca-pub-8106111766207173\"\r\n     data-ad-slot=\"1465712950\"\r\n     data-ad-format=\"auto\"\r\n     data-full-width-responsive=\"true\"><\/ins>\r\n<script>\r\n     (adsbygoogle = window.adsbygoogle || []).push({});\r\n<\/script><\/div><\/div>","protected":false},"excerpt":{"rendered":"<p>Najvi\u0161e radnika tra\u017ei se u Istri. Konobari, kuhari, pomo\u0107ni radnici, sprema\u010di &#8211; svih njih nedostaje. Mnogi strani radnici vra\u0107aju se godinama i jako su zadovoljni uvjetima u Hrvatskoj.<\/p>\n","protected":false},"author":1,"featured_media":108724,"comment_status":"closed","ping_status":"closed","sticky":false,"template":"","format":"standard","meta":{"footnotes":""},"categories":[9],"tags":[638,4032,964],"class_list":["post-108722","post","type-post","status-publish","format-standard","has-post-thumbnail","hentry","category-vijesti","tag-srbija","tag-strani-radnici","tag-trziste-rada"],"_links":{"self":[{"href":"https:\/\/www.mojevrijeme.hr\/magazin\/wp-json\/wp\/v2\/posts\/108722","targetHints":{"allow":["GET"]}}],"collection":[{"href":"https:\/\/www.mojevrijeme.hr\/magazin\/wp-json\/wp\/v2\/posts"}],"about":[{"href":"https:\/\/www.mojevrijeme.hr\/magazin\/wp-json\/wp\/v2\/types\/post"}],"author":[{"embeddable":true,"href":"https:\/\/www.mojevrijeme.hr\/magazin\/wp-json\/wp\/v2\/users\/1"}],"replies":[{"embeddable":true,"href":"https:\/\/www.mojevrijeme.hr\/magazin\/wp-json\/wp\/v2\/comments?post=108722"}],"version-history":[{"count":0,"href":"https:\/\/www.mojevrijeme.hr\/magazin\/wp-json\/wp\/v2\/posts\/108722\/revisions"}],"wp:featuredmedia":[{"embeddable":true,"href":"https:\/\/www.mojevrijeme.hr\/magazin\/wp-json\/wp\/v2\/media\/108724"}],"wp:attachment":[{"href":"https:\/\/www.mojevrijeme.hr\/magazin\/wp-json\/wp\/v2\/media?parent=108722"}],"wp:term":[{"taxonomy":"category","embeddable":true,"href":"https:\/\/www.mojevrijeme.hr\/magazin\/wp-json\/wp\/v2\/categories?post=108722"},{"taxonomy":"post_tag","embeddable":true,"href":"https:\/\/www.mojevrijeme.hr\/magazin\/wp-json\/wp\/v2\/tags?post=108722"}],"curies":[{"name":"wp","href":"https:\/\/api.w.org\/{rel}","templated":true}]}}