{"id":10878,"date":"2017-10-27T12:05:38","date_gmt":"2017-10-27T10:05:38","guid":{"rendered":"http:\/\/www.mojevrijeme.hr\/magazin\/?p=10878"},"modified":"2019-04-21T12:50:19","modified_gmt":"2019-04-21T10:50:19","slug":"mirogoj-zagrebacki-dragulj-kojeg-nekad-nisu-voljeli","status":"publish","type":"post","link":"https:\/\/www.mojevrijeme.hr\/magazin\/2017\/10\/mirogoj-zagrebacki-dragulj-kojeg-nekad-nisu-voljeli\/","title":{"rendered":"Mirogoj: Zagreba\u010dki dragulj kojeg nekad nisu voljeli"},"content":{"rendered":"<p>Najpoznatije park-groblje u Hrvatskoj, Mirogoj, u\u017eurbano se priprema za\u00a0Sve svete\u00a0i\u00a0Dan mrtvih. Na\u0161 fotoreporter <strong>Sandro Bura<\/strong> zabilje\u017eio je neprolaznu ljepotu ovog &#8220;grada mrtvih&#8221; kojim rado \u0161etaju \u017eivi.<\/p>\n<p>Ono \u0161to mnogi ne znaju jest da Zagrep\u010dani isprva nisu bili sretni zbog gradnje Mirogoja. Govorili su da je predaleko od grada, zaba\u010den i neprakti\u010dan. Za neke je to bio suludi i preskupi pothvat. No nakon \u0161to je slu\u017ebeno otvoren, svi su htjeli biti pokopani ba\u0161 u mirogojskim arkadama.\u00a0 \u017delite doznati ne\u0161to vi\u0161e o zanimljivoj povijesti Mirogoja, pro\u010ditajte tekst kojeg prila\u017eemo ispod galerije.<\/p>\n<style type=\"text\/css\">\n#foogallery-gallery-10880.fg-masonry { --fg-gutter: 0px; }<\/style>\n\t\t\t<div class=\"foogallery foogallery-container foogallery-masonry foogallery-lightbox-foobox fg-center fg-masonry fg-ready fg-light fg-shadow-outline fg-loading-default fg-loaded-fade-in fg-hover-fade fg-hover-zoom fg-col3\" id=\"foogallery-gallery-10880\" data-foogallery=\"{&quot;item&quot;:{&quot;showCaptionTitle&quot;:true,&quot;showCaptionDescription&quot;:false},&quot;lazy&quot;:true}\" style=\"--fg-title-line-clamp: 0; --fg-description-line-clamp: 0;\" >\n\t\t<div class=\"fg-column-width\"><\/div>\n\t<div class=\"fg-gutter-width\"><\/div>\n\t\t<div class=\"fg-item fg-type-image fg-idle\"><figure class=\"fg-item-inner\"><a href=\"https:\/\/www.mojevrijeme.hr\/magazin\/wp-content\/uploads\/2017\/10\/ciscenje-grobova-mirogoj.jpg\" data-caption-title=\"Mirogoj (foto: Sandro Bura)\" data-caption-desc=\"mirogoj, groblje, grobnice\" data-attachment-id=\"10860\" data-type=\"image\" class=\"fg-thumb\"><span class=\"fg-image-wrap\"><img decoding=\"async\" title=\"Mirogoj (foto: Sandro Bura)\" width=\"250\" height=\"167\" class=\"skip-lazy fg-image\" data-src-fg=\"https:\/\/www.mojevrijeme.hr\/magazin\/wp-content\/uploads\/cache\/2017\/10\/ciscenje-grobova-mirogoj\/2315677326.jpg\" src=\"data:image\/svg+xml,%3Csvg%20xmlns%3D%22http%3A%2F%2Fwww.w3.org%2F2000%2Fsvg%22%20width%3D%22250%22%20height%3D%22167%22%20viewBox%3D%220%200%20250%20167%22%3E%3C%2Fsvg%3E\" loading=\"eager\"><\/span><span class=\"fg-image-overlay\"><\/span><\/a><figcaption class=\"fg-caption\"><div class=\"fg-caption-inner\"><div class=\"fg-caption-title\">Mirogoj (foto: Sandro Bura)<\/div><\/div><\/figcaption><\/figure><div class=\"fg-loader\"><\/div><\/div><div class=\"fg-item fg-type-image fg-idle\"><figure class=\"fg-item-inner\"><a href=\"https:\/\/www.mojevrijeme.hr\/magazin\/wp-content\/uploads\/2017\/10\/arkade-mirogoj-5.jpg\" data-caption-title=\"Mirogoj (foto: Sandro Bura)\" data-caption-desc=\"mirogoj, groblje, arkade, kupole, zagreb\" data-attachment-id=\"10869\" data-type=\"image\" class=\"fg-thumb\"><span class=\"fg-image-wrap\"><img fetchpriority=\"high\" decoding=\"async\" title=\"Mirogoj (foto: Sandro Bura)\" width=\"250\" height=\"375\" class=\"skip-lazy fg-image\" data-src-fg=\"https:\/\/www.mojevrijeme.hr\/magazin\/wp-content\/uploads\/cache\/2017\/10\/arkade-mirogoj-5\/1033823343.jpg\" src=\"data:image\/svg+xml,%3Csvg%20xmlns%3D%22http%3A%2F%2Fwww.w3.org%2F2000%2Fsvg%22%20width%3D%22250%22%20height%3D%22375%22%20viewBox%3D%220%200%20250%20375%22%3E%3C%2Fsvg%3E\" loading=\"eager\"><\/span><span class=\"fg-image-overlay\"><\/span><\/a><figcaption class=\"fg-caption\"><div class=\"fg-caption-inner\"><div class=\"fg-caption-title\">Mirogoj (foto: Sandro Bura)<\/div><\/div><\/figcaption><\/figure><div class=\"fg-loader\"><\/div><\/div><div class=\"fg-item fg-type-image fg-idle\"><figure class=\"fg-item-inner\"><a href=\"https:\/\/www.mojevrijeme.hr\/magazin\/wp-content\/uploads\/2017\/10\/marija-bogorodica.jpg\" data-caption-title=\"Mirogoj (foto: Sandro Bura)\" data-caption-desc=\"mirogoj, groblje, bogorodica, kip, grob, spomenik\" data-attachment-id=\"10877\" data-type=\"image\" class=\"fg-thumb\"><span class=\"fg-image-wrap\"><img decoding=\"async\" title=\"Mirogoj (foto: Sandro Bura)\" width=\"250\" height=\"167\" class=\"skip-lazy fg-image\" data-src-fg=\"https:\/\/www.mojevrijeme.hr\/magazin\/wp-content\/uploads\/cache\/2017\/10\/marija-bogorodica\/674809811.jpg\" src=\"data:image\/svg+xml,%3Csvg%20xmlns%3D%22http%3A%2F%2Fwww.w3.org%2F2000%2Fsvg%22%20width%3D%22250%22%20height%3D%22167%22%20viewBox%3D%220%200%20250%20167%22%3E%3C%2Fsvg%3E\" loading=\"eager\"><\/span><span class=\"fg-image-overlay\"><\/span><\/a><figcaption class=\"fg-caption\"><div class=\"fg-caption-inner\"><div class=\"fg-caption-title\">Mirogoj (foto: Sandro Bura)<\/div><\/div><\/figcaption><\/figure><div class=\"fg-loader\"><\/div><\/div><div class=\"fg-item fg-type-image fg-idle\"><figure class=\"fg-item-inner\"><a href=\"https:\/\/www.mojevrijeme.hr\/magazin\/wp-content\/uploads\/2017\/10\/marija.jpg\" data-caption-title=\"Mirogoj (foto: Sandro Bura)\" data-caption-desc=\"mirogoj, groblje, grobnica, spomenik, smrt\" data-attachment-id=\"10876\" data-type=\"image\" class=\"fg-thumb\"><span class=\"fg-image-wrap\"><img decoding=\"async\" title=\"Mirogoj (foto: Sandro Bura)\" width=\"250\" height=\"167\" class=\"skip-lazy fg-image\" data-src-fg=\"https:\/\/www.mojevrijeme.hr\/magazin\/wp-content\/uploads\/cache\/2017\/10\/marija\/2672570067.jpg\" src=\"data:image\/svg+xml,%3Csvg%20xmlns%3D%22http%3A%2F%2Fwww.w3.org%2F2000%2Fsvg%22%20width%3D%22250%22%20height%3D%22167%22%20viewBox%3D%220%200%20250%20167%22%3E%3C%2Fsvg%3E\" loading=\"eager\"><\/span><span class=\"fg-image-overlay\"><\/span><\/a><figcaption class=\"fg-caption\"><div class=\"fg-caption-inner\"><div class=\"fg-caption-title\">Mirogoj (foto: Sandro Bura)<\/div><\/div><\/figcaption><\/figure><div class=\"fg-loader\"><\/div><\/div><div class=\"fg-item fg-type-image fg-idle\"><figure class=\"fg-item-inner\"><a href=\"https:\/\/www.mojevrijeme.hr\/magazin\/wp-content\/uploads\/2017\/10\/isus-mozaik.jpg\" data-caption-title=\"Mirogoj (foto: Sandro Bura)\" data-caption-desc=\"mirogoj, groblje, isus, mozaik\" data-attachment-id=\"10874\" data-type=\"image\" class=\"fg-thumb\"><span class=\"fg-image-wrap\"><img decoding=\"async\" title=\"Mirogoj (foto: Sandro Bura)\" width=\"250\" height=\"167\" class=\"skip-lazy fg-image\" data-src-fg=\"https:\/\/www.mojevrijeme.hr\/magazin\/wp-content\/uploads\/cache\/2017\/10\/isus-mozaik\/1099016496.jpg\" src=\"data:image\/svg+xml,%3Csvg%20xmlns%3D%22http%3A%2F%2Fwww.w3.org%2F2000%2Fsvg%22%20width%3D%22250%22%20height%3D%22167%22%20viewBox%3D%220%200%20250%20167%22%3E%3C%2Fsvg%3E\" loading=\"eager\"><\/span><span class=\"fg-image-overlay\"><\/span><\/a><figcaption class=\"fg-caption\"><div class=\"fg-caption-inner\"><div class=\"fg-caption-title\">Mirogoj (foto: Sandro Bura)<\/div><\/div><\/figcaption><\/figure><div class=\"fg-loader\"><\/div><\/div><div class=\"fg-item fg-type-image fg-idle\"><figure class=\"fg-item-inner\"><a href=\"https:\/\/www.mojevrijeme.hr\/magazin\/wp-content\/uploads\/2017\/10\/kupola-mirogoj.jpg\" data-caption-title=\"Mirogoj (foto: Sandro Bura)\" data-caption-desc=\"mirogoj, groblje, kupola, groblje, zagreb,\" data-attachment-id=\"10875\" data-type=\"image\" class=\"fg-thumb\"><span class=\"fg-image-wrap\"><img decoding=\"async\" title=\"Mirogoj (foto: Sandro Bura)\" width=\"250\" height=\"167\" class=\"skip-lazy fg-image\" data-src-fg=\"https:\/\/www.mojevrijeme.hr\/magazin\/wp-content\/uploads\/cache\/2017\/10\/kupola-mirogoj\/894416777.jpg\" src=\"data:image\/svg+xml,%3Csvg%20xmlns%3D%22http%3A%2F%2Fwww.w3.org%2F2000%2Fsvg%22%20width%3D%22250%22%20height%3D%22167%22%20viewBox%3D%220%200%20250%20167%22%3E%3C%2Fsvg%3E\" loading=\"eager\"><\/span><span class=\"fg-image-overlay\"><\/span><\/a><figcaption class=\"fg-caption\"><div class=\"fg-caption-inner\"><div class=\"fg-caption-title\">Mirogoj (foto: Sandro Bura)<\/div><\/div><\/figcaption><\/figure><div class=\"fg-loader\"><\/div><\/div><div class=\"fg-item fg-type-image fg-idle\"><figure class=\"fg-item-inner\"><a href=\"https:\/\/www.mojevrijeme.hr\/magazin\/wp-content\/uploads\/2017\/10\/grobnice-mirogoj.jpg\" data-caption-title=\"Mirogoj (foto: Sandro Bura)\" data-caption-desc=\"mirogoj, groblje, grobnice, smrt\" data-attachment-id=\"10873\" data-type=\"image\" class=\"fg-thumb\"><span class=\"fg-image-wrap\"><img decoding=\"async\" title=\"Mirogoj (foto: Sandro Bura)\" width=\"250\" height=\"167\" class=\"skip-lazy fg-image\" data-src-fg=\"https:\/\/www.mojevrijeme.hr\/magazin\/wp-content\/uploads\/cache\/2017\/10\/grobnice-mirogoj\/540184363.jpg\" src=\"data:image\/svg+xml,%3Csvg%20xmlns%3D%22http%3A%2F%2Fwww.w3.org%2F2000%2Fsvg%22%20width%3D%22250%22%20height%3D%22167%22%20viewBox%3D%220%200%20250%20167%22%3E%3C%2Fsvg%3E\" loading=\"eager\"><\/span><span class=\"fg-image-overlay\"><\/span><\/a><figcaption class=\"fg-caption\"><div class=\"fg-caption-inner\"><div class=\"fg-caption-title\">Mirogoj (foto: Sandro Bura)<\/div><\/div><\/figcaption><\/figure><div class=\"fg-loader\"><\/div><\/div><div class=\"fg-item fg-type-image fg-idle\"><figure class=\"fg-item-inner\"><a href=\"https:\/\/www.mojevrijeme.hr\/magazin\/wp-content\/uploads\/2017\/10\/bogorodica-s-djetetom.jpg\" data-caption-title=\"Mirogoj (foto: Sandro Bura)\" data-caption-desc=\"mirogoj, groblje, bogorodica, dijete, kip\" data-attachment-id=\"10872\" data-type=\"image\" class=\"fg-thumb\"><span class=\"fg-image-wrap\"><img decoding=\"async\" title=\"Mirogoj (foto: Sandro Bura)\" width=\"250\" height=\"167\" class=\"skip-lazy fg-image\" data-src-fg=\"https:\/\/www.mojevrijeme.hr\/magazin\/wp-content\/uploads\/cache\/2017\/10\/bogorodica-s-djetetom\/1372178485.jpg\" src=\"data:image\/svg+xml,%3Csvg%20xmlns%3D%22http%3A%2F%2Fwww.w3.org%2F2000%2Fsvg%22%20width%3D%22250%22%20height%3D%22167%22%20viewBox%3D%220%200%20250%20167%22%3E%3C%2Fsvg%3E\" loading=\"eager\"><\/span><span class=\"fg-image-overlay\"><\/span><\/a><figcaption class=\"fg-caption\"><div class=\"fg-caption-inner\"><div class=\"fg-caption-title\">Mirogoj (foto: Sandro Bura)<\/div><\/div><\/figcaption><\/figure><div class=\"fg-loader\"><\/div><\/div><div class=\"fg-item fg-type-image fg-idle\"><figure class=\"fg-item-inner\"><a href=\"https:\/\/www.mojevrijeme.hr\/magazin\/wp-content\/uploads\/2017\/10\/andeo-mirogoj-2.jpg\" data-caption-title=\"Mirogoj (foto: Sandro Bura)\" data-caption-desc=\"mirogoj, groblje, spomenik, kri\u017e\" data-attachment-id=\"10871\" data-type=\"image\" class=\"fg-thumb\"><span class=\"fg-image-wrap\"><img decoding=\"async\" title=\"Mirogoj (foto: Sandro Bura)\" width=\"250\" height=\"167\" class=\"skip-lazy fg-image\" data-src-fg=\"https:\/\/www.mojevrijeme.hr\/magazin\/wp-content\/uploads\/cache\/2017\/10\/andeo-mirogoj-2\/3483932145.jpg\" src=\"data:image\/svg+xml,%3Csvg%20xmlns%3D%22http%3A%2F%2Fwww.w3.org%2F2000%2Fsvg%22%20width%3D%22250%22%20height%3D%22167%22%20viewBox%3D%220%200%20250%20167%22%3E%3C%2Fsvg%3E\" loading=\"eager\"><\/span><span class=\"fg-image-overlay\"><\/span><\/a><figcaption class=\"fg-caption\"><div class=\"fg-caption-inner\"><div class=\"fg-caption-title\">Mirogoj (foto: Sandro Bura)<\/div><\/div><\/figcaption><\/figure><div class=\"fg-loader\"><\/div><\/div><div class=\"fg-item fg-type-image fg-idle\"><figure class=\"fg-item-inner\"><a href=\"https:\/\/www.mojevrijeme.hr\/magazin\/wp-content\/uploads\/2017\/10\/andeo-mirogoj.jpg\" data-caption-title=\"Mirogoj (foto: Sandro Bura)\" data-caption-desc=\"mirogoj, groblje, an\u0111eo, spomenik\" data-attachment-id=\"10870\" data-type=\"image\" class=\"fg-thumb\"><span class=\"fg-image-wrap\"><img decoding=\"async\" title=\"Mirogoj (foto: Sandro Bura)\" width=\"250\" height=\"167\" class=\"skip-lazy fg-image\" data-src-fg=\"https:\/\/www.mojevrijeme.hr\/magazin\/wp-content\/uploads\/cache\/2017\/10\/andeo-mirogoj\/232287317.jpg\" src=\"data:image\/svg+xml,%3Csvg%20xmlns%3D%22http%3A%2F%2Fwww.w3.org%2F2000%2Fsvg%22%20width%3D%22250%22%20height%3D%22167%22%20viewBox%3D%220%200%20250%20167%22%3E%3C%2Fsvg%3E\" loading=\"eager\"><\/span><span class=\"fg-image-overlay\"><\/span><\/a><figcaption class=\"fg-caption\"><div class=\"fg-caption-inner\"><div class=\"fg-caption-title\">Mirogoj (foto: Sandro Bura)<\/div><\/div><\/figcaption><\/figure><div class=\"fg-loader\"><\/div><\/div><div class=\"fg-item fg-type-image fg-idle\"><figure class=\"fg-item-inner\"><a href=\"https:\/\/www.mojevrijeme.hr\/magazin\/wp-content\/uploads\/2017\/10\/petar-preradovic-mirogoj.jpg\" data-caption-title=\"Grob Petra Preradovi\u0107a, Mirogoj (foto: Sandro Bura)\" data-caption-desc=\"mirogoj, groblje, petar preradovi\u0107,\" data-attachment-id=\"10868\" data-type=\"image\" class=\"fg-thumb\"><span class=\"fg-image-wrap\"><img decoding=\"async\" title=\"Grob Petra Preradovi\u0107a, Mirogoj (foto: Sandro Bura)\" width=\"250\" height=\"375\" class=\"skip-lazy fg-image\" data-src-fg=\"https:\/\/www.mojevrijeme.hr\/magazin\/wp-content\/uploads\/cache\/2017\/10\/petar-preradovic-mirogoj\/900386885.jpg\" src=\"data:image\/svg+xml,%3Csvg%20xmlns%3D%22http%3A%2F%2Fwww.w3.org%2F2000%2Fsvg%22%20width%3D%22250%22%20height%3D%22375%22%20viewBox%3D%220%200%20250%20375%22%3E%3C%2Fsvg%3E\" loading=\"eager\"><\/span><span class=\"fg-image-overlay\"><\/span><\/a><figcaption class=\"fg-caption\"><div class=\"fg-caption-inner\"><div class=\"fg-caption-title\">Grob Petra Preradovi\u0107a, Mirogoj (foto: Sandro Bura)<\/div><\/div><\/figcaption><\/figure><div class=\"fg-loader\"><\/div><\/div><div class=\"fg-item fg-type-image fg-idle\"><figure class=\"fg-item-inner\"><a href=\"https:\/\/www.mojevrijeme.hr\/magazin\/wp-content\/uploads\/2017\/10\/vitraj-mirigoj.jpg\" data-caption-title=\"Mirogoj (foto: Sandro Bura)\" data-caption-desc=\"mirogoj, groblje, vitraj\" data-attachment-id=\"10858\" data-type=\"image\" class=\"fg-thumb\"><span class=\"fg-image-wrap\"><img decoding=\"async\" title=\"Mirogoj (foto: Sandro Bura)\" width=\"250\" height=\"167\" class=\"skip-lazy fg-image\" data-src-fg=\"https:\/\/www.mojevrijeme.hr\/magazin\/wp-content\/uploads\/cache\/2017\/10\/vitraj-mirigoj\/120579079.jpg\" src=\"data:image\/svg+xml,%3Csvg%20xmlns%3D%22http%3A%2F%2Fwww.w3.org%2F2000%2Fsvg%22%20width%3D%22250%22%20height%3D%22167%22%20viewBox%3D%220%200%20250%20167%22%3E%3C%2Fsvg%3E\" loading=\"eager\"><\/span><span class=\"fg-image-overlay\"><\/span><\/a><figcaption class=\"fg-caption\"><div class=\"fg-caption-inner\"><div class=\"fg-caption-title\">Mirogoj (foto: Sandro Bura)<\/div><\/div><\/figcaption><\/figure><div class=\"fg-loader\"><\/div><\/div><div class=\"fg-item fg-type-image fg-idle\"><figure class=\"fg-item-inner\"><a href=\"https:\/\/www.mojevrijeme.hr\/magazin\/wp-content\/uploads\/2017\/10\/spomenik-mirogoj.jpg\" data-caption-title=\"Mirogoj (foto: Sandro Bura)\" data-caption-desc=\"mirogoj, groblje, djevica, spomenik, grob\" data-attachment-id=\"10859\" data-type=\"image\" class=\"fg-thumb\"><span class=\"fg-image-wrap\"><img decoding=\"async\" title=\"Mirogoj (foto: Sandro Bura)\" width=\"250\" height=\"167\" class=\"skip-lazy fg-image\" data-src-fg=\"https:\/\/www.mojevrijeme.hr\/magazin\/wp-content\/uploads\/cache\/2017\/10\/spomenik-mirogoj\/3493227537.jpg\" src=\"data:image\/svg+xml,%3Csvg%20xmlns%3D%22http%3A%2F%2Fwww.w3.org%2F2000%2Fsvg%22%20width%3D%22250%22%20height%3D%22167%22%20viewBox%3D%220%200%20250%20167%22%3E%3C%2Fsvg%3E\" loading=\"eager\"><\/span><span class=\"fg-image-overlay\"><\/span><\/a><figcaption class=\"fg-caption\"><div class=\"fg-caption-inner\"><div class=\"fg-caption-title\">Mirogoj (foto: Sandro Bura)<\/div><\/div><\/figcaption><\/figure><div class=\"fg-loader\"><\/div><\/div><div class=\"fg-item fg-type-image fg-idle\"><figure class=\"fg-item-inner\"><a href=\"https:\/\/www.mojevrijeme.hr\/magazin\/wp-content\/uploads\/2017\/10\/aleja-mirogoj.jpg\" data-caption-title=\"Mirogoj (foto: Sandro Bura)\" data-caption-desc=\"mirogoj, groblje, aleja, zagreb\" data-attachment-id=\"10861\" data-type=\"image\" class=\"fg-thumb\"><span class=\"fg-image-wrap\"><img decoding=\"async\" title=\"Mirogoj (foto: Sandro Bura)\" width=\"250\" height=\"167\" class=\"skip-lazy fg-image\" data-src-fg=\"https:\/\/www.mojevrijeme.hr\/magazin\/wp-content\/uploads\/cache\/2017\/10\/aleja-mirogoj\/3119447410.jpg\" src=\"data:image\/svg+xml,%3Csvg%20xmlns%3D%22http%3A%2F%2Fwww.w3.org%2F2000%2Fsvg%22%20width%3D%22250%22%20height%3D%22167%22%20viewBox%3D%220%200%20250%20167%22%3E%3C%2Fsvg%3E\" loading=\"eager\"><\/span><span class=\"fg-image-overlay\"><\/span><\/a><figcaption class=\"fg-caption\"><div class=\"fg-caption-inner\"><div class=\"fg-caption-title\">Mirogoj (foto: Sandro Bura)<\/div><\/div><\/figcaption><\/figure><div class=\"fg-loader\"><\/div><\/div><div class=\"fg-item fg-type-image fg-idle\"><figure class=\"fg-item-inner\"><a href=\"https:\/\/www.mojevrijeme.hr\/magazin\/wp-content\/uploads\/2017\/10\/kupola-sat-mirogoj.jpg\" data-caption-title=\"Mirogoj (foto: Sandro Bura)\" data-caption-desc=\"mirogoj, groblje, sat, kupola, arkade\" data-attachment-id=\"10863\" data-type=\"image\" class=\"fg-thumb\"><span class=\"fg-image-wrap\"><img decoding=\"async\" title=\"Mirogoj (foto: Sandro Bura)\" width=\"250\" height=\"167\" class=\"skip-lazy fg-image\" data-src-fg=\"https:\/\/www.mojevrijeme.hr\/magazin\/wp-content\/uploads\/cache\/2017\/10\/kupola-sat-mirogoj\/2728213.jpg\" src=\"data:image\/svg+xml,%3Csvg%20xmlns%3D%22http%3A%2F%2Fwww.w3.org%2F2000%2Fsvg%22%20width%3D%22250%22%20height%3D%22167%22%20viewBox%3D%220%200%20250%20167%22%3E%3C%2Fsvg%3E\" loading=\"eager\"><\/span><span class=\"fg-image-overlay\"><\/span><\/a><figcaption class=\"fg-caption\"><div class=\"fg-caption-inner\"><div class=\"fg-caption-title\">Mirogoj (foto: Sandro Bura)<\/div><\/div><\/figcaption><\/figure><div class=\"fg-loader\"><\/div><\/div><div class=\"fg-item fg-type-image fg-idle\"><figure class=\"fg-item-inner\"><a href=\"https:\/\/www.mojevrijeme.hr\/magazin\/wp-content\/uploads\/2017\/10\/kupola-mirogoj-2.jpg\" data-caption-title=\"Mirogoj (foto: Sandro Bura)\" data-caption-desc=\"mirogoj, groblje, kupola. arkade, zagreb\" data-attachment-id=\"10862\" data-type=\"image\" class=\"fg-thumb\"><span class=\"fg-image-wrap\"><img decoding=\"async\" title=\"Mirogoj (foto: Sandro Bura)\" width=\"250\" height=\"167\" class=\"skip-lazy fg-image\" data-src-fg=\"https:\/\/www.mojevrijeme.hr\/magazin\/wp-content\/uploads\/cache\/2017\/10\/kupola-mirogoj-2\/4229344044.jpg\" src=\"data:image\/svg+xml,%3Csvg%20xmlns%3D%22http%3A%2F%2Fwww.w3.org%2F2000%2Fsvg%22%20width%3D%22250%22%20height%3D%22167%22%20viewBox%3D%220%200%20250%20167%22%3E%3C%2Fsvg%3E\" loading=\"eager\"><\/span><span class=\"fg-image-overlay\"><\/span><\/a><figcaption class=\"fg-caption\"><div class=\"fg-caption-inner\"><div class=\"fg-caption-title\">Mirogoj (foto: Sandro Bura)<\/div><\/div><\/figcaption><\/figure><div class=\"fg-loader\"><\/div><\/div><div class=\"fg-item fg-type-image fg-idle\"><figure class=\"fg-item-inner\"><a href=\"https:\/\/www.mojevrijeme.hr\/magazin\/wp-content\/uploads\/2017\/10\/arkade-mirogoj-2.jpg\" data-caption-title=\"Mirogoj (foto: Sandro Bura)\" data-caption-desc=\"mirogoj, groblje, arkade, spomenici\" data-attachment-id=\"10864\" data-type=\"image\" class=\"fg-thumb\"><span class=\"fg-image-wrap\"><img decoding=\"async\" title=\"Mirogoj (foto: Sandro Bura)\" width=\"250\" height=\"167\" class=\"skip-lazy fg-image\" data-src-fg=\"https:\/\/www.mojevrijeme.hr\/magazin\/wp-content\/uploads\/cache\/2017\/10\/arkade-mirogoj-2\/1979922041.jpg\" src=\"data:image\/svg+xml,%3Csvg%20xmlns%3D%22http%3A%2F%2Fwww.w3.org%2F2000%2Fsvg%22%20width%3D%22250%22%20height%3D%22167%22%20viewBox%3D%220%200%20250%20167%22%3E%3C%2Fsvg%3E\" loading=\"eager\"><\/span><span class=\"fg-image-overlay\"><\/span><\/a><figcaption class=\"fg-caption\"><div class=\"fg-caption-inner\"><div class=\"fg-caption-title\">Mirogoj (foto: Sandro Bura)<\/div><\/div><\/figcaption><\/figure><div class=\"fg-loader\"><\/div><\/div><div class=\"fg-item fg-type-image fg-idle\"><figure class=\"fg-item-inner\"><a href=\"https:\/\/www.mojevrijeme.hr\/magazin\/wp-content\/uploads\/2017\/10\/arkade-mirogoj-3.jpg\" data-caption-title=\"Mirogoj (foto: Sandro Bura)\" data-caption-desc=\"mirogoj, groblje, arkade, spomenici\" data-attachment-id=\"10865\" data-type=\"image\" class=\"fg-thumb\"><span class=\"fg-image-wrap\"><img decoding=\"async\" title=\"Mirogoj (foto: Sandro Bura)\" width=\"250\" height=\"167\" class=\"skip-lazy fg-image\" data-src-fg=\"https:\/\/www.mojevrijeme.hr\/magazin\/wp-content\/uploads\/cache\/2017\/10\/arkade-mirogoj-3\/3821386598.jpg\" src=\"data:image\/svg+xml,%3Csvg%20xmlns%3D%22http%3A%2F%2Fwww.w3.org%2F2000%2Fsvg%22%20width%3D%22250%22%20height%3D%22167%22%20viewBox%3D%220%200%20250%20167%22%3E%3C%2Fsvg%3E\" loading=\"eager\"><\/span><span class=\"fg-image-overlay\"><\/span><\/a><figcaption class=\"fg-caption\"><div class=\"fg-caption-inner\"><div class=\"fg-caption-title\">Mirogoj (foto: Sandro Bura)<\/div><\/div><\/figcaption><\/figure><div class=\"fg-loader\"><\/div><\/div><div class=\"fg-item fg-type-image fg-idle\"><figure class=\"fg-item-inner\"><a href=\"https:\/\/www.mojevrijeme.hr\/magazin\/wp-content\/uploads\/2017\/10\/mirogoj.jpg\" data-caption-title=\"Mirogoj (foto: Sandro Bura)\" data-caption-desc=\"mirogoj, groblje, kupola\" data-attachment-id=\"10866\" data-type=\"image\" class=\"fg-thumb\"><span class=\"fg-image-wrap\"><img decoding=\"async\" title=\"Mirogoj (foto: Sandro Bura)\" width=\"250\" height=\"167\" class=\"skip-lazy fg-image\" data-src-fg=\"https:\/\/www.mojevrijeme.hr\/magazin\/wp-content\/uploads\/cache\/2017\/10\/mirogoj\/3774954161.jpg\" src=\"data:image\/svg+xml,%3Csvg%20xmlns%3D%22http%3A%2F%2Fwww.w3.org%2F2000%2Fsvg%22%20width%3D%22250%22%20height%3D%22167%22%20viewBox%3D%220%200%20250%20167%22%3E%3C%2Fsvg%3E\" loading=\"eager\"><\/span><span class=\"fg-image-overlay\"><\/span><\/a><figcaption class=\"fg-caption\"><div class=\"fg-caption-inner\"><div class=\"fg-caption-title\">Mirogoj (foto: Sandro Bura)<\/div><\/div><\/figcaption><\/figure><div class=\"fg-loader\"><\/div><\/div><div class=\"fg-item fg-type-image fg-idle\"><figure class=\"fg-item-inner\"><a href=\"https:\/\/www.mojevrijeme.hr\/magazin\/wp-content\/uploads\/2017\/10\/crkva-krista-kralja-mirogoj.jpg\" data-caption-title=\"Crkva Krista Kralja, Mirogoj (foto: Sandro Bura)\" data-caption-desc=\"mirogoj, groblje, crkva, kri\u017e\" data-attachment-id=\"10867\" data-type=\"image\" class=\"fg-thumb\"><span class=\"fg-image-wrap\"><img decoding=\"async\" title=\"Crkva Krista Kralja, Mirogoj (foto: Sandro Bura)\" width=\"250\" height=\"167\" class=\"skip-lazy fg-image\" data-src-fg=\"https:\/\/www.mojevrijeme.hr\/magazin\/wp-content\/uploads\/cache\/2017\/10\/crkva-krista-kralja-mirogoj\/2766269078.jpg\" src=\"data:image\/svg+xml,%3Csvg%20xmlns%3D%22http%3A%2F%2Fwww.w3.org%2F2000%2Fsvg%22%20width%3D%22250%22%20height%3D%22167%22%20viewBox%3D%220%200%20250%20167%22%3E%3C%2Fsvg%3E\" loading=\"eager\"><\/span><span class=\"fg-image-overlay\"><\/span><\/a><figcaption class=\"fg-caption\"><div class=\"fg-caption-inner\"><div class=\"fg-caption-title\">Crkva Krista Kralja, Mirogoj (foto: Sandro Bura)<\/div><\/div><\/figcaption><\/figure><div class=\"fg-loader\"><\/div><\/div><div class=\"fg-item fg-type-image fg-idle\"><figure class=\"fg-item-inner\"><a href=\"https:\/\/www.mojevrijeme.hr\/magazin\/wp-content\/uploads\/2017\/10\/raspelo-mirogoj-sredisnji-kriz.jpg\" data-caption-title=\"Mirogoj (foto: Sandro Bura)\" data-caption-desc=\"mirogoj, groblje, kri\u017e, zagreb\" data-attachment-id=\"10857\" data-type=\"image\" class=\"fg-thumb\"><span class=\"fg-image-wrap\"><img decoding=\"async\" title=\"Mirogoj (foto: Sandro Bura)\" width=\"250\" height=\"167\" class=\"skip-lazy fg-image\" data-src-fg=\"https:\/\/www.mojevrijeme.hr\/magazin\/wp-content\/uploads\/cache\/2017\/10\/raspelo-mirogoj-sredisnji-kriz\/3889917938.jpg\" src=\"data:image\/svg+xml,%3Csvg%20xmlns%3D%22http%3A%2F%2Fwww.w3.org%2F2000%2Fsvg%22%20width%3D%22250%22%20height%3D%22167%22%20viewBox%3D%220%200%20250%20167%22%3E%3C%2Fsvg%3E\" loading=\"eager\"><\/span><span class=\"fg-image-overlay\"><\/span><\/a><figcaption class=\"fg-caption\"><div class=\"fg-caption-inner\"><div class=\"fg-caption-title\">Mirogoj (foto: Sandro Bura)<\/div><\/div><\/figcaption><\/figure><div class=\"fg-loader\"><\/div><\/div><\/div>\n<div id=\"sivo\"><\/p>\n<h3>Kako je nastao Mirogoj?<\/h3>\n<p>\u0160ezdesetih godina XIX. stolje\u0107a gradska su groblja, prema pisanju tada\u0161njih novina, bila prenapu\u010dena i valjalo je prona\u0107i i osmisliti prostor za novo gradsko groblje. Za usporedbu, u Zagrebu je u to doba (1876. godine) bilo 24.000 stanovnika i deset groblja, dakle, vi\u0161e od 2.000 stanovnika na jedno groblje &#8211; dana\u0161nji Zagreb ima dvadeset i jedno groblje i mnogostruko vi\u0161e stanovnika. S tim u vezi o\u010dito je bio i dogovor tada\u0161nje gradske vlasti (gradske op\u0107ine) koja je jo\u0161 1872. godine s Nadbiskupijom dogovorila zatvaranje groblja sv. Roka (dana\u0161nji Rokov perivoj), sv. Tome i sv. Jurja. U istom dogovoru stoji da kapele sv. Roka i sv. Jurja &#8220;predaju svoju gotovinu od 17.318 forinta za kupnju novog zemlji\u0161ta za novo skupno groblje, a za uzvrat se gradska op\u0107ina obvezuje sagraditi na Mirogoju lijepu grobljansku kapelu&#8221;. Na taj su se na\u010din stekli svi uvjeti za veliku dra\u017ebu imanja dr. Ljudevita Gaja zbog ure\u0111enja kojeg je dr. Gaj zapao u veliku dugove obnoviv\u0161i o svome tro\u0161ku ljetnikovac i sagradiv\u0161i \u010dak i pristupnu cestu koja vodi na Mirogoj. Iz spomenutih razloga do te je dra\u017ebe neminovno trebalo do\u0107i nakon Gajeve smrti (u travnju 1872. godine). Ve\u0107 24. sije\u010dnja 1873. godine kupljeno je Gajevo imanje s namjerom preure\u0111enja u centralno zagreba\u010dko groblje. Taj bi se datum mogao smatrati danom osnutka zagreba\u010dkog Mirogoja. Slu\u017ebeno otvorenje groblja bilo je tek 6. studenog 1876. godine.<\/p>\n<h3>Ipak nije bio predaleko<\/h3>\n<p>Prema obe\u0107anju, gradska op\u0107ina nije dirala Gajev perivoj, a na groblju su uza sve puteve zasa\u0111eni drvoredi lipa, javora, smreka, divljeg kestena i drugih stabala. Groblje je bilo predano na uporabu 1. studenog 1876. godine. Bilo je razdijeljeno po vjerama i na razrede (prvi, drugi i tre\u0107i). U me\u0111uvremenu je bilo poprili\u010dno razli\u010ditih reakcija koje su se pokazale posve neutemeljenima, jer Mirogoj nije niti neprikladan niti previ\u0161e udaljen. Dapa\u010de, postao je jednim od najljep\u0161ih groblja u zemlji. Prvog svog stanovnika novootvoreno groblje primilo je 7. studenog 1876. godine. Bio je to gospodin Friedrich Singer, nastavnik tjelovje\u017ebe i ma\u010devanja, kojem je grad pripremio veli\u010danstven sprovod.<\/p>\n<h3>Prvi statut zajedni\u010dkog groblja<\/h3>\n<p>Ubrzo nakon otvorenja (25. studenog 1876. godine) Mirogoj je dobio i Statut skupnog groblja u kojem se ovo groblje ozna\u010duje kao op\u0107e skupno groblje za pripadnike svih vjeroispovijesti. Ujedno se isti\u010de da se svakoj od vjeroispovijesti dodjeljuje poseban prostor &#8220;primjeren broju njezinih sljedbenika&#8221;. Posebno je nagla\u0161eno da sljedbenici svih vjeroispovijesti imaju glede groblja jednaka prava i du\u017enosti.<\/p>\n<p>Uz Mirogoj je povezana jo\u0161 jedna novost. Naime, stara zagreba\u010dka groblja bila su u vlasni\u0161tvu crkava, dok je vlasnikom Mirogoja postala gradska op\u0107ina. U dokumentima se spominje Mirogojska zaklada u \u010dijem su sastavu sve nekretnine zajedno s gotovinom i pokretnom imovinom kojom raspola\u017ee isklju\u010divo gradska op\u0107ina. Dapa\u010de, otvoren je i zaseban ra\u010dun za upravljanje zakladom kojoj su pripali svi prihodi, pristojbe i koristi od op\u0107eg skupnog groblja. Ujedno se zaklada brinula i za nabavke, ure\u0111enje, uzdr\u017eavanje i upravljanje grobljem, a vi\u0161kovi su se tro\u0161ili za ure\u0111enje, \u0161irenje i poljep\u0161avanje Mirogoja.<\/p>\n<h3>Groblje za sve vjeroispovijesti<\/h3>\n<p>Groblje se sastojalo od tzv. vanjskog i unutarnjeg dijela koji su zajedno \u010dinili cjelinu. Kako se posebno navodi u jednom od \u010dlanaka Statuta &#8220;unutarnji (se) odjel odjeljuje od vanjskoga naprama zapadu u cijeloj du\u017eini velelijepom zgradom koja ima sastojati se iz grobnica pod arkadama, iz portala i iz crkava za razne vjerske obrede&#8221;.<\/p>\n<p>Podjela je postojala i prema vjeroispovijesti: odjel A bio je odre\u0111en za sljedbenike katoli\u010dke vjeroispovijesti, odjel B za pravoslavne, odjel C za protestante, dok su se u odjelu D pokapali sljedbenici \u017eidovske vjeroispovijesti. Svakoj je od spomenutih i zakonom priznatih vjeroispovijesti Statutom bilo zajam\u010deno &#8220;potpuno i neograni\u010deno vr\u0161enje vjerskih obreda kod pogreba mrtvaca na groblju&#8221;.<\/p>\n<h3>Grobnice za &#8220;vje\u010dna vremena&#8221;<\/h3>\n<p>U zasebnom odjeljku Statuta zapisano je da postoje \u010detiri vrste grobova &#8211; osobne izvanredne grobnice, redovite obiteljske grobnice, vlastiti grobovi i op\u0107eniti grobovi. Osobne izvanredne grobnice gra\u0111ene su uz dozvolu Gradskog zastupstva, redovite obiteljske grobnice nalazile su se ispod arkada i gradila ih je Grobna zaklada za svoj ra\u010dun. Prema Statutu, gra\u0111ani su takve grobnice mogli kupovati po utvr\u0111enoj cijeni uz nadoplatu kao od\u0161tetu za zemlji\u0161te. Grobnice u arkadama prodavale su se za &#8220;vje\u010dna vremena&#8221;. Isto su ih tako mogli graditi pojedinci i za vlastiti ra\u010dun uz prethodno odobrenje Gradskog poglavarstva. Statut nadalje odre\u0111uje &#8220;da je svaki posjednik obiteljske grobnice vlastan postaviti spomenik pod svodom arkada uz svoj zid&#8221; pozivaju\u0107i se pritom na &#8220;estetiku u poredanju&#8221;. Mogli su se pribavljati i vlastiti grobovi, odnosno grobovi u vlasni\u0161tvu, dok op\u0107eniti grobovi nisu prelazili u vlasni\u0161tvo. Ve\u0107 u onda\u0161njem Statutu bila je zapisana du\u017enost odr\u017eavanja groba i spomenika, kao i kaznena odredba ako se vlasnik toga ne bi dr\u017eao.<\/p>\n<p>Statut je predvi\u0111ao i utvr\u0111eni red pogreba po kojem su ljesovi koji su polagani u grobnice morali biti od lima i hermeti\u010dki zatvoreni, dok su za druge grobove smjeli biti drveni.<\/p>\n<p>Iako je nakon tog prvog Statuta zapravo sve bilo jasno, vrijeme je donosilo pote\u0161ko\u0107e. Naime, zanimanje za grobnice u arkadama stalno je raslo, a arkade su bile skupe. Prve su sagra\u0111ene tek 1879. godine, a do svr\u0161etka gradnje svih danas postoje\u0107ih arkada pro\u0161lo je punih 38 godina. Osje\u0107ala se sve ve\u0107a potreba za \u0161irenjem groblja, tako da se i Statut morao mijenjati, ali do toga dolazi tek 1913. godine.<em> (Izvor:\u00a0<a href=\"http:\/\/www.gradskagroblja.hr\" target=\"_blank\" rel=\"noopener noreferrer\">gradskagroblja.hr<\/a>)<\/em> <\/div>\n<div id=\"mojev-892228428\" class=\"mojev-kraj-teksta mojev-entity-placement\" style=\"margin-bottom: 20px;margin-left: auto;margin-right: auto;text-align: center;\"><div class=\"mojev-adlabel\">oglas<\/div><div style=\"height: 250px;\"><script async src=\"https:\/\/pagead2.googlesyndication.com\/pagead\/js\/adsbygoogle.js?client=ca-pub-8106111766207173\"\r\n     crossorigin=\"anonymous\"><\/script>\r\n<!-- Display-1 -->\r\n<ins class=\"adsbygoogle\"\r\n     style=\"display:block\"\r\n     data-ad-client=\"ca-pub-8106111766207173\"\r\n     data-ad-slot=\"1465712950\"\r\n     data-ad-format=\"auto\"\r\n     data-full-width-responsive=\"true\"><\/ins>\r\n<script>\r\n     (adsbygoogle = window.adsbygoogle || []).push({});\r\n<\/script><\/div><\/div>","protected":false},"excerpt":{"rendered":"<p> Zagrep\u010dani isprva nisu bili sretni zbog gradnje Mirogoja. Govorili su da je predaleko od grada, zaba\u010den i neprakti\u010dan. Za neke je to bio suludi i preskupi pothvat.  \u017delite doznati ne\u0161to vi\u0161e o zanimljivoj povijesti Mirogoja, pro\u010ditajte tekst kojeg prila\u017eemo ispod galerije.  <\/p>\n","protected":false},"author":2,"featured_media":10865,"comment_status":"closed","ping_status":"closed","sticky":false,"template":"","format":"gallery","meta":{"footnotes":""},"categories":[2],"tags":[972,909,67,39],"class_list":["post-10878","post","type-post","status-publish","format-gallery","has-post-thumbnail","hentry","category-mozaik","tag-galerija","tag-groblja","tag-mirogoj","tag-zagreb","post_format-post-format-gallery"],"_links":{"self":[{"href":"https:\/\/www.mojevrijeme.hr\/magazin\/wp-json\/wp\/v2\/posts\/10878","targetHints":{"allow":["GET"]}}],"collection":[{"href":"https:\/\/www.mojevrijeme.hr\/magazin\/wp-json\/wp\/v2\/posts"}],"about":[{"href":"https:\/\/www.mojevrijeme.hr\/magazin\/wp-json\/wp\/v2\/types\/post"}],"author":[{"embeddable":true,"href":"https:\/\/www.mojevrijeme.hr\/magazin\/wp-json\/wp\/v2\/users\/2"}],"replies":[{"embeddable":true,"href":"https:\/\/www.mojevrijeme.hr\/magazin\/wp-json\/wp\/v2\/comments?post=10878"}],"version-history":[{"count":0,"href":"https:\/\/www.mojevrijeme.hr\/magazin\/wp-json\/wp\/v2\/posts\/10878\/revisions"}],"wp:featuredmedia":[{"embeddable":true,"href":"https:\/\/www.mojevrijeme.hr\/magazin\/wp-json\/wp\/v2\/media\/10865"}],"wp:attachment":[{"href":"https:\/\/www.mojevrijeme.hr\/magazin\/wp-json\/wp\/v2\/media?parent=10878"}],"wp:term":[{"taxonomy":"category","embeddable":true,"href":"https:\/\/www.mojevrijeme.hr\/magazin\/wp-json\/wp\/v2\/categories?post=10878"},{"taxonomy":"post_tag","embeddable":true,"href":"https:\/\/www.mojevrijeme.hr\/magazin\/wp-json\/wp\/v2\/tags?post=10878"}],"curies":[{"name":"wp","href":"https:\/\/api.w.org\/{rel}","templated":true}]}}