{"id":108869,"date":"2024-06-17T13:11:24","date_gmt":"2024-06-17T11:11:24","guid":{"rendered":"https:\/\/www.mojevrijeme.hr\/magazin\/?p=108869"},"modified":"2024-06-17T17:50:30","modified_gmt":"2024-06-17T15:50:30","slug":"tomasevic-se-provozao-fulirom-evo-kako-i-vi-mozete-naruciti-besplatnu-voznju","status":"publish","type":"post","link":"https:\/\/www.mojevrijeme.hr\/magazin\/2024\/06\/tomasevic-se-provozao-fulirom-evo-kako-i-vi-mozete-naruciti-besplatnu-voznju\/","title":{"rendered":"Toma\u0161evi\u0107 se provozao Fulirom, evo kako i vi mo\u017eete naru\u010diti besplatnu vo\u017enju"},"content":{"rendered":"\n<p>Gradona\u010delnik Tomislav Toma\u0161evi\u0107 predstavio je na Europskom trgu pilot projekt Fulir \u2013 usluga besplatnog javnog prijevoza malim elektri\u010dnim vozilima u pje\u0161a\u010dkoj zoni gradskog sredi\u0161ta.<\/p>\n\n\n\n<p>Usluga, koju \u0107e pru\u017eati Zagreba\u010dki elektri\u010dni tramvaj d.o.o, je namijenjena prvenstveno osobama starije \u017eivotne dobi i onima s invaliditetom, ali bit \u0107e dostupna i ostalim gra\u0111anima i turistima.<\/p>\n\n\n\n<p>&#8220;Trenutno imamo na raspolaganju \u010detiri vozila u dvije smjene. U slu\u010daju ve\u0107e potra\u017enje flotu Fulira \u0107emo pove\u0107ati&#8221;, dodao je Toma\u0161evi\u0107. Objasnio je i da se elektri\u010dna vozila pune na Langovom trgu i maksimalna im je brzina 25km\/h.<\/p><div id=\"mojev-2848624277\" class=\"mojev-u-tekstu mojev-entity-placement\" style=\"margin-left: auto;margin-right: auto;text-align: center;\"><div class=\"mojev-adlabel\">oglas<\/div><div style=\"height: 250px;\"><script async src=\"https:\/\/pagead2.googlesyndication.com\/pagead\/js\/adsbygoogle.js?client=ca-pub-8106111766207173\"\r\n     crossorigin=\"anonymous\"><\/script>\r\n<!-- Prikazni 1 u tekstu -->\r\n<ins class=\"adsbygoogle\"\r\n     style=\"display:block\"\r\n     data-ad-client=\"ca-pub-8106111766207173\"\r\n     data-ad-slot=\"8535551207\"\r\n     data-ad-format=\"auto\"\r\n     data-full-width-responsive=\"true\"><\/ins>\r\n<script>\r\n     (adsbygoogle = window.adsbygoogle || []).push({});\r\n<\/script><\/div><\/div><br style=\"clear: both; display: block; float: none;\"\/>\n\n\n\n<p>Mali elektri\u010dni automobili kapaciteta 5 putnika plus voza\u010d, dostupni su od 08:00 do 20:00 sati, svaki dan sve do kraja listopada, a vo\u017enja se mo\u017ee naru\u010diti putem telefona na brojeve 091\/1111-425 i 091\/1111-426. Voza\u010di \u0107e sami odgovarati na pozive i dogovarati lokacije i rute u krugu od Dra\u0161kovi\u0107eve do Frankopanske.<\/p>\n<div id=\"mojev-763511729\" class=\"mojev-kraj-teksta mojev-entity-placement\" style=\"margin-bottom: 20px;margin-left: auto;margin-right: auto;text-align: center;\"><div class=\"mojev-adlabel\">oglas<\/div><div style=\"height: 250px;\"><script async src=\"https:\/\/pagead2.googlesyndication.com\/pagead\/js\/adsbygoogle.js?client=ca-pub-8106111766207173\"\r\n     crossorigin=\"anonymous\"><\/script>\r\n<!-- Display-1 -->\r\n<ins class=\"adsbygoogle\"\r\n     style=\"display:block\"\r\n     data-ad-client=\"ca-pub-8106111766207173\"\r\n     data-ad-slot=\"1465712950\"\r\n     data-ad-format=\"auto\"\r\n     data-full-width-responsive=\"true\"><\/ins>\r\n<script>\r\n     (adsbygoogle = window.adsbygoogle || []).push({});\r\n<\/script><\/div><\/div>","protected":false},"excerpt":{"rendered":"<p>Naziv Fulir izabran je u \u010dast nezaboravnog lika iz najzagreba\u010dkijeg filma &#8216;Tko pjeva zlo ne misli&#8217;, a koncept je inspiriran uspje\u0161nim modelom Kavalira u Ljubljani.<\/p>\n","protected":false},"author":1,"featured_media":108870,"comment_status":"closed","ping_status":"closed","sticky":false,"template":"","format":"standard","meta":{"footnotes":""},"categories":[9],"tags":[4029,878,39],"class_list":["post-108869","post","type-post","status-publish","format-standard","has-post-thumbnail","hentry","category-vijesti","tag-fulir","tag-javni-prijevoz","tag-zagreb"],"_links":{"self":[{"href":"https:\/\/www.mojevrijeme.hr\/magazin\/wp-json\/wp\/v2\/posts\/108869","targetHints":{"allow":["GET"]}}],"collection":[{"href":"https:\/\/www.mojevrijeme.hr\/magazin\/wp-json\/wp\/v2\/posts"}],"about":[{"href":"https:\/\/www.mojevrijeme.hr\/magazin\/wp-json\/wp\/v2\/types\/post"}],"author":[{"embeddable":true,"href":"https:\/\/www.mojevrijeme.hr\/magazin\/wp-json\/wp\/v2\/users\/1"}],"replies":[{"embeddable":true,"href":"https:\/\/www.mojevrijeme.hr\/magazin\/wp-json\/wp\/v2\/comments?post=108869"}],"version-history":[{"count":0,"href":"https:\/\/www.mojevrijeme.hr\/magazin\/wp-json\/wp\/v2\/posts\/108869\/revisions"}],"wp:featuredmedia":[{"embeddable":true,"href":"https:\/\/www.mojevrijeme.hr\/magazin\/wp-json\/wp\/v2\/media\/108870"}],"wp:attachment":[{"href":"https:\/\/www.mojevrijeme.hr\/magazin\/wp-json\/wp\/v2\/media?parent=108869"}],"wp:term":[{"taxonomy":"category","embeddable":true,"href":"https:\/\/www.mojevrijeme.hr\/magazin\/wp-json\/wp\/v2\/categories?post=108869"},{"taxonomy":"post_tag","embeddable":true,"href":"https:\/\/www.mojevrijeme.hr\/magazin\/wp-json\/wp\/v2\/tags?post=108869"}],"curies":[{"name":"wp","href":"https:\/\/api.w.org\/{rel}","templated":true}]}}