{"id":108978,"date":"2024-06-19T12:10:47","date_gmt":"2024-06-19T10:10:47","guid":{"rendered":"https:\/\/www.mojevrijeme.hr\/magazin\/?p=108978"},"modified":"2024-06-19T13:25:11","modified_gmt":"2024-06-19T11:25:11","slug":"znam-da-moja-kci-nije-zavrijedila-kucu-ali-ipak-cu-joj-je-darovati","status":"publish","type":"post","link":"https:\/\/www.mojevrijeme.hr\/magazin\/2024\/06\/znam-da-moja-kci-nije-zavrijedila-kucu-ali-ipak-cu-joj-je-darovati\/","title":{"rendered":"&#8216;Znam da moja k\u0107i nije zavrijedila ku\u0107u, ali ipak \u0107u joj je darovati&#8217;"},"content":{"rendered":"\n<p><strong>Gospo\u0111i Mariji<\/strong> i njenom pokojnom suprugu njezini su roditelji nakon vjen\u010danja ustupili stan u ku\u0107i. Imali su jednu k\u0107i i tu su ostali cijeli \u017eivot. &#8220;Ku\u0107a se vodila na roditelje, ostavili su je meni kao jedinoj nasljednici. Suprug je umro od sr\u010danog zastoja prije mog oca, tako da iako je u ku\u0107u ulagao, nikad nije tra\u017eio suvlasni\u0161tvo&#8221;, obja\u0161njava.<\/p>\n\n\n\n<p>Kad su joj i roditelji umrli, ona je preselila na gornji kat, koji je bio malo ve\u0107i, jer je u donjem dijelu i gara\u017ea. &#8220;U na\u0161em stanu u prizemlju je kratko \u017eivjela k\u0107i, a onda je odselila u Italiju. Ja sam tada prizemlje iznajmila i obe\u0107ala joj da \u0107u joj pomo\u0107i novcima od najma. Kako mi je sjela stanarina, tako sam prebacila njoj iako nismo bile u najboljim odnosima&#8221;, otkriva.<\/p>\n\n\n\n<h3 class=\"wp-block-heading\">K\u0107i nikad zadovoljna<\/h3>\n\n\n\n<p>K\u0107i ju je, obja\u0161njava, uvijek krivila za sve. &#8220;Kriva sam bila \u0161to joj je rano umro otac, \u0161to ima problema s de\u010dkom, \u0161to ne razgovara s pola grada, \u0161to nemamo vi\u0161e novaca, uvijek ne\u0161to. \u0160to god sam rekla, napravila, nikad zadovoljna. Prije odlaska rekla mi je da jedva \u010deka da me vi\u0161e ne mora gledati&#8221;, priznaje.<\/p><div id=\"mojev-45041704\" class=\"mojev-u-tekstu mojev-entity-placement\" style=\"margin-left: auto;margin-right: auto;text-align: center;\"><div class=\"mojev-adlabel\">oglas<\/div><div style=\"height: 250px;\"><script async src=\"https:\/\/pagead2.googlesyndication.com\/pagead\/js\/adsbygoogle.js?client=ca-pub-8106111766207173\"\r\n     crossorigin=\"anonymous\"><\/script>\r\n<!-- Prikazni 1 u tekstu -->\r\n<ins class=\"adsbygoogle\"\r\n     style=\"display:block\"\r\n     data-ad-client=\"ca-pub-8106111766207173\"\r\n     data-ad-slot=\"8535551207\"\r\n     data-ad-format=\"auto\"\r\n     data-full-width-responsive=\"true\"><\/ins>\r\n<script>\r\n     (adsbygoogle = window.adsbygoogle || []).push({});\r\n<\/script><\/div><\/div><br style=\"clear: both; display: block; float: none;\"\/>\n\n\n\n<p>&#8220;Moj je \u017eivotni prioritet bila moja obitelj, radila sam mukotrpno na poslu i kod ku\u0107e, \u017eivjeli smo skromno, ali uvijek je bilo skuhano, \u010disto, opeglano i u k\u0107eri sam vidjela sve. Odricala sam i cipela i haljina, nikad nisam mislila na sebe, sve je i\u0161lo za nju. Ipak nije bila zadovoljna. Majka njezine prijateljice bila je direktorica, a ja sam radila u robnoj ku\u0107i. Ne \u017eelite znati koliko mi je puta to spo\u010ditala. Koliko puta sam se uhvatila kako perem su\u0111e i teku mi suze&#8221;, doznajemo.<\/p>\n\n\n\n<h3 class=\"wp-block-heading\">I danas \u017eivi &#8211; za nju<\/h3>\n\n\n\n<p>&#8220;\u017divjela sam za nju, i danas je tako. Razo\u010darana sam, da, i svjesna da se ona ne\u0107e vratiti i da \u0107u morati u stara\u010dki dom. Dio novca od iznajmljivanja zadr\u017eim jedino ako imam popravke na ku\u0107i, na sebe ne tro\u0161im nikada. Mogla bih \u010dak i prodati ku\u0107u s oba stana i oti\u0107i u garsonijeru pa bi mi ostalo za lijep \u017eivot pod ove stare dane. Ali, ne mogu to prodati zbog nje, \u017eelim da joj ostane neka vrijednost.&#8221;<\/p>\n\n\n\n<p>&#8220;Kad onemo\u0107am, moja skromna penzija plus najam dva stana u ku\u0107i trebalo bi pokriti tro\u0161kove doma, a kad me ne bude neka joj sve ostane. Problem je taj \u0161to sada \u017eivotarim, pokrijem si osnovno i to je to, penzija mizerna. No, odlu\u010dila sam da \u0107u k\u0107eri ipak sa\u010duvati ku\u0107u, unato\u010d na\u0161im ne ba\u0161 sretnim odnosima&#8221;, zaklju\u010dila je.<\/p>\n\n\n\n<div id=\"crveno\"><\/p>\n\n\n\n<h3 class=\"wp-block-heading\">Zanima nas va\u0161a pri\u010da<\/h3>\n\n\n\n<p>\u017delite li i vi, posve anonimno, podijeliti svoje iskustvo i vi\u0111enje ove teme s nama i na\u0161im \u010ditateljima, mo\u017eete to u\u010diniti putem web obrasca <a rel=\"noreferrer noopener\" href=\"https:\/\/www.mojevrijeme.hr\/magazin\/povjerljivo\/\" target=\"_blank\">Povjerljivo<\/a>. Napi\u0161ite svoju pri\u010du!<\/p>\n\n\n\n<p><\/div>\n<div id=\"mojev-397377909\" class=\"mojev-kraj-teksta mojev-entity-placement\" style=\"margin-bottom: 20px;margin-left: auto;margin-right: auto;text-align: center;\"><div class=\"mojev-adlabel\">oglas<\/div><div style=\"height: 250px;\"><script async src=\"https:\/\/pagead2.googlesyndication.com\/pagead\/js\/adsbygoogle.js?client=ca-pub-8106111766207173\"\r\n     crossorigin=\"anonymous\"><\/script>\r\n<!-- Display-1 -->\r\n<ins class=\"adsbygoogle\"\r\n     style=\"display:block\"\r\n     data-ad-client=\"ca-pub-8106111766207173\"\r\n     data-ad-slot=\"1465712950\"\r\n     data-ad-format=\"auto\"\r\n     data-full-width-responsive=\"true\"><\/ins>\r\n<script>\r\n     (adsbygoogle = window.adsbygoogle || []).push({});\r\n<\/script><\/div><\/div>","protected":false},"excerpt":{"rendered":"<p>Krv nije voda, svjedo\u010di u pismu na\u0161a \u010ditateljica Marija (76), udovica ve\u0107 godinama. \u017divi sama, k\u0107i je oti\u0161la \u017eivjeti u Italiju jo\u0161 prije dvadesetak godina. Rijetko je nazove, obi\u010dno da joj ne\u0161to iz \u010dista mira spo\u010dita, a zadnji put ju je vidjela prije \u010detiri godine. Unato\u010d svemu, ostavit \u0107e joj sve.  <\/p>\n","protected":false},"author":17,"featured_media":109003,"comment_status":"closed","ping_status":"closed","sticky":false,"template":"","format":"standard","meta":{"footnotes":""},"categories":[3552],"tags":[3600,2432,2748],"class_list":["post-108978","post","type-post","status-publish","format-standard","has-post-thumbnail","hentry","category-povjerljivo","tag-majke-i-kceri","tag-nasljedstvo","tag-raspolaganje-imovinom"],"_links":{"self":[{"href":"https:\/\/www.mojevrijeme.hr\/magazin\/wp-json\/wp\/v2\/posts\/108978","targetHints":{"allow":["GET"]}}],"collection":[{"href":"https:\/\/www.mojevrijeme.hr\/magazin\/wp-json\/wp\/v2\/posts"}],"about":[{"href":"https:\/\/www.mojevrijeme.hr\/magazin\/wp-json\/wp\/v2\/types\/post"}],"author":[{"embeddable":true,"href":"https:\/\/www.mojevrijeme.hr\/magazin\/wp-json\/wp\/v2\/users\/17"}],"replies":[{"embeddable":true,"href":"https:\/\/www.mojevrijeme.hr\/magazin\/wp-json\/wp\/v2\/comments?post=108978"}],"version-history":[{"count":0,"href":"https:\/\/www.mojevrijeme.hr\/magazin\/wp-json\/wp\/v2\/posts\/108978\/revisions"}],"wp:featuredmedia":[{"embeddable":true,"href":"https:\/\/www.mojevrijeme.hr\/magazin\/wp-json\/wp\/v2\/media\/109003"}],"wp:attachment":[{"href":"https:\/\/www.mojevrijeme.hr\/magazin\/wp-json\/wp\/v2\/media?parent=108978"}],"wp:term":[{"taxonomy":"category","embeddable":true,"href":"https:\/\/www.mojevrijeme.hr\/magazin\/wp-json\/wp\/v2\/categories?post=108978"},{"taxonomy":"post_tag","embeddable":true,"href":"https:\/\/www.mojevrijeme.hr\/magazin\/wp-json\/wp\/v2\/tags?post=108978"}],"curies":[{"name":"wp","href":"https:\/\/api.w.org\/{rel}","templated":true}]}}