{"id":109031,"date":"2024-06-22T10:36:46","date_gmt":"2024-06-22T08:36:46","guid":{"rendered":"https:\/\/www.mojevrijeme.hr\/magazin\/?p=109031"},"modified":"2024-06-22T10:37:45","modified_gmt":"2024-06-22T08:37:45","slug":"ostavila-me-kad-sam-rekao-da-cu-sve-prepisati-na-kcer-iz-prvog-braka","status":"publish","type":"post","link":"https:\/\/www.mojevrijeme.hr\/magazin\/2024\/06\/ostavila-me-kad-sam-rekao-da-cu-sve-prepisati-na-kcer-iz-prvog-braka\/","title":{"rendered":"&#8216;Ostavila me kad sam rekao da \u0107u sve prepisati na k\u0107er iz prvog braka&#8217;"},"content":{"rendered":"\n<p>Jedanaest lijepih godina proveo je <strong>gospodin Tomislav (75)<\/strong> sa \u017eenom za koju je vjerovao da \u0107e s njim do\u010dekati duboku starost. Po\u0161tovao ju je i volio, pru\u017eio joj svoj dom, pla\u0107ao re\u017eije, \u010dak su se i dobro slagali. Presudilo im je, povjerava nam, to \u0161to je ona o\u010dekivala da \u0107e joj ostaviti svoju ku\u0107u u kojoj su \u017eivjeli.<\/p>\n\n\n\n<p>&#8220;Ako umrem prije nje, ne bi ona ostala bez krova nad glavom jer ima stan u gradu iz kojeg je i do\u0161la \u017eivjeti k meni. Iznajmljivala ga je i lijepo \u017eivjela s 400 eura dodatno na mirovinu, ja sam ovdje pla\u0107ao sve re\u017eije. Mislio sam da imamo korektan i dobar odnos, ne znam \u0161to joj je trebala moja ku\u0107a&#8221;, govori.<\/p>\n\n\n\n<h3 class=\"wp-block-heading\">&#8220;Ne\u0161to si je utuvila u glavu&#8221;<\/h3>\n\n\n\n<p>&#8220;Trebala je shvatiti me, ipak sam ja cijeli \u017eivot sve ovo stvarao s biv\u0161om suprugom s kojoj sam odgajao k\u0107er tijekom 35 godi\u0161njeg braka. Meni je najnormalnije da svojoj k\u0107eri i svojim unucima ostavim nasljedstvo. Kad sam to rekao, uvrijedila se, vikala da \u0107e ona morati iseliti kad umrem. Nikad je nisam vidio tako ljutitu i bezobraznu. Rekao sam joj samo da je takav \u017eivot i na\u0161e \u017eivotne prilike&#8221;, povjerava nam.<\/p><div id=\"mojev-4200419178\" class=\"mojev-u-tekstu mojev-entity-placement\" style=\"margin-left: auto;margin-right: auto;text-align: center;\"><div class=\"mojev-adlabel\">oglas<\/div><div style=\"height: 250px;\"><script async src=\"https:\/\/pagead2.googlesyndication.com\/pagead\/js\/adsbygoogle.js?client=ca-pub-8106111766207173\"\r\n     crossorigin=\"anonymous\"><\/script>\r\n<!-- Prikazni 1 u tekstu -->\r\n<ins class=\"adsbygoogle\"\r\n     style=\"display:block\"\r\n     data-ad-client=\"ca-pub-8106111766207173\"\r\n     data-ad-slot=\"8535551207\"\r\n     data-ad-format=\"auto\"\r\n     data-full-width-responsive=\"true\"><\/ins>\r\n<script>\r\n     (adsbygoogle = window.adsbygoogle || []).push({});\r\n<\/script><\/div><\/div><br style=\"clear: both; display: block; float: none;\"\/>\n\n\n\n<p>Pri\u010da potom, ne bi mogao ni zamisliti da to pripadne njoj i njezinoj djeci, nema mu to smisla. &#8220;Tu sam ostao \u010dvrst, nema ona \u0161to raspolagati s mojom imovinom, kao \u0161to ni ja ne bih tra\u017eio ni\u0161ta od nje. Imala je uz mene sve \u0161to je htjela, \u017eivjeli smo lijepo, imali smo vrt, vozio sam je u grad i \u010dekao po pola dana da si obavi \u0161to god je htjela. Ne znam \u0161to si je utuvila u glavu&#8221;, ka\u017ee jo\u0161 uvijek uzrujan zbog svega.<\/p>\n\n\n\n<h3 class=\"wp-block-heading\">Oboje su patili<\/h3>\n\n\n\n<p>&#8220;Bilo mi je krivo kad je oti\u0161la, evo \u010dujem preko prijatelja da je ne\u0161to bolesna. Sigurno je i nju to sve pogodilo, nema sumnje. Ja sam bio godinama sam nakon razvoda, mogu odsad biti i zauvijek sam. Ne \u017eelim ponoviti istu pogre\u0161ku dvaput i vjerovati jo\u0161 jednom krivoj osobi. Imam dobru mirovinu i mogu sve sam, hvala Bogu. Odem svaki dan malo susjedu koji je isto samac, poma\u017eemo si kad zatreba&#8221;, govori.<\/p>\n\n\n\n<p>Supruga i on podijelili su imovinu tako da ju je on isplatio, a ona je s tim novcima isplatila brata i oti\u0161la \u017eivjeti u roditeljsku ku\u0107u. &#8220;Kod mene je sve crno na bijelo, prakti\u010dar sam, nikome nisam ni\u0161ta du\u017ean. Bio sam obrtnik i sve \u0161to imam sam sam zaradio. Toliko od mene&#8221;, iskreno nam je ispri\u010dao ovaj vitalni umirovljenik. \u0160to mislite, tko je u pravu?<\/p>\n\n\n\n<div id=\"crveno\"><\/p>\n\n\n\n<h3 class=\"wp-block-heading\">Zanima nas va\u0161a pri\u010da<\/h3>\n\n\n\n<p>\u017delite li i vi, posve anonimno, podijeliti svoje iskustvo i vi\u0111enje ove teme s nama i na\u0161im \u010ditateljima, mo\u017eete to u\u010diniti putem web obrasca <a rel=\"noreferrer noopener\" href=\"https:\/\/www.mojevrijeme.hr\/magazin\/povjerljivo\/\" target=\"_blank\">Povjerljivo<\/a>. Napi\u0161ite svoju pri\u010du!<\/p>\n\n\n\n<p><\/div>\n<div id=\"mojev-3280257506\" class=\"mojev-kraj-teksta mojev-entity-placement\" style=\"margin-bottom: 20px;margin-left: auto;margin-right: auto;text-align: center;\"><div class=\"mojev-adlabel\">oglas<\/div><div style=\"height: 250px;\"><script async src=\"https:\/\/pagead2.googlesyndication.com\/pagead\/js\/adsbygoogle.js?client=ca-pub-8106111766207173\"\r\n     crossorigin=\"anonymous\"><\/script>\r\n<!-- Display-1 -->\r\n<ins class=\"adsbygoogle\"\r\n     style=\"display:block\"\r\n     data-ad-client=\"ca-pub-8106111766207173\"\r\n     data-ad-slot=\"1465712950\"\r\n     data-ad-format=\"auto\"\r\n     data-full-width-responsive=\"true\"><\/ins>\r\n<script>\r\n     (adsbygoogle = window.adsbygoogle || []).push({});\r\n<\/script><\/div><\/div>","protected":false},"excerpt":{"rendered":"<p>Ne mo\u017ee rije\u010dima do\u010darati, govori nam gospodin Tomislav (75), kakvo je razo\u010daranje do\u017eivio prije sedam mjeseci, kad se \u017eena s kojom je \u017eivio nakon razvoda iselila iz njegove ku\u0107e. Bila je, ka\u017ee, smrtno uvrije\u0111ena kad je uvidjela da je svu svoju imovinu odlu\u010dio prepisati na k\u0107er iz prvog braka.<\/p>\n","protected":false},"author":17,"featured_media":109155,"comment_status":"closed","ping_status":"closed","sticky":false,"template":"","format":"standard","meta":{"footnotes":""},"categories":[3552],"tags":[918,2432,252],"class_list":["post-109031","post","type-post","status-publish","format-standard","has-post-thumbnail","hentry","category-povjerljivo","tag-imovina","tag-nasljedstvo","tag-razvod"],"_links":{"self":[{"href":"https:\/\/www.mojevrijeme.hr\/magazin\/wp-json\/wp\/v2\/posts\/109031","targetHints":{"allow":["GET"]}}],"collection":[{"href":"https:\/\/www.mojevrijeme.hr\/magazin\/wp-json\/wp\/v2\/posts"}],"about":[{"href":"https:\/\/www.mojevrijeme.hr\/magazin\/wp-json\/wp\/v2\/types\/post"}],"author":[{"embeddable":true,"href":"https:\/\/www.mojevrijeme.hr\/magazin\/wp-json\/wp\/v2\/users\/17"}],"replies":[{"embeddable":true,"href":"https:\/\/www.mojevrijeme.hr\/magazin\/wp-json\/wp\/v2\/comments?post=109031"}],"version-history":[{"count":0,"href":"https:\/\/www.mojevrijeme.hr\/magazin\/wp-json\/wp\/v2\/posts\/109031\/revisions"}],"wp:featuredmedia":[{"embeddable":true,"href":"https:\/\/www.mojevrijeme.hr\/magazin\/wp-json\/wp\/v2\/media\/109155"}],"wp:attachment":[{"href":"https:\/\/www.mojevrijeme.hr\/magazin\/wp-json\/wp\/v2\/media?parent=109031"}],"wp:term":[{"taxonomy":"category","embeddable":true,"href":"https:\/\/www.mojevrijeme.hr\/magazin\/wp-json\/wp\/v2\/categories?post=109031"},{"taxonomy":"post_tag","embeddable":true,"href":"https:\/\/www.mojevrijeme.hr\/magazin\/wp-json\/wp\/v2\/tags?post=109031"}],"curies":[{"name":"wp","href":"https:\/\/api.w.org\/{rel}","templated":true}]}}