{"id":109044,"date":"2024-06-20T13:50:36","date_gmt":"2024-06-20T11:50:36","guid":{"rendered":"https:\/\/www.mojevrijeme.hr\/magazin\/?p=109044"},"modified":"2024-06-20T13:50:40","modified_gmt":"2024-06-20T11:50:40","slug":"jednokrevetna-soba-s-balkonom-792-eura-cijene-domova-divljaju","status":"publish","type":"post","link":"https:\/\/www.mojevrijeme.hr\/magazin\/2024\/06\/jednokrevetna-soba-s-balkonom-792-eura-cijene-domova-divljaju\/","title":{"rendered":"Jednokrevetna soba s balkonom &#8211; 792 eura, cijene domova divljaju"},"content":{"rendered":"\n<p>Dom za starije i nemo\u0107ne osobe Koprivnica iako posluje pozitivno, ne mo\u017ee s raspolo\u017eim sredstvima pokrivati svoje potrebe pa \u0107e s prvim danom srpnja cijene u domu biti pove\u0107ane. Potvrdila je to za RKC ravnateljica Doma \u017deljka Koluder-Vlahinja koja je navela da je ovakav potez najavljivan u nekoliko navrata, a ustanova kojom upravlja cijene nije podizala od 2022. godine, prenosi <a href=\"https:\/\/podravski.hr\/jednokrevetna-soba-s-balkonom-od-srpnja-ce-kostati-792-eura\/\" target=\"_blank\" rel=\"noreferrer noopener\">Podravski<\/a>.<\/p>\n\n\n\n<p>&#8220;O tome smo razgovarali s na\u0161im osniva\u010dem \u017dupanijom. Upoznali smo ih s novim okolnostima, od poskupljenja cijena prehrane, medicinskog materijala, opreme, pa do usluga svih vrsta. Tu je i odr\u017eavanje zgrade stare 35 godina koja zahtjeva odre\u0111ena ulaganja da bi sa\u010duvali standard&#8221;, poja\u0161njava ravnateljica.<\/p>\n\n\n\n<p>Dodaje da je i Vlada u me\u0111uvremenu donijela odre\u0111ene odluke i zakone, prije svega o pla\u0107ama i novu uredbu o obra\u010dunu pla\u0107a zaposlenika u javnim slu\u017ebama, \u0161to je tako\u0111er vodilo podizanju cijena u Domu.<\/p><div id=\"mojev-1656849948\" class=\"mojev-u-tekstu mojev-entity-placement\" style=\"margin-left: auto;margin-right: auto;text-align: center;\"><div class=\"mojev-adlabel\">oglas<\/div><div style=\"height: 250px;\"><script async src=\"https:\/\/pagead2.googlesyndication.com\/pagead\/js\/adsbygoogle.js?client=ca-pub-8106111766207173\"\r\n     crossorigin=\"anonymous\"><\/script>\r\n<!-- Prikazni 1 u tekstu -->\r\n<ins class=\"adsbygoogle\"\r\n     style=\"display:block\"\r\n     data-ad-client=\"ca-pub-8106111766207173\"\r\n     data-ad-slot=\"8535551207\"\r\n     data-ad-format=\"auto\"\r\n     data-full-width-responsive=\"true\"><\/ins>\r\n<script>\r\n     (adsbygoogle = window.adsbygoogle || []).push({});\r\n<\/script><\/div><\/div><br style=\"clear: both; display: block; float: none;\"\/>\n\n\n\n<p>Najve\u0107e poskupljenje odnosi se na jednokrevetne sobe. &#8220;One su odre\u0111eni nadstandard, korisniku pru\u017eaju puno ve\u0107u komociju i razinu intimnosti i svi \u017eele biti u tim sobama. Raspola\u017eemo s 24 sobe, svi ostali su smje\u0161teni u dvokrevetne i trokrevetne sobe. Upravo zbog toga smo ih poskupili za 40 posto, dok smo sve ostale kategorije soba i smje\u0161taja u prosjeku podigli za 25 posto&#8221;, navodi ravnateljica. <\/p>\n\n\n\n<p>Tako jedna soba s balkonom u stanarskom djelu, koja je prije ko\u0161tala 566 eura, po novom ko\u0161ta 792 eura. Ostale kategorije nisu toliko puno i drasti\u010dno promijenile cijenu, tuma\u010di Koluder-Vlahinja, ali \u017eivot u jednokrevetnoj sobi nije ni sli\u010dan dvokrevetnoj, u kojima se cijena po novom kre\u0107e izme\u0111u 608 i 640 eura, ovisno ima li balkon ili ne i tu je cijena pove\u0107ana za nekih 120 eura.<\/p>\n<div id=\"mojev-3737054295\" class=\"mojev-kraj-teksta mojev-entity-placement\" style=\"margin-bottom: 20px;margin-left: auto;margin-right: auto;text-align: center;\"><div class=\"mojev-adlabel\">oglas<\/div><div style=\"height: 250px;\"><script async src=\"https:\/\/pagead2.googlesyndication.com\/pagead\/js\/adsbygoogle.js?client=ca-pub-8106111766207173\"\r\n     crossorigin=\"anonymous\"><\/script>\r\n<!-- Display-1 -->\r\n<ins class=\"adsbygoogle\"\r\n     style=\"display:block\"\r\n     data-ad-client=\"ca-pub-8106111766207173\"\r\n     data-ad-slot=\"1465712950\"\r\n     data-ad-format=\"auto\"\r\n     data-full-width-responsive=\"true\"><\/ins>\r\n<script>\r\n     (adsbygoogle = window.adsbygoogle || []).push({});\r\n<\/script><\/div><\/div>","protected":false},"excerpt":{"rendered":"<p>Interes ne\u0107e pasti, on je velik bez obzira na poskupljenje jednokrevetnih soba, a korisnici koji \u017eive u dvokrevetnim sobama bez obzira na sve izra\u017eavaju \u017eelju da se presele u jednokrevetnu sobu, potvr\u0111uje ravnateljica.<\/p>\n","protected":false},"author":1,"featured_media":62385,"comment_status":"closed","ping_status":"closed","sticky":false,"template":"","format":"standard","meta":{"footnotes":""},"categories":[9],"tags":[2669,1155,236],"class_list":["post-109044","post","type-post","status-publish","format-standard","has-post-thumbnail","hentry","category-vijesti","tag-domovi","tag-koprivnica","tag-standard"],"_links":{"self":[{"href":"https:\/\/www.mojevrijeme.hr\/magazin\/wp-json\/wp\/v2\/posts\/109044","targetHints":{"allow":["GET"]}}],"collection":[{"href":"https:\/\/www.mojevrijeme.hr\/magazin\/wp-json\/wp\/v2\/posts"}],"about":[{"href":"https:\/\/www.mojevrijeme.hr\/magazin\/wp-json\/wp\/v2\/types\/post"}],"author":[{"embeddable":true,"href":"https:\/\/www.mojevrijeme.hr\/magazin\/wp-json\/wp\/v2\/users\/1"}],"replies":[{"embeddable":true,"href":"https:\/\/www.mojevrijeme.hr\/magazin\/wp-json\/wp\/v2\/comments?post=109044"}],"version-history":[{"count":0,"href":"https:\/\/www.mojevrijeme.hr\/magazin\/wp-json\/wp\/v2\/posts\/109044\/revisions"}],"wp:featuredmedia":[{"embeddable":true,"href":"https:\/\/www.mojevrijeme.hr\/magazin\/wp-json\/wp\/v2\/media\/62385"}],"wp:attachment":[{"href":"https:\/\/www.mojevrijeme.hr\/magazin\/wp-json\/wp\/v2\/media?parent=109044"}],"wp:term":[{"taxonomy":"category","embeddable":true,"href":"https:\/\/www.mojevrijeme.hr\/magazin\/wp-json\/wp\/v2\/categories?post=109044"},{"taxonomy":"post_tag","embeddable":true,"href":"https:\/\/www.mojevrijeme.hr\/magazin\/wp-json\/wp\/v2\/tags?post=109044"}],"curies":[{"name":"wp","href":"https:\/\/api.w.org\/{rel}","templated":true}]}}