{"id":10909,"date":"2017-10-31T09:15:58","date_gmt":"2017-10-31T08:15:58","guid":{"rendered":"http:\/\/www.mojevrijeme.hr\/magazin\/?p=10909"},"modified":"2023-05-14T13:09:02","modified_gmt":"2023-05-14T11:09:02","slug":"majka-98-uselila-u-staracki-dom-kako-bi-brinula-o-sinu-80","status":"publish","type":"post","link":"https:\/\/www.mojevrijeme.hr\/magazin\/2017\/10\/majka-98-uselila-u-staracki-dom-kako-bi-brinula-o-sinu-80\/","title":{"rendered":"Majka (98) uselila u stara\u010dki dom kako bi brinula o sinu (80)"},"content":{"rendered":"<p>98-godi\u0161nja <strong>Ada Keating<\/strong> preselila se u stara\u010dki dom kako bi mogla brinuti za svog 80-godi\u0161njeg sina<strong> Toma<\/strong>\u00a0koji tako\u0111er \u017eivi u domu. Njih dvoje su uvijek \u017eivjeli zajedno jer se gospo\u0111a Ada nikad nije udavala. On se 2016. godine preselio u stara\u010dki dom Moss View Care Home u Liverpoolu u Velikoj Britaniji jer mu je zbog bolesti trebala bolja skrb i njega. Njegova majka preselila se u isti dom godinu dana kasnije kako bi mogla brinuti za svojeg najstarijeg sina, javlja <a href=\"http:\/\/www.liverpoolecho.co.uk\/news\/liverpool-news\/mum-aged-98-moves-care-13825533\">Liverpool Reporter<\/a>.<\/p>\n<p>\u201eSvake ve\u010deri do\u0111em u Tomovu sobu da mu po\u017eelim laku no\u0107\u201c, ka\u017ee Ada, ina\u010de umirovljena medicinska sestra. \u201eKad me ugleda, \u0161irom ra\u0161iri ruke i zagrli me. \u017dena nikad ne prestaje biti mama.\u201c<\/p>\n<p>Tom, koji je prije radio kao li\u010dilac i dekorater, ka\u017ee da je jeko sretan \u0161to njegova majka \u017eivi zajedno s njim u domu.<\/p><div id=\"mojev-215214768\" class=\"mojev-u-tekstu mojev-entity-placement\" style=\"margin-left: auto;margin-right: auto;text-align: center;\"><div class=\"mojev-adlabel\">oglas<\/div><div style=\"height: 250px;\"><script async src=\"https:\/\/pagead2.googlesyndication.com\/pagead\/js\/adsbygoogle.js?client=ca-pub-8106111766207173\"\r\n     crossorigin=\"anonymous\"><\/script>\r\n<!-- Prikazni 1 u tekstu -->\r\n<ins class=\"adsbygoogle\"\r\n     style=\"display:block\"\r\n     data-ad-client=\"ca-pub-8106111766207173\"\r\n     data-ad-slot=\"8535551207\"\r\n     data-ad-format=\"auto\"\r\n     data-full-width-responsive=\"true\"><\/ins>\r\n<script>\r\n     (adsbygoogle = window.adsbygoogle || []).push({});\r\n<\/script><\/div><\/div><br style=\"clear: both; display: block; float: none;\"\/>\n<p>\u201eLijepo mi je ovdje pogotovo otkako je mama do\u0161la pa je mogu vi\u0111ati svaki dan\u201c, ka\u017ee Tom.<\/p>\n<p>Pogledajte video:<\/p>\n<p><iframe loading=\"lazy\" src=\"\/\/players.brightcove.net\/4221396001\/r1mPWQ7cg_default\/index.html?videoId=5629088203001&amp;applicationId=LIVERPOOLECHO%20Embed%20Offsite&amp;referrerUrl=http%3A%2F%2Fwww.liverpoolecho.co.uk%2Fnews%2Fliverpool-news%2Fmum-aged-98-moves-care-13825533&amp;ttID=5629088203001&amp;plID=r1mPWQ7cg&amp;publisherId=4221396001&amp;videoTitle=Ada%20who%20is%2098%20looks%20after%20her%20son%20who%20is%2080-years-old&amp;videoPublishedDate=2017-10-29T12%3A46%3A41Z&amp;adUnitId=%2F5293%2Fliverpoolecho.co.uk%2Fnews%2Fliverpool-news&amp;correlator=1509314443119&amp;token=\" width=\"640px\" height=\"360px\" frameborder=\"0\" allowfullscreen=\"allowfullscreen\"><\/iframe><\/p>\n<div id=\"mojev-3562159113\" class=\"mojev-kraj-teksta mojev-entity-placement\" style=\"margin-bottom: 20px;margin-left: auto;margin-right: auto;text-align: center;\"><div class=\"mojev-adlabel\">oglas<\/div><div style=\"height: 250px;\"><script async src=\"https:\/\/pagead2.googlesyndication.com\/pagead\/js\/adsbygoogle.js?client=ca-pub-8106111766207173\"\r\n     crossorigin=\"anonymous\"><\/script>\r\n<!-- Display-1 -->\r\n<ins class=\"adsbygoogle\"\r\n     style=\"display:block\"\r\n     data-ad-client=\"ca-pub-8106111766207173\"\r\n     data-ad-slot=\"1465712950\"\r\n     data-ad-format=\"auto\"\r\n     data-full-width-responsive=\"true\"><\/ins>\r\n<script>\r\n     (adsbygoogle = window.adsbygoogle || []).push({});\r\n<\/script><\/div><\/div>","protected":false},"excerpt":{"rendered":"<p>Dvoje supru\u017enika koji zajedno \u017eive u domu umirovljenika nisu nikakva rijetkost. No situacija iz Liverpoola u Velikoj Britaniji doista jest neobi\u010dna. Naime, u jednom tamo\u0161njem domu zajedno \u017eive majka i sin. &#8220;Do\u0161la sam kako bih se brinula o njemu&#8221;, ka\u017ee 98-godi\u0161nja Ada. <\/p>\n","protected":false},"author":4,"featured_media":10920,"comment_status":"closed","ping_status":"closed","sticky":false,"template":"","format":"standard","meta":{"footnotes":""},"categories":[2],"tags":[945,198,97],"class_list":["post-10909","post","type-post","status-publish","format-standard","has-post-thumbnail","hentry","category-mozaik","tag-majke","tag-obitelj","tag-umirovljenicki-dom"],"_links":{"self":[{"href":"https:\/\/www.mojevrijeme.hr\/magazin\/wp-json\/wp\/v2\/posts\/10909","targetHints":{"allow":["GET"]}}],"collection":[{"href":"https:\/\/www.mojevrijeme.hr\/magazin\/wp-json\/wp\/v2\/posts"}],"about":[{"href":"https:\/\/www.mojevrijeme.hr\/magazin\/wp-json\/wp\/v2\/types\/post"}],"author":[{"embeddable":true,"href":"https:\/\/www.mojevrijeme.hr\/magazin\/wp-json\/wp\/v2\/users\/4"}],"replies":[{"embeddable":true,"href":"https:\/\/www.mojevrijeme.hr\/magazin\/wp-json\/wp\/v2\/comments?post=10909"}],"version-history":[{"count":0,"href":"https:\/\/www.mojevrijeme.hr\/magazin\/wp-json\/wp\/v2\/posts\/10909\/revisions"}],"wp:featuredmedia":[{"embeddable":true,"href":"https:\/\/www.mojevrijeme.hr\/magazin\/wp-json\/wp\/v2\/media\/10920"}],"wp:attachment":[{"href":"https:\/\/www.mojevrijeme.hr\/magazin\/wp-json\/wp\/v2\/media?parent=10909"}],"wp:term":[{"taxonomy":"category","embeddable":true,"href":"https:\/\/www.mojevrijeme.hr\/magazin\/wp-json\/wp\/v2\/categories?post=10909"},{"taxonomy":"post_tag","embeddable":true,"href":"https:\/\/www.mojevrijeme.hr\/magazin\/wp-json\/wp\/v2\/tags?post=10909"}],"curies":[{"name":"wp","href":"https:\/\/api.w.org\/{rel}","templated":true}]}}