{"id":109455,"date":"2024-06-27T15:28:40","date_gmt":"2024-06-27T13:28:40","guid":{"rendered":"https:\/\/www.mojevrijeme.hr\/magazin\/?p=109455"},"modified":"2024-06-27T15:32:56","modified_gmt":"2024-06-27T13:32:56","slug":"otvorena-prva-jadranska-plaza-za-muslimanke-u-hidzabu","status":"publish","type":"post","link":"https:\/\/www.mojevrijeme.hr\/magazin\/2024\/06\/otvorena-prva-jadranska-plaza-za-muslimanke-u-hidzabu\/","title":{"rendered":"Otvorena je prva jadranska pla\u017ea za muslimanke u hid\u017eabu"},"content":{"rendered":"\n<p>U Ulcinju je nedavno otvoren dio pla\u017ee Pearl Beach koji je namijenjen isklju\u010divo muslimankama koje nose tradicionalno vjersko pokrivalo za glavu &#8211; hid\u017eab.<\/p>\n\n\n\n<p>Pla\u017ea je zatvorenog tipa kako bi se omogu\u0107ilo muslimankama da u\u017eivaju bez straha od predrasuda i ne\u017eeljenih pogleda. Postavljeno je 20-ak le\u017ealjki, a za\u0161tita privatnosti posjetiteljica je prioritet. U svijetu postoji nekoliko sli\u010dnih pla\u017ea u razli\u010ditim zemljama, a koje omogu\u0107uju ljetnu zabavu u skladu s vjerskim uvjerenjima.<\/p>\n\n\n\n<p>Posjetitelji trebaju po\u0161tovati pravila i obi\u010daje tog prostora, poru\u010duju iz Perl Beacha. S obzirom da je Ulcinj va\u017enu crnogorsko turisti\u010dko sredi\u0161te, pla\u017ea namijenjena \u017eenama s hid\u017eabom \u0107e doprinijeti njegovoj inkluzivnosti.<\/p><div id=\"mojev-2481902266\" class=\"mojev-u-tekstu mojev-entity-placement\" style=\"margin-left: auto;margin-right: auto;text-align: center;\"><div class=\"mojev-adlabel\">oglas<\/div><div style=\"height: 250px;\"><script async src=\"https:\/\/pagead2.googlesyndication.com\/pagead\/js\/adsbygoogle.js?client=ca-pub-8106111766207173\"\r\n     crossorigin=\"anonymous\"><\/script>\r\n<!-- Prikazni 1 u tekstu -->\r\n<ins class=\"adsbygoogle\"\r\n     style=\"display:block\"\r\n     data-ad-client=\"ca-pub-8106111766207173\"\r\n     data-ad-slot=\"8535551207\"\r\n     data-ad-format=\"auto\"\r\n     data-full-width-responsive=\"true\"><\/ins>\r\n<script>\r\n     (adsbygoogle = window.adsbygoogle || []).push({});\r\n<\/script><\/div><\/div><br style=\"clear: both; display: block; float: none;\"\/>\n\n\n\n<p>U islamu je hid\u017eab shva\u0107en kao &#8220;\u0161tit&#8221; svake muslimanke, kojim \u017eene pokrivaju svoje tijelo i sve osim lica i \u0161aka, \u010dime se brane od ne\u017eeljenih pogleda mu\u0161karaca. Hid\u017eabi prilago\u0111eni za pla\u017eu ve\u0107 su neko vrijeme prisutni na tr\u017ei\u0161tu, a brojne modne linije specijalizirane su za \u017eene koje po\u0161tuju ovu tradiciju.<\/p>\n<div id=\"mojev-1985006426\" class=\"mojev-kraj-teksta mojev-entity-placement\" style=\"margin-bottom: 20px;margin-left: auto;margin-right: auto;text-align: center;\"><div class=\"mojev-adlabel\">oglas<\/div><div style=\"height: 250px;\"><script async src=\"https:\/\/pagead2.googlesyndication.com\/pagead\/js\/adsbygoogle.js?client=ca-pub-8106111766207173\"\r\n     crossorigin=\"anonymous\"><\/script>\r\n<!-- Display-1 -->\r\n<ins class=\"adsbygoogle\"\r\n     style=\"display:block\"\r\n     data-ad-client=\"ca-pub-8106111766207173\"\r\n     data-ad-slot=\"1465712950\"\r\n     data-ad-format=\"auto\"\r\n     data-full-width-responsive=\"true\"><\/ins>\r\n<script>\r\n     (adsbygoogle = window.adsbygoogle || []).push({});\r\n<\/script><\/div><\/div>","protected":false},"excerpt":{"rendered":"<p>Hid\u017eab je tradicionalna islamska odje\u0107a koja pokriva kosu, vrat i ramena \u017eena, dok lice mo\u017ee ostati otkriveno.<\/p>\n","protected":false},"author":1,"featured_media":109457,"comment_status":"closed","ping_status":"closed","sticky":false,"template":"","format":"standard","meta":{"footnotes":""},"categories":[9],"tags":[1339,102,1872,1838],"class_list":["post-109455","post","type-post","status-publish","format-standard","has-post-thumbnail","hentry","category-vijesti","tag-crna-gora","tag-jadran","tag-muslimani","tag-plaza"],"_links":{"self":[{"href":"https:\/\/www.mojevrijeme.hr\/magazin\/wp-json\/wp\/v2\/posts\/109455","targetHints":{"allow":["GET"]}}],"collection":[{"href":"https:\/\/www.mojevrijeme.hr\/magazin\/wp-json\/wp\/v2\/posts"}],"about":[{"href":"https:\/\/www.mojevrijeme.hr\/magazin\/wp-json\/wp\/v2\/types\/post"}],"author":[{"embeddable":true,"href":"https:\/\/www.mojevrijeme.hr\/magazin\/wp-json\/wp\/v2\/users\/1"}],"replies":[{"embeddable":true,"href":"https:\/\/www.mojevrijeme.hr\/magazin\/wp-json\/wp\/v2\/comments?post=109455"}],"version-history":[{"count":0,"href":"https:\/\/www.mojevrijeme.hr\/magazin\/wp-json\/wp\/v2\/posts\/109455\/revisions"}],"wp:featuredmedia":[{"embeddable":true,"href":"https:\/\/www.mojevrijeme.hr\/magazin\/wp-json\/wp\/v2\/media\/109457"}],"wp:attachment":[{"href":"https:\/\/www.mojevrijeme.hr\/magazin\/wp-json\/wp\/v2\/media?parent=109455"}],"wp:term":[{"taxonomy":"category","embeddable":true,"href":"https:\/\/www.mojevrijeme.hr\/magazin\/wp-json\/wp\/v2\/categories?post=109455"},{"taxonomy":"post_tag","embeddable":true,"href":"https:\/\/www.mojevrijeme.hr\/magazin\/wp-json\/wp\/v2\/tags?post=109455"}],"curies":[{"name":"wp","href":"https:\/\/api.w.org\/{rel}","templated":true}]}}